{"id":30011,"date":"2025-05-26T16:49:17","date_gmt":"2025-05-26T19:49:17","guid":{"rendered":"https:\/\/diariotribuna.com.br\/?p=30011"},"modified":"2025-05-26T16:49:17","modified_gmt":"2025-05-26T19:49:17","slug":"quando-o-conhecimento-transforma-realidades","status":"publish","type":"post","link":"https:\/\/diariotribuna.com.br\/?p=30011","title":{"rendered":"Quando o conhecimento transforma realidades\u00a0"},"content":{"rendered":"<p class=\"MsoNormal\"><span>FAEMG SENAR | Divulga\u00e7\u00e3o<\/span><\/p>\n<p><span><\/span><span><\/span><span><\/span><span><\/span><\/p>\n<p><em>Por Ant\u00f4nio Pitangui de Salvo, engenheiro agr\u00f4nomo e presidente da Federa\u00e7\u00e3o da Agricultura e Pecu\u00e1ria do Estado de Minas Gerais<\/em><\/p>\n<p>O acesso ao <strong>conhecimento e \u00e0 informa\u00e7\u00e3o<\/strong> \u00e9 uma das mais poderosas ferramentas de <strong>transforma\u00e7\u00e3o social<\/strong>. A <strong>qualifica\u00e7\u00e3o profissional amplia oportunidades, reduz desigualdades e tem o potencial de impulsionar comunidades inteiras<\/strong>, promovendo aumento de renda e melhoria na qualidade de vida.<\/p>\n<p>Essa realidade se aplica, tamb\u00e9m, ao <strong>meio rural<\/strong>. A <strong>agropecu\u00e1ria brasileira vive um processo cont\u00ednuo de moderniza\u00e7\u00e3o<\/strong>, baseado no uso estrat\u00e9gico de <strong>tecnologia e gest\u00e3o eficiente<\/strong>. Para que essa transforma\u00e7\u00e3o alcance todos os cantos do pa\u00eds, \u00e9 fundamental o trabalho de institui\u00e7\u00f5es que <strong>democratizam o acesso ao saber<\/strong>. Nesse contexto, o <strong>Sistema FAEMG Senar<\/strong> tem desempenhado um papel essencial, <strong>contribuindo diretamente para o desenvolvimento dos campos mineiros<\/strong>.<\/p>\n<p>Um dos pilares dessa atua\u00e7\u00e3o \u00e9 o <strong>Programa de Assist\u00eancia T\u00e9cnica e Gerencial (ATeG)<\/strong>, que se consolida como <strong>um verdadeiro agente de mudan\u00e7a para a agropecu\u00e1ria de Minas Gerais<\/strong>. Unindo <strong>capacita\u00e7\u00e3o t\u00e9cnica e orienta\u00e7\u00e3o personalizada<\/strong>, o programa oferece aos produtores \u2014 especialmente <strong>pequenos e m\u00e9dios<\/strong> \u2014 as ferramentas necess\u00e1rias para que <strong>cres\u00e7am com mais autonomia, produtividade e efici\u00eancia<\/strong>.<\/p>\n<p>E os <strong>resultados s\u00e3o concretos.<\/strong> Para avaliar o impacto do ATeG, contratamos uma consultoria que realizou um <strong>estudo estat\u00edstico aprofundado<\/strong>, focado nas duas cadeias produtivas mais representativas de Minas Gerais: <strong>leite e caf\u00e9<\/strong>, nas quais somos <strong>l\u00edderes nacionais<\/strong>.<\/p>\n<p>No <strong>leite<\/strong>, com cerca de <strong>5 mil propriedades acompanhadas<\/strong>, os dados apontaram:<\/p>\n<p><strong>+11,15% na produ\u00e7\u00e3o m\u00e9dia por propriedade<\/strong><\/p>\n<p><strong>+5,8% na produtividade por vaca<\/strong><\/p>\n<p><strong>+20% na margem bruta ajustada<\/strong><\/p>\n<p>Na <strong>cafeicultura<\/strong>, os n\u00fameros tamb\u00e9m impressionam. Em <strong>3.622 propriedades<\/strong>, os resultados foram:<\/p>\n<p><strong>+28% na produtividade m\u00e9dia<\/strong><\/p>\n<p><strong>+26% na produ\u00e7\u00e3o total<\/strong><\/p>\n<p><strong>-40% no custo operacional por hectare<\/strong><\/p>\n<p>Hoje, o ATeG est\u00e1 presente em <strong>54 mil hectares de lavouras de caf\u00e9 no estado<\/strong>, com uma produ\u00e7\u00e3o estimada em <strong>1,7 milh\u00e3o de sacas por ano<\/strong>, movimentando cerca de <strong>R$ 4,2 bilh\u00f5es<\/strong>. <strong>S\u00e3o resultados que v\u00e3o al\u00e9m da porteira, gerando impacto direto na economia mineira.<\/strong><\/p>\n<p>Se hoje a <strong>agropecu\u00e1ria mineira supera at\u00e9 a minera\u00e7\u00e3o em import\u00e2ncia econ\u00f4mica<\/strong>, isso se deve, em grande parte, ao <strong>trabalho t\u00e9cnico, comprometido e transformador do Senar Minas e de programas como o ATeG<\/strong>. Desde <strong>2016<\/strong>, foram mais de <strong>38 mil propriedades beneficiadas<\/strong>, e <strong>somente em 2025<\/strong>, a expectativa \u00e9 alcan\u00e7ar <strong>cerca de 25 mil propriedades em todo o estado<\/strong>.<\/p>\n\n<p><strong>Nos orgulhamos do ATeG em Minas Gerais.<\/strong> Sabemos que <strong>todo investimento feito no programa se traduz em resultados concretos.<\/strong> Que os mineiros tamb\u00e9m se orgulhem da nossa agropecu\u00e1ria e sigam acreditando que <strong>conhecimento, gest\u00e3o e inova\u00e7\u00e3o s\u00e3o os caminhos para garantir um futuro mais produtivo, sustent\u00e1vel e pr\u00f3spero \u2014 no campo e fora dele.<\/strong><\/p>\n<p>\u00a0<\/p>","protected":false},"excerpt":{"rendered":"<p>FAEMG SENAR | Divulga\u00e7\u00e3o Por Ant\u00f4nio Pitangui de Salvo, engenheiro agr\u00f4nomo e presidente da Federa\u00e7\u00e3o da Agricultura e Pecu\u00e1ria do Estado de Minas Gerais O acesso ao conhecimento e \u00e0 informa\u00e7\u00e3o \u00e9 uma das mais poderosas ferramentas de transforma\u00e7\u00e3o social. A qualifica\u00e7\u00e3o profissional amplia oportunidades, reduz desigualdades e tem o potencial de impulsionar comunidades inteiras, [&hellip;]<\/p>\n","protected":false},"author":0,"featured_media":30012,"comment_status":"open","ping_status":"open","sticky":false,"template":"","format":"standard","meta":{"rop_custom_images_group":[],"rop_custom_messages_group":[],"rop_publish_now":"initial","rop_publish_now_accounts":[],"rop_publish_now_history":[],"rop_publish_now_status":"pending","footnotes":""},"categories":[6745],"tags":[],"class_list":["post-30011","post","type-post","status-publish","format-standard","has-post-thumbnail","hentry","category-coluna-sindijori"],"_links":{"self":[{"href":"https:\/\/diariotribuna.com.br\/index.php?rest_route=\/wp\/v2\/posts\/30011"}],"collection":[{"href":"https:\/\/diariotribuna.com.br\/index.php?rest_route=\/wp\/v2\/posts"}],"about":[{"href":"https:\/\/diariotribuna.com.br\/index.php?rest_route=\/wp\/v2\/types\/post"}],"replies":[{"embeddable":true,"href":"https:\/\/diariotribuna.com.br\/index.php?rest_route=%2Fwp%2Fv2%2Fcomments&post=30011"}],"version-history":[{"count":0,"href":"https:\/\/diariotribuna.com.br\/index.php?rest_route=\/wp\/v2\/posts\/30011\/revisions"}],"wp:featuredmedia":[{"embeddable":true,"href":"https:\/\/diariotribuna.com.br\/index.php?rest_route=\/wp\/v2\/media\/30012"}],"wp:attachment":[{"href":"https:\/\/diariotribuna.com.br\/index.php?rest_route=%2Fwp%2Fv2%2Fmedia&parent=30011"}],"wp:term":[{"taxonomy":"category","embeddable":true,"href":"https:\/\/diariotribuna.com.br\/index.php?rest_route=%2Fwp%2Fv2%2Fcategories&post=30011"},{"taxonomy":"post_tag","embeddable":true,"href":"https:\/\/diariotribuna.com.br\/index.php?rest_route=%2Fwp%2Fv2%2Ftags&post=30011"}],"curies":[{"name":"wp","href":"https:\/\/api.w.org\/{rel}","templated":true}]}}