{"id":30013,"date":"2025-05-27T11:32:33","date_gmt":"2025-05-27T14:32:33","guid":{"rendered":"https:\/\/diariotribuna.com.br\/?p=30013"},"modified":"2025-05-27T11:32:33","modified_gmt":"2025-05-27T14:32:33","slug":"expoleste-tem-resultado-positivo","status":"publish","type":"post","link":"https:\/\/diariotribuna.com.br\/?p=30013","title":{"rendered":"Expoleste tem resultado positivo\u00a0"},"content":{"rendered":"<p><em><span>Foto: Ramalho Dias\/Divulga\u00e7\u00e3o<\/span><\/em><\/p>\n<p><strong><span>COLUNA MG<\/span><\/strong><br \/><span>Principais destaques dos jornais e portais integrantes da rede Sindijori MG <\/span><br \/><span><a href=\"http:\/\/www.sindijorimg.com.br\/\">www.sindijorimg.com.br<\/a><\/span><\/p>\n<p><strong><span>Expoleste tem resultado positivo<\/span><\/strong><br \/><span>A Expoleste 2025 foi um sucesso em todos os sentidos. Durante cinco dias de intensa programa\u00e7\u00e3o, o Centro de Feiras e Eventos da Univale se transformou no principal ponto de encontro entre marcas, empreendedores, institui\u00e7\u00f5es e consumidores de todo o Leste de Minas. A feira recebeu milhares de visitantes e movimentou setores estrat\u00e9gicos da economia, consolidando sua 21\u00aa edi\u00e7\u00e3o como uma das mais completas, bem estruturadas e representativas da sua hist\u00f3ria. Com quase 200 expositores e ampla diversidade de segmentos \u2014 do com\u00e9rcio \u00e0 constru\u00e7\u00e3o civil, da tecnologia ao turismo \u2014, a feira promoveu conex\u00f5es valiosas, apresentou tend\u00eancias, lan\u00e7ou produtos, fortaleceu marcas e gerou neg\u00f3cios. (Jornal da Cidade \u2013 Governador Valadares<\/span><br \/><span><a href=\"https:\/\/jornaldacidadegv.com.br\/expoleste-2025\/expoleste-2025-consagra-sua-21a-edicao-e-reafirma-valadares-como-centro-de-negocios-e-desenvolvimento-regional\/\">https:\/\/jornaldacidadegv.com.br\/expoleste-2025\/expoleste-2025-consagra-sua-21a-edicao-e-reafirma-valadares-como-centro-de-negocios-e-desenvolvimento-regional\/<\/a><\/span><\/p>\n<p><strong><span>Nova r\u00e1dio estreia em BH<\/span><\/strong><br \/><span>Belo Horizonte ganhou a 98 News (103.3 FM), a primeira r\u00e1dio 100% dedicada a not\u00edcias em Minas Gerais, lan\u00e7ada pela Rede 98\/Grupo Bel. Com programa\u00e7\u00e3o jornal\u00edstica 24 horas por dia em formato multiplataforma, a nova r\u00e1dio conta com uma equipe de 20 jornalistas experientes e traz uma cobertura ampla, com foco em pol\u00edtica, economia, cultura, inova\u00e7\u00e3o e entretenimento. A 98 News estar\u00e1 presente tamb\u00e9m no YouTube, redes sociais e plataformas de streaming, enquanto a tradicional 98 FM (98.3 FM) manter\u00e1 seu perfil voltado para entretenimento, esportes e m\u00fasica. (Cidade Conecta \u2013 Nova Lima)<\/span><br \/><span><a href=\"https:\/\/www.cidadeconecta.com\/noticias\/nova-radio-com-100-de-noticias-estreia-em-bh\/\">https:\/\/www.cidadeconecta.com\/noticias\/nova-radio-com-100-de-noticias-estreia-em-bh\/<\/a><\/span><\/p>\n<p><strong><span>432 fam\u00edlias ter\u00e3o moradias<\/span><\/strong><br \/><span>A Prefeitura de Divin\u00f3polis divulgou nesta ter\u00e7a-feira (27) a lista preliminar das fam\u00edlias contempladas no \u2018Caminho para o Nosso Lar\u2019. O programa habitacional, em parceria com o Governo Federal por meio do \u2018Minha Casa Minha Vida\u2019, ir\u00e1 construir 432 apartamentos nos bairros Campina Verde e Santos Dumont. Ao todo, 562 fam\u00edlias, sendo 130 suplentes, foram selecionadas no Cadastro Habitacional do munic\u00edpio para an\u00e1lise de dados e verifica\u00e7\u00e3o das informa\u00e7\u00f5es declaradas no sistema. Essa etapa tem como objetivo conferir a elegibilidade e a caracteriza\u00e7\u00e3o das fam\u00edlias conforme os crit\u00e9rios estabelecidos pelo programa. (Porta MPA \u2013 Divin\u00f3polis)<\/span><br \/><span><a href=\"https:\/\/www.sistemampa.com.br\/noticias\/divinopolis\/prefeitura-de-divinopolis-divulga-lista-de-familias-contempladas-com-moradias-populares\/\">https:\/\/www.sistemampa.com.br\/noticias\/divinopolis\/prefeitura-de-divinopolis-divulga-lista-de-familias-contempladas-com-moradias-populares\/<\/a><\/span><\/p>\n<p><strong><span>Queimadas afetam 1,5 milh\u00e3o<\/span><\/strong><br \/><span>Em 2024, a Cemig registrou um recorde hist\u00f3rico de interrup\u00e7\u00f5es no fornecimento de energia el\u00e9trica em Minas Gerais devido a queimadas, afetando quase 1,5 milh\u00e3o de clientes em 1.240 ocorr\u00eancias, sete vezes mais que em 2023. As queimadas, em sua maioria provocadas por a\u00e7\u00f5es humanas, causam danos a equipamentos como postes e cabos, dificultam o restabelecimento do servi\u00e7o e afetam servi\u00e7os essenciais como hospitais e escolas. (Correio da Cidade \u2013 Conselheiro Lafaiete) <\/span><br \/><span><a href=\"https:\/\/jornalcorreiodacidade.com.br\/noticias\/41822-mais-de-1-milhao-de-clientes-da-cemig-foram-prejudicados-por-queimadas-em-2024\">https:\/\/jornalcorreiodacidade.com.br\/noticias\/41822-mais-de-1-milhao-de-clientes-da-cemig-foram-prejudicados-por-queimadas-em-2024<\/a><\/span><\/p>\n<p><strong><span>SL tem Projeto de mentorias<\/span><\/strong><br \/><span>Foi lan\u00e7ado em Sete Lagoas o Projeto Mentoria, mais um benef\u00edcio exclusivo que a Associa\u00e7\u00e3o Comercial e Industrial (ACI) formatou para seus associados. Mentores com grande experi\u00eancia oferecem a orienta\u00e7\u00e3o em cinco \u00e1reas de conhecimento para o associado desenvolver o seu neg\u00f3cio. Os segmentos oferecidos s\u00e3o: Finan\u00e7as, Administra\u00e7\u00e3o, Comercial, Jur\u00eddico e Gest\u00e3o de Pessoas. O evento reuniu associados para um painel onde os mentores falaram como a orienta\u00e7\u00e3o qualificada pode mudar o rumo de um neg\u00f3cio e responderam a perguntas. Associados que j\u00e1 participaram confirmam a efic\u00e1cia do projeto na resolu\u00e7\u00e3o de desafios na jornada empreendedora. (Sete Dias \u2013 Sete Lagoas)<\/span><br \/><span><a href=\"https:\/\/www.setedias.com.br\/projeto-de-mentorias-e-aposta-da-aci-para-alavancar-negocios-de-associados\/\">https:\/\/www.setedias.com.br\/projeto-de-mentorias-e-aposta-da-aci-para-alavancar-negocios-de-associados\/<\/a><\/span><\/p>\n<p><strong><span>Potencial de MG em Frankfurt <\/span><\/strong><br \/><span>Minas Gerais marcou presen\u00e7a na IMEX Frankfurt 2025, uma das maiores feiras globais, promovendo seu potencial tur\u00edstico, cultural, gastron\u00f4mico e de infraestrutura para eventos. Realizada entre os dias 20 e 22 de maio na Alemanha, a participa\u00e7\u00e3o do estado visou atrair investimentos e divulgar sua imagem como destino estrat\u00e9gico para congressos e viagens de incentivo. Com destaque para os produtos regionais, como o Queijo Canastra, Minas Gerais buscou ampliar seu networking e firmar novas parcerias comerciais, fortalecendo sua posi\u00e7\u00e3o no mercado global de turismo e eventos. (MG Turismo \u2013 Belo Horizonte)<\/span><br \/><span><a href=\"https:\/\/mgturismo.com.br\/minas-gerais-mostra-seu-potencial-turistico-e-de-eventos-ao-mundo-na-imex-frankfurt-2025\/\">https:\/\/mgturismo.com.br\/minas-gerais-mostra-seu-potencial-turistico-e-de-eventos-ao-mundo-na-imex-frankfurt-2025\/<\/a><\/span><\/p>\n<p><span><\/span><\/p>\n<p>\u00a0<\/p>","protected":false},"excerpt":{"rendered":"<p>Foto: Ramalho Dias\/Divulga\u00e7\u00e3o COLUNA MGPrincipais destaques dos jornais e portais integrantes da rede Sindijori MG www.sindijorimg.com.br Expoleste tem resultado positivoA Expoleste 2025 foi um sucesso em todos os sentidos. Durante cinco dias de intensa programa\u00e7\u00e3o, o Centro de Feiras e Eventos da Univale se transformou no principal ponto de encontro entre marcas, empreendedores, institui\u00e7\u00f5es e [&hellip;]<\/p>\n","protected":false},"author":0,"featured_media":30014,"comment_status":"open","ping_status":"open","sticky":false,"template":"","format":"standard","meta":{"rop_custom_images_group":[],"rop_custom_messages_group":[],"rop_publish_now":"initial","rop_publish_now_accounts":[],"rop_publish_now_history":[],"rop_publish_now_status":"pending","footnotes":""},"categories":[6745],"tags":[],"class_list":["post-30013","post","type-post","status-publish","format-standard","has-post-thumbnail","hentry","category-coluna-sindijori"],"_links":{"self":[{"href":"https:\/\/diariotribuna.com.br\/index.php?rest_route=\/wp\/v2\/posts\/30013"}],"collection":[{"href":"https:\/\/diariotribuna.com.br\/index.php?rest_route=\/wp\/v2\/posts"}],"about":[{"href":"https:\/\/diariotribuna.com.br\/index.php?rest_route=\/wp\/v2\/types\/post"}],"replies":[{"embeddable":true,"href":"https:\/\/diariotribuna.com.br\/index.php?rest_route=%2Fwp%2Fv2%2Fcomments&post=30013"}],"version-history":[{"count":0,"href":"https:\/\/diariotribuna.com.br\/index.php?rest_route=\/wp\/v2\/posts\/30013\/revisions"}],"wp:featuredmedia":[{"embeddable":true,"href":"https:\/\/diariotribuna.com.br\/index.php?rest_route=\/wp\/v2\/media\/30014"}],"wp:attachment":[{"href":"https:\/\/diariotribuna.com.br\/index.php?rest_route=%2Fwp%2Fv2%2Fmedia&parent=30013"}],"wp:term":[{"taxonomy":"category","embeddable":true,"href":"https:\/\/diariotribuna.com.br\/index.php?rest_route=%2Fwp%2Fv2%2Fcategories&post=30013"},{"taxonomy":"post_tag","embeddable":true,"href":"https:\/\/diariotribuna.com.br\/index.php?rest_route=%2Fwp%2Fv2%2Ftags&post=30013"}],"curies":[{"name":"wp","href":"https:\/\/api.w.org\/{rel}","templated":true}]}}