{"id":30015,"date":"2025-05-27T12:26:47","date_gmt":"2025-05-27T15:26:47","guid":{"rendered":"https:\/\/diariotribuna.com.br\/?p=30015"},"modified":"2025-05-27T12:26:47","modified_gmt":"2025-05-27T15:26:47","slug":"produtores-destaque-do-ateg-sao-premiados-na-fenamilho","status":"publish","type":"post","link":"https:\/\/diariotribuna.com.br\/?p=30015","title":{"rendered":"Produtores destaque do ATeG s\u00e3o premiados na Fenamilho\u00a0"},"content":{"rendered":"<p class=\"MsoNormal\"><span>FAEMG SENAR | Divulga\u00e7\u00e3o<\/span><\/p>\n<p><span><\/span><span><\/span><span><\/span><span><\/span><span><\/span><\/p>\n<p>O segundo fim de semana da <strong>Fenamilho 2025<\/strong>, em <strong>Patos de Minas<\/strong>, foi marcado por <strong>eventos de grande relev\u00e2ncia t\u00e9cnica<\/strong>, promovidos pelo <a href=\"https:\/\/www.sistemafaemg.org.br\/senar\"><strong>Sistema Faemg Senar<\/strong><\/a> e pelo <strong>Sindicato dos Produtores Rurais de Patos de Minas<\/strong>, com foco na <strong>capacita\u00e7\u00e3o e troca de experi\u00eancias<\/strong>. Al\u00e9m disso, foram <strong>premiados produtores rurais que se destacaram no Programa de Assist\u00eancia T\u00e9cnica e Gerencial (ATeG)<\/strong> na regional de Patos de Minas, bem como <strong>profissionais que conduziram as a\u00e7\u00f5es do programa<\/strong>.<\/p>\n<p>A cerim\u00f4nia destacou <strong>hist\u00f3rias de sucesso e resultados concretos<\/strong> alcan\u00e7ados por meio da metodologia ATeG, que promove o <strong>desenvolvimento sustent\u00e1vel, a gest\u00e3o eficiente e o aumento da competitividade no campo<\/strong>.<\/p>\n<h3><strong>Premiados:<\/strong><\/h3>\n<p><strong>Samuel Martins \u2013 ATeG Balde Cheio<\/strong><\/p>\n<p><strong>Wale Jos\u00e9 Fernandes \u2013 ATeG Bovinocultura de Corte<\/strong><\/p>\n<p><strong>Maria Soraia Guimar\u00e3es \u2013 ATeG Caf\u00e9 + Forte<\/strong><\/p>\n<p><strong>Nilda de Oliveira \u2013 ATeG Olericultura<\/strong><\/p>\n<p><strong>Donizetti Tom\u00e1z Rodrigues \u2013 T\u00e9cnico Destaque<\/strong><\/p>\n<p><strong>Wender Belchior Martins \u2013 Agente de Desenvolvimento Rural (ADR) Destaque<\/strong><\/p>\n<p><strong>Samuel Martins<\/strong> come\u00e7ou na atividade com poucos animais. Em <strong>2015<\/strong>, quase desistiu, mas em <strong>2019 retomou com for\u00e7a<\/strong>, e, em <strong>2022, iniciou no Programa ATeG<\/strong>.<\/p>\n<p>\u201cO ATeG trouxe uma <strong>mentalidade nova<\/strong> para a gente. O t\u00e9cnico nos ensinou a fazer uma <strong>gest\u00e3o bem organizada<\/strong>. Nos <strong>profissionalizamos com cursos do Senar em Ira\u00ed de Minas, junto com o Sindicato dos Produtores Rurais<\/strong>. Um ponto muito importante foi que <strong>melhoramos bastante a nossa gest\u00e3o<\/strong>. Tamb\u00e9m evolu\u00edmos no <strong>planejamento da produ\u00e7\u00e3o de forragens<\/strong>: antes <strong>faltava muita silagem<\/strong>, e agora conseguimos produzir silagem <strong>para um ano e meio \u00e0 frente<\/strong>. Al\u00e9m disso, <strong>passamos a usar insemina\u00e7\u00e3o artificial e adquirimos novos animais<\/strong>. Foi de <strong>muito proveito<\/strong>\u201d, destacou Samuel.<\/p>\n<p>\u201cNosso objetivo \u00e9 <strong>mostrar os principais resultados alcan\u00e7ados pelos t\u00e9cnicos de campo, supervisores e produtores<\/strong>, levando \u00e0 <strong>evolu\u00e7\u00e3o da atividade<\/strong>, como \u00e9 o caso do Samuel, que \u00e9 <strong>um exemplo de sucess\u00e3o familiar<\/strong>. Esse \u00e9 um dos <strong>pilares trabalhados pelo Sistema Faemg Senar<\/strong>, al\u00e9m da busca constante por <strong>melhor qualidade e rentabilidade<\/strong>\u201d, explicou o <strong>gerente de ATeG, Wender Guedes<\/strong>.<\/p>\n<p>O evento contou com a presen\u00e7a dos presidentes dos <strong>Sindicatos dos Produtores Rurais (SPR)<\/strong> de:<\/p>\n<p><strong>Patos de Minas \u2013 Cleides Queiroz de Melo J\u00fanior<\/strong><\/p>\n<p><strong>Chapada Ga\u00facha \u2013 Carlos Alberto Maier<\/strong><\/p>\n<p><strong>Ira\u00ed de Minas \u2013 Paulo Alves Cardoso<\/strong><\/p>\n<p><strong>Lagoa Formosa \u2013 Jos\u00e9 Luiz dos Reis<\/strong><\/p>\n<p><strong>Vazante \u2013 Mozart Alves de Lima<\/strong><\/p>\n<p>Tamb\u00e9m estiveram presentes os <strong>gerentes regionais do Sistema Faemg Senar<\/strong>, <strong>S\u00e9rgio Coelho (Patos de Minas)<\/strong> e <strong>Ricardo Tuller (Uberaba)<\/strong>.<\/p>\n<h2><strong>Palestras<\/strong><\/h2>\n<p>Com o objetivo de <strong>levar informa\u00e7\u00e3o atualizada aos produtores rurais<\/strong>, foram realizadas <strong>palestras sobre pecu\u00e1ria de corte e leite<\/strong>, proporcionando aos participantes uma <strong>vis\u00e3o estrat\u00e9gica do setor<\/strong>, al\u00e9m de um <strong>espa\u00e7o para di\u00e1logo direto com os especialistas<\/strong>.<\/p>\n<p>Durante as palestras, os produtores <strong>tiraram d\u00favidas, compartilharam desafios e buscaram solu\u00e7\u00f5es pr\u00e1ticas para aplica\u00e7\u00e3o no campo<\/strong>.<\/p>\n<p>O <strong>m\u00e9dico veterin\u00e1rio e consultor master do Sistema<\/strong>, <strong>Helv\u00e9cio Oliveira<\/strong>, conduziu a palestra <strong>\u201cMercado Pecu\u00e1rio e Oportunidades no Mercado de Corte\u201d<\/strong>, reunindo <strong>produtores, t\u00e9cnicos e estudantes<\/strong> em uma discuss\u00e3o aprofundada sobre <strong>dados de mercado, manejo e perspectivas da bovinocultura de corte<\/strong>.<\/p>\n<p>O <strong>presidente da Comiss\u00e3o T\u00e9cnica de Pecu\u00e1ria de Leite da Faemg<\/strong>, <strong>J\u00f4nadan Ma<\/strong>, apresentou um <strong>panorama atual e as perspectivas do mercado do leite<\/strong>.<\/p>\n\n<p>J\u00e1 o <strong>consultor master do ATeG Balde Cheio<\/strong>, <strong>Walter Miguel Ribeiro<\/strong>, trouxe reflex\u00f5es sobre <strong>gest\u00e3o e efici\u00eancia na produ\u00e7\u00e3o leiteira<\/strong>, com foco em <strong>boas pr\u00e1ticas, redu\u00e7\u00e3o de custos e aumento da produtividade<\/strong>.<\/p>\n<p>\u00a0<\/p>","protected":false},"excerpt":{"rendered":"<p>FAEMG SENAR | Divulga\u00e7\u00e3o O segundo fim de semana da Fenamilho 2025, em Patos de Minas, foi marcado por eventos de grande relev\u00e2ncia t\u00e9cnica, promovidos pelo Sistema Faemg Senar e pelo Sindicato dos Produtores Rurais de Patos de Minas, com foco na capacita\u00e7\u00e3o e troca de experi\u00eancias. Al\u00e9m disso, foram premiados produtores rurais que se [&hellip;]<\/p>\n","protected":false},"author":0,"featured_media":30016,"comment_status":"open","ping_status":"open","sticky":false,"template":"","format":"standard","meta":{"rop_custom_images_group":[],"rop_custom_messages_group":[],"rop_publish_now":"initial","rop_publish_now_accounts":[],"rop_publish_now_history":[],"rop_publish_now_status":"pending","footnotes":""},"categories":[6745],"tags":[],"class_list":["post-30015","post","type-post","status-publish","format-standard","has-post-thumbnail","hentry","category-coluna-sindijori"],"_links":{"self":[{"href":"https:\/\/diariotribuna.com.br\/index.php?rest_route=\/wp\/v2\/posts\/30015"}],"collection":[{"href":"https:\/\/diariotribuna.com.br\/index.php?rest_route=\/wp\/v2\/posts"}],"about":[{"href":"https:\/\/diariotribuna.com.br\/index.php?rest_route=\/wp\/v2\/types\/post"}],"replies":[{"embeddable":true,"href":"https:\/\/diariotribuna.com.br\/index.php?rest_route=%2Fwp%2Fv2%2Fcomments&post=30015"}],"version-history":[{"count":0,"href":"https:\/\/diariotribuna.com.br\/index.php?rest_route=\/wp\/v2\/posts\/30015\/revisions"}],"wp:featuredmedia":[{"embeddable":true,"href":"https:\/\/diariotribuna.com.br\/index.php?rest_route=\/wp\/v2\/media\/30016"}],"wp:attachment":[{"href":"https:\/\/diariotribuna.com.br\/index.php?rest_route=%2Fwp%2Fv2%2Fmedia&parent=30015"}],"wp:term":[{"taxonomy":"category","embeddable":true,"href":"https:\/\/diariotribuna.com.br\/index.php?rest_route=%2Fwp%2Fv2%2Fcategories&post=30015"},{"taxonomy":"post_tag","embeddable":true,"href":"https:\/\/diariotribuna.com.br\/index.php?rest_route=%2Fwp%2Fv2%2Ftags&post=30015"}],"curies":[{"name":"wp","href":"https:\/\/api.w.org\/{rel}","templated":true}]}}