{"id":30021,"date":"2025-05-27T20:25:58","date_gmt":"2025-05-27T23:25:58","guid":{"rendered":"https:\/\/diariotribuna.com.br\/?p=30021"},"modified":"2025-05-28T21:31:29","modified_gmt":"2025-05-29T00:31:29","slug":"teofilo-otoni-perdeu-o-professor-advogado-e-desportista-clayton-allan","status":"publish","type":"post","link":"https:\/\/diariotribuna.com.br\/?p=30021","title":{"rendered":"Te\u00f3filo Otoni perdeu o professor, advogado e desportista Clayton Allan"},"content":{"rendered":"\n<p><em><strong>Conhe\u00e7a a hist\u00f3ria de um pai e esposo dedicado, que deixou um legado na educa\u00e7\u00e3o, no direito e no esporte da cidade e regi\u00e3o<\/strong><\/em><\/p>\n\n\n\n<figure class=\"wp-block-image size-full is-resized\"><img loading=\"lazy\" decoding=\"async\" width=\"700\" height=\"661\" src=\"https:\/\/diariotribuna.com.br\/wp-content\/uploads\/2025\/05\/Imagem-do-WhatsApp-de-2025-05-24-as-14.48.58_be9c8d90.jpg\" alt=\"\" class=\"wp-image-30022\" style=\"width:387px;height:auto\" srcset=\"https:\/\/diariotribuna.com.br\/wp-content\/uploads\/2025\/05\/Imagem-do-WhatsApp-de-2025-05-24-as-14.48.58_be9c8d90.jpg 700w, https:\/\/diariotribuna.com.br\/wp-content\/uploads\/2025\/05\/Imagem-do-WhatsApp-de-2025-05-24-as-14.48.58_be9c8d90-300x283.jpg 300w, https:\/\/diariotribuna.com.br\/wp-content\/uploads\/2025\/05\/Imagem-do-WhatsApp-de-2025-05-24-as-14.48.58_be9c8d90-696x657.jpg 696w, https:\/\/diariotribuna.com.br\/wp-content\/uploads\/2025\/05\/Imagem-do-WhatsApp-de-2025-05-24-as-14.48.58_be9c8d90-445x420.jpg 445w\" sizes=\"(max-width: 700px) 100vw, 700px\" \/><\/figure>\n\n\n\n<div style=\"height:4px\" aria-hidden=\"true\" class=\"wp-block-spacer\"><\/div>\n\n\n\n<p>Faleceu na tarde de quinta-feira, 22 de maio, em Teixeira de Freitas\/BA, o professor, advogado e desportista Clayton Allan de Almeida Maciel, 78 anos. Nascido no Rio de Janeiro, filho de Allan Kardec Jorge Maciel e Maria da Luz de Almeida Maciel, nos idos de 1974 veio estudar Letras na FENORD, em Te\u00f3filo Otoni. Era morador de Vila Mathias, vinha e voltava com um grupo de estudantes daquela regi\u00e3o. \u00c9poca em que conheceu C\u00e9lia Maciel, que era estudante de Pedagogia. Se conheceram e rapidamente namoraram e se casaram.<\/p>\n\n\n\n<p>Com o apoio de Get\u00falio Neiva, teve seu primeiro emprego na cidade, no Jornal Tribuna, iniciando como vendedor de assinaturas, se tornando futuramente o bra\u00e7o direito do ex-prefeito, se envolvendo na pol\u00edtica de nossa cidade. Coordenou v\u00e1rias campanhas pol\u00edticas de presidente, governadores, deputados, prefeitos da direita. Quando assinou a dire\u00e7\u00e3o da SETAS-CAD, hoje SEDESE, por dois governos estaduais.<\/p>\n\n\n\n<figure class=\"wp-block-image size-full is-resized\"><img loading=\"lazy\" decoding=\"async\" width=\"700\" height=\"413\" src=\"https:\/\/diariotribuna.com.br\/wp-content\/uploads\/2025\/05\/Imagem-do-WhatsApp-de-2025-05-24-as-14.47.42_6c905100.jpg\" alt=\"\" class=\"wp-image-30023\" style=\"width:554px;height:auto\" srcset=\"https:\/\/diariotribuna.com.br\/wp-content\/uploads\/2025\/05\/Imagem-do-WhatsApp-de-2025-05-24-as-14.47.42_6c905100.jpg 700w, https:\/\/diariotribuna.com.br\/wp-content\/uploads\/2025\/05\/Imagem-do-WhatsApp-de-2025-05-24-as-14.47.42_6c905100-300x177.jpg 300w, https:\/\/diariotribuna.com.br\/wp-content\/uploads\/2025\/05\/Imagem-do-WhatsApp-de-2025-05-24-as-14.47.42_6c905100-696x411.jpg 696w\" sizes=\"(max-width: 700px) 100vw, 700px\" \/><figcaption class=\"wp-element-caption\"><strong>Dr. Clayton Allan com familiares<\/strong><\/figcaption><\/figure>\n\n\n\n<p>Incentivado pela esposa, fizeram o curso de direito tamb\u00e9m na FENORD, come\u00e7ando em seguida a advogar, \u00e1rea em que fez hist\u00f3ria na nossa cidade. Teve sua participa\u00e7\u00e3o no carnaval de Te\u00f3filo Otoni, \u00e0 frente da escola de samba Magnatas do Am\u00e9rica, e em bailes carnavalescos pelos clubes da nossa cidade como rei momo, posto herdado pelo seu filho L\u00e9o Tonelada.<\/p>\n\n\n\n<p>Sempre se envolveu com esporte, sendo que iniciou sua carreira na educa\u00e7\u00e3o como professor de educa\u00e7\u00e3o f\u00edsica. Esteve \u00e0 frente da antiga Pra\u00e7a de Esportes, no pleito do prefeito Get\u00falio Neiva, organizando v\u00e1rias edi\u00e7\u00f5es da saudosa&nbsp;Feira da Paz. Foi tamb\u00e9m Secret\u00e1rio Municipal de Esportes e Educa\u00e7\u00e3o no pleito do ex-prefeito Dr. Samir.<\/p>\n\n\n\n<p>Ainda no esporte, esteve \u00e0 frente do time de futebol do Am\u00e9rica e Santo Ant\u00f4nio. Idealizador do Torneio de ver\u00e3o, que movimentou o esporte da regi\u00e3o por mais de 20 anos. Apaixonado com fanfarras, sua presen\u00e7a foi marcante desde o extinto Col\u00e9gio Portugal, onde foi recebido com muito carinho pela Sr\u00aa. Adanyl Portugal, fechando com chave de ouro na Escola Municipal Sid\u00f4nio Otoni, sua carreira como educador, sempre exaltando sua paix\u00e3o pela zona norte&nbsp;da&nbsp;cidade.<\/p>\n\n\n\n<p>Trabalhou como radialista na rede tv Imigrantes e R\u00e1dio Mucuri, junto com seu amigo Joel Ferreira. Sua marca registrada, era uma boa cerveja gelada, o que levou por 8 vezes \u00e0 famosa Oktoberfest em Blumenau, sempre arrastando seus amigos e familiares Teofilotonenses para o evento. Seu jeito irreverente de rabo de cavalo e muito incisivo, mascaravam um cora\u00e7\u00e3o generoso e chor\u00e3o, que se emocionava facilmente, especialmente quando se tratava de fam\u00edlia.<\/p>\n\n\n\n<p>Prestou relevantes servi\u00e7os, como caus\u00eddico deixando sua marca registrada como criminalista em j\u00faris memor\u00e1veis, nunca deixando de estender as m\u00e3os dos que&nbsp;dele&nbsp;precisava. Escolheu a praiana cidade de Nova Vi\u00e7osa, para seus \u00faltimos 8 anos de vida, onde se dedicou fielmente \u00e0 igreja cat\u00f3lica, no Ter\u00e7o dos Homens, Apostolado, Devotos de Nossa Senhora e M\u00e3e Rainha, onde j\u00e1 havia se tornado muito popular.<\/p>\n\n\n\n<p>Mas nunca deixou de amar a sua Filad\u00e9lfia, onde recebeu t\u00edtulo de cidad\u00e3o honor\u00e1rio e passou a maior parte de sua vida, criando la\u00e7os de amizade memor\u00e1veis. Deixa a esposa C\u00e9lia Maciel, eterna diretora do Sid\u00f4nio Otoni, os 7 filhos, Sanderson Marcelo (Leo Tonelada), Cl\u00e1udia Fernanda, Georgia Allan, Allan Kardec, Cec\u00edlia Ol\u00edmpia, Cynthia Anaelita, Caren Cristina, 12 netos e uma bisneta a caminho. E um grande legado em&nbsp;nossa&nbsp;cidade. O corpo do Professor Clayton Allan foi velado no plen\u00e1rio da C\u00e2mara Municipal de Te\u00f3filo Otoni e sepultado no cemit\u00e9rio Vale das Flores. Aos familiares e amigos, nossos sentimentos por essa dolorosa perda.<\/p>\n","protected":false},"excerpt":{"rendered":"<p>Conhe\u00e7a a hist\u00f3ria de um pai e esposo dedicado, que deixou um legado na educa\u00e7\u00e3o, no direito e no esporte da cidade e regi\u00e3o Faleceu na tarde de quinta-feira, 22 de maio, em Teixeira de Freitas\/BA, o professor, advogado e desportista Clayton Allan de Almeida Maciel, 78 anos. Nascido no Rio de Janeiro, filho de [&hellip;]<\/p>\n","protected":false},"author":1,"featured_media":30022,"comment_status":"open","ping_status":"open","sticky":false,"template":"","format":"standard","meta":{"rop_custom_images_group":[],"rop_custom_messages_group":[],"rop_publish_now":"initial","rop_publish_now_accounts":[],"rop_publish_now_history":[],"rop_publish_now_status":"pending","footnotes":""},"categories":[19],"tags":[535,7173,399,75],"class_list":["post-30021","post","type-post","status-publish","format-standard","has-post-thumbnail","hentry","category-gerais","tag-advogado","tag-clayton-allan","tag-falecimento","tag-teofilo-otoni"],"_links":{"self":[{"href":"https:\/\/diariotribuna.com.br\/index.php?rest_route=\/wp\/v2\/posts\/30021"}],"collection":[{"href":"https:\/\/diariotribuna.com.br\/index.php?rest_route=\/wp\/v2\/posts"}],"about":[{"href":"https:\/\/diariotribuna.com.br\/index.php?rest_route=\/wp\/v2\/types\/post"}],"author":[{"embeddable":true,"href":"https:\/\/diariotribuna.com.br\/index.php?rest_route=\/wp\/v2\/users\/1"}],"replies":[{"embeddable":true,"href":"https:\/\/diariotribuna.com.br\/index.php?rest_route=%2Fwp%2Fv2%2Fcomments&post=30021"}],"version-history":[{"count":1,"href":"https:\/\/diariotribuna.com.br\/index.php?rest_route=\/wp\/v2\/posts\/30021\/revisions"}],"predecessor-version":[{"id":30024,"href":"https:\/\/diariotribuna.com.br\/index.php?rest_route=\/wp\/v2\/posts\/30021\/revisions\/30024"}],"wp:featuredmedia":[{"embeddable":true,"href":"https:\/\/diariotribuna.com.br\/index.php?rest_route=\/wp\/v2\/media\/30022"}],"wp:attachment":[{"href":"https:\/\/diariotribuna.com.br\/index.php?rest_route=%2Fwp%2Fv2%2Fmedia&parent=30021"}],"wp:term":[{"taxonomy":"category","embeddable":true,"href":"https:\/\/diariotribuna.com.br\/index.php?rest_route=%2Fwp%2Fv2%2Fcategories&post=30021"},{"taxonomy":"post_tag","embeddable":true,"href":"https:\/\/diariotribuna.com.br\/index.php?rest_route=%2Fwp%2Fv2%2Ftags&post=30021"}],"curies":[{"name":"wp","href":"https:\/\/api.w.org\/{rel}","templated":true}]}}