{"id":30025,"date":"2025-05-28T09:32:22","date_gmt":"2025-05-28T12:32:22","guid":{"rendered":"https:\/\/diariotribuna.com.br\/?p=30025"},"modified":"2025-05-28T09:32:22","modified_gmt":"2025-05-28T12:32:22","slug":"sistema-participa-de-evento-mundial-de-saude-animal","status":"publish","type":"post","link":"https:\/\/diariotribuna.com.br\/?p=30025","title":{"rendered":"Sistema participa de evento mundial de sa\u00fade animal\u00a0"},"content":{"rendered":"<p class=\"MsoNormal\"><span>FAEMG SENAR | Divulga\u00e7\u00e3o<\/span><\/p>\n<p><span><\/span><span><\/span><span><\/span><span><\/span><span><\/span><\/p>\n<p>O <a href=\"https:\/\/www.sistemafaemg.org.br\/senar\"><strong>Sistema Faemg Senar<\/strong><\/a> est\u00e1 presente na <strong>92\u00aa Sess\u00e3o Geral da Assembleia Mundial de Delegados da Organiza\u00e7\u00e3o Mundial de Sa\u00fade Animal (OMSA)<\/strong>, realizada de <strong>25 a 29 de maio, em Paris, na Fran\u00e7a<\/strong>. Considerado um dos principais f\u00f3runs globais sobre sanidade animal, o evento re\u00fane representantes de <strong>183 pa\u00edses<\/strong>, al\u00e9m de organiza\u00e7\u00f5es internacionais, especialistas e lideran\u00e7as do setor produtivo.<\/p>\n<p>Representando a agropecu\u00e1ria mineira, participa o <strong>gerente de Rela\u00e7\u00f5es Institucionais e Governamentais do Sistema Faemg Senar, Altino Rodrigues Neto<\/strong>. Integram tamb\u00e9m a comitiva de Minas Gerais o <strong>diretor t\u00e9cnico do Instituto Mineiro de Agropecu\u00e1ria (IMA), Andr\u00e9 Almeida Santos Duche<\/strong>, e o <strong>coordenador do Programa de Vigil\u00e2ncia da Febre Aftosa do IMA, Natanael Lamas Dias<\/strong>.<\/p>\n<p>\u201cEste \u00e9 um evento estrat\u00e9gico para debater os desafios e avan\u00e7os da sa\u00fade animal no mundo. \u00c9 aqui que ocorrem os reconhecimentos sanit\u00e1rios, e vivemos a expectativa do an\u00fancio do <strong>Brasil como pa\u00eds livre de febre aftosa sem vacina\u00e7\u00e3o<\/strong>. Al\u00e9m disso, acompanhamos debates fundamentais no semin\u00e1rio t\u00e9cnico sobre vacinas, com destaque para o desenvolvimento de imunizantes contra <strong>influenza avi\u00e1ria<\/strong> e <strong>tuberculose bovina<\/strong>. Participar deste espa\u00e7o \u00e9 essencial para alinharmos nossas a\u00e7\u00f5es \u00e0s tend\u00eancias globais, fortalecer parcerias e apresentar a for\u00e7a da pecu\u00e1ria brasileira no cen\u00e1rio internacional\u201d, destaca <strong>Altino Rodrigues<\/strong>.<\/p>\n<p>A <strong>abertura oficial<\/strong> ocorreu no domingo (<strong>25<\/strong>), na <strong>Maison de La Chimie<\/strong>, com a presen\u00e7a dos <strong>ministros da Agricultura de dezenas de pa\u00edses<\/strong>. Na cerim\u00f4nia, foram homenageados profissionais que se destacaram na atua\u00e7\u00e3o pela sa\u00fade animal, entre eles o <strong>fiscal federal agropecu\u00e1rio brasileiro Jamil Gomes de Souza<\/strong>, do <strong>Minist\u00e9rio da Agricultura e Pecu\u00e1ria (MAPA)<\/strong>.<\/p>\n<h2>Avan\u00e7os na sa\u00fade animal global<\/h2>\n<p>Ao longo dos <strong>cinco dias de evento<\/strong>, os delegados discutem e votam <strong>resolu\u00e7\u00f5es t\u00e9cnicas e administrativas<\/strong> que impactam diretamente a sanidade animal em escala global. Um dos destaques desta edi\u00e7\u00e3o \u00e9 o <strong>f\u00f3rum in\u00e9dito sobre vacinas e vacina\u00e7\u00e3o animal<\/strong>, que re\u00fane especialistas, setor privado e sociedade civil para debater solu\u00e7\u00f5es e estrat\u00e9gias de preven\u00e7\u00e3o de doen\u00e7as.<\/p>\n\n<p>A grande expectativa \u00e9 pela <strong>oficializa\u00e7\u00e3o, no encerramento, do reconhecimento internacional do Brasil como pa\u00eds livre de febre aftosa sem vacina\u00e7\u00e3o<\/strong> \u2014 uma <strong>conquista hist\u00f3rica<\/strong>, fruto de d\u00e9cadas de trabalho conjunto entre os setores p\u00fablico e privado. Esse avan\u00e7o abre portas para <strong>novos mercados<\/strong>, gera mais <strong>competitividade internacional<\/strong> e <strong>fortalece a pecu\u00e1ria de Minas Gerais e do Brasil<\/strong>.<\/p>\n<p>\u00a0<\/p>","protected":false},"excerpt":{"rendered":"<p>FAEMG SENAR | Divulga\u00e7\u00e3o O Sistema Faemg Senar est\u00e1 presente na 92\u00aa Sess\u00e3o Geral da Assembleia Mundial de Delegados da Organiza\u00e7\u00e3o Mundial de Sa\u00fade Animal (OMSA), realizada de 25 a 29 de maio, em Paris, na Fran\u00e7a. Considerado um dos principais f\u00f3runs globais sobre sanidade animal, o evento re\u00fane representantes de 183 pa\u00edses, al\u00e9m de [&hellip;]<\/p>\n","protected":false},"author":0,"featured_media":30026,"comment_status":"open","ping_status":"open","sticky":false,"template":"","format":"standard","meta":{"rop_custom_images_group":[],"rop_custom_messages_group":[],"rop_publish_now":"initial","rop_publish_now_accounts":[],"rop_publish_now_history":[],"rop_publish_now_status":"pending","footnotes":""},"categories":[6745],"tags":[],"class_list":["post-30025","post","type-post","status-publish","format-standard","has-post-thumbnail","hentry","category-coluna-sindijori"],"_links":{"self":[{"href":"https:\/\/diariotribuna.com.br\/index.php?rest_route=\/wp\/v2\/posts\/30025"}],"collection":[{"href":"https:\/\/diariotribuna.com.br\/index.php?rest_route=\/wp\/v2\/posts"}],"about":[{"href":"https:\/\/diariotribuna.com.br\/index.php?rest_route=\/wp\/v2\/types\/post"}],"replies":[{"embeddable":true,"href":"https:\/\/diariotribuna.com.br\/index.php?rest_route=%2Fwp%2Fv2%2Fcomments&post=30025"}],"version-history":[{"count":0,"href":"https:\/\/diariotribuna.com.br\/index.php?rest_route=\/wp\/v2\/posts\/30025\/revisions"}],"wp:featuredmedia":[{"embeddable":true,"href":"https:\/\/diariotribuna.com.br\/index.php?rest_route=\/wp\/v2\/media\/30026"}],"wp:attachment":[{"href":"https:\/\/diariotribuna.com.br\/index.php?rest_route=%2Fwp%2Fv2%2Fmedia&parent=30025"}],"wp:term":[{"taxonomy":"category","embeddable":true,"href":"https:\/\/diariotribuna.com.br\/index.php?rest_route=%2Fwp%2Fv2%2Fcategories&post=30025"},{"taxonomy":"post_tag","embeddable":true,"href":"https:\/\/diariotribuna.com.br\/index.php?rest_route=%2Fwp%2Fv2%2Ftags&post=30025"}],"curies":[{"name":"wp","href":"https:\/\/api.w.org\/{rel}","templated":true}]}}