{"id":30027,"date":"2025-05-28T11:38:44","date_gmt":"2025-05-28T14:38:44","guid":{"rendered":"https:\/\/diariotribuna.com.br\/?p=30027"},"modified":"2025-05-28T11:38:44","modified_gmt":"2025-05-28T14:38:44","slug":"varginha-lidera-exportacoes-em-minas","status":"publish","type":"post","link":"https:\/\/diariotribuna.com.br\/?p=30027","title":{"rendered":"Varginha lidera exporta\u00e7\u00f5es em Minas\u00a0"},"content":{"rendered":"<p><em><span>Foto: Reprodu\u00e7\u00e3o<\/span><\/em><\/p>\n<p><strong><span>COLUNA MG<\/span><\/strong><br \/><span>Principais destaques dos jornais e portais integrantes da rede Sindijori MG <\/span><br \/><span><a href=\"http:\/\/www.sindijorimg.com.br\/\">www.sindijorimg.com.br<\/a><\/span><\/p>\n<p><strong><span>Varginha lidera exporta\u00e7\u00f5es em Minas<\/span><\/strong><br \/><span>Varginha consolidou-se como a cidade de Minas Gerais com maior volume de exporta\u00e7\u00f5es no m\u00eas de abril de 2025, respondendo por 8,1% das vendas externas do estado. De acordo com o Secret\u00e1rio Executivo de Estado de Desenvolvimento Econ\u00f4mico, Bruno Ara\u00fajo, a cidade tem apresentado resultados expressivos neste in\u00edcio de ano. \u201cDe janeiro a abril de 2025, Varginha j\u00e1 exportou cerca de US$ 1 bilh\u00e3o, um crescimento de 86% em rela\u00e7\u00e3o ao mesmo per\u00edodo do ano passado\u201d, destacou. O caf\u00e9 \u00e9 o principal produto respons\u00e1vel pelo desempenho positivo, representando 26,4% do total exportado no per\u00edodo. (Gazeta de Varginha)<\/span><br \/><span><a href=\"https:\/\/www.gazetadevarginha.com.br\/post\/polo-industrial-e-estrat%C3%A9gico-varginha-supera-r-1-bilh%C3%A3o-em-exporta%C3%A7%C3%B5es-no-primeiro-quadrimestre\">https:\/\/www.gazetadevarginha.com.br\/post\/polo-industrial-e-estrat%C3%A9gico-varginha-supera-r-1-bilh%C3%A3o-em-exporta%C3%A7%C3%B5es-no-primeiro-quadrimestre<\/a><\/span><\/p>\n<p><strong><span>Munic\u00edpios v\u00e3o receber R$ 12 bilh\u00f5es<\/span><\/strong><br \/><span>O Minist\u00e9rio da Sa\u00fade anunciou, nesta ter\u00e7a-feira, 27, um repasse de R$ 12 bilh\u00f5es para os munic\u00edpios afetados pelo rompimento da barragem de Fund\u00e3o, em Mariana (MG), ocorrido em 2015. A trag\u00e9dia causou a morte de 19 pessoas, destruiu comunidades inteiras e contaminou a bacia do Rio Doce. Segundo o governo federal, os recursos integram o novo acordo de repara\u00e7\u00e3o pelos danos causados pelo desastre e ser\u00e3o direcionados ao fortalecimento do Sistema \u00danico de Sa\u00fade (SUS) em 49 cidades de Minas Gerais e do Esp\u00edrito Santo impactadas pelo colapso da barragem. (Por Dentro de Minas)<\/span><br \/><span><a href=\"https:\/\/pordentrodeminas.com.br\/noticias\/gerais\/2025\/05\/tragedia-de-mariana-municipios-receberao-r-12-bilhoes-para-acoes-na-saude-publica\/?utm_source=whatsapp&amp;utm_medium=Refer%C3%AAncia&amp;utm_term=gerais\">https:\/\/pordentrodeminas.com.br\/noticias\/gerais\/2025\/05\/tragedia-de-mariana-municipios-receberao-r-12-bilhoes-para-acoes-na-saude-publica\/?utm_source=whatsapp&amp;utm_medium=Refer%C3%AAncia&amp;utm_term=gerais<\/a><\/span><\/p>\n<p><strong><span>Po\u00e7os est\u00e1 entre as 10 mais felizes<\/span><\/strong><br \/><span>Po\u00e7os de Caldas foi reconhecida como a 7\u00aa cidade mais feliz de Minas Gerais em 2025, segundo o \u00cdndice de Felicidade Territorial, que adapta a metodologia da ONU ao contexto brasileiro. O estudo avaliou 12 dimens\u00f5es do bem-estar, como renda, sa\u00fade, educa\u00e7\u00e3o, apoio social, sustentabilidade e infraestrutura. As 6 primeiras colocadas, pela ordem: Nova Lima, Belo Horizonte, Caxambu, Uberl\u00e2ndia, Itajub\u00e1 e Lavras. Po\u00e7os se destacou pelo turismo sustent\u00e1vel, vitalidade econ\u00f4mica, apoio social e investimentos em espa\u00e7os p\u00fablicos, cultura e meio ambiente. (Jornal Mantiqueira \u2013 Po\u00e7os de Caldas)<\/span><br \/><span><a href=\"https:\/\/www.jornalmantiqueira.com.br\/2025\/05\/26\/pocos-esta-entre-as-10-cidades-mais-felizes-de-minas-em-2025-segundo-indice-baseado-em-modelo-da-onu\/\">https:\/\/www.jornalmantiqueira.com.br\/2025\/05\/26\/pocos-esta-entre-as-10-cidades-mais-felizes-de-minas-em-2025-segundo-indice-baseado-em-modelo-da-onu\/<\/a><\/span><\/p>\n<p><strong><span>Funk ser\u00e1 debatido em BH<\/span><\/strong><br \/><span>A C\u00e2mara Municipal de Belo Horizonte discutir\u00e1 dois projetos de lei pol\u00eamicos que visam restringir o financiamento p\u00fablico e a execu\u00e7\u00e3o de m\u00fasicas com conte\u00fado considerado inadequado, como apologia ao crime, uso de drogas e sexualidade expl\u00edcita, com men\u00e7\u00f5es espec\u00edficas ao funk. A proposta ser\u00e1 debatida em audi\u00eancia p\u00fablica, com participa\u00e7\u00e3o de autoridades, artistas e coletivos culturais, e uma nota t\u00e9cnica da C\u00e2mara aponta dificuldades pr\u00e1ticas e riscos de discrimina\u00e7\u00e3o. (Balc\u00e3o News \u2013 Belo Horizonte)<\/span><br \/><span><a href=\"https:\/\/balcaonews.com.br\/2025\/05\/26\/funk-e-apologia-ao-crime-vao-ser-debatidos-na-camara-de-bh\/\">https:\/\/balcaonews.com.br\/2025\/05\/26\/funk-e-apologia-ao-crime-vao-ser-debatidos-na-camara-de-bh\/<\/a><\/span><\/p>\n<p><strong><span>Gr\u00e3o Mogol concorre ao Pr\u00eamio da ONU<\/span><\/strong><br \/><span>Gr\u00e3o Mogol, no Norte de Minas, foi uma das oito vilas brasileiras selecionadas para representar o Brasil no Pr\u00eamio \u201cMelhores Vilas Tur\u00edsticas\u201d da ONU Turismo, com resultado previsto para novembro, na Ar\u00e1bia Saudita. A premia\u00e7\u00e3o internacional reconhece destinos com at\u00e9 15 mil habitantes que se destacam por seu patrim\u00f4nio natural, hist\u00f3rico e cultural. O munic\u00edpio mineiro \u00e9 elogiado por suas belezas naturais, tradi\u00e7\u00e3o hist\u00f3rica ligada ao ciclo do diamante, hospitalidade rural e gastronomia t\u00edpica. Entre os atrativos est\u00e3o a Cordilheira do Espinha\u00e7o, constru\u00e7\u00f5es coloniais de pedra, a Matriz de Santo Ant\u00f4nio, a Trilha do Bar\u00e3o e o Pres\u00e9pio M\u00e3os de Deus.\u00a0 (Gazeta Norte Mineira \u2013 Montes Claros)<\/span><br \/><span><a href=\"https:\/\/gazetanm.com.br\/grao-mogol-escolhida-como-uma-das-representantes-do-brasil-no-premio-melhores-vilas-turisticas-da-onu-turismo\/\">https:\/\/gazetanm.com.br\/grao-mogol-escolhida-como-uma-das-representantes-do-brasil-no-premio-melhores-vilas-turisticas-da-onu-turismo\/<\/a><\/span><\/p>\n<p><strong><span>Estudante denuncia professora <\/span><\/strong><br \/><span>Uma estudante de Enfermagem da Universidade Federal de S\u00e3o Jo\u00e3o Del Rei (UFSJ), campus Dona Lindu, em Divin\u00f3polis (MG), denunciou uma professora por intoler\u00e2ncia religiosa. Segundo a aluna, a docente fez coment\u00e1rios ofensivos durante duas aulas da disciplina de Pr\u00e1tica de Integra\u00e7\u00e3o, Ensino, Servi\u00e7o e Comunidade, nos dias 7 e 30 de abril, ao se referir negativamente a religi\u00f5es de matriz africana. Ap\u00f3s tentar conversar com a professora e n\u00e3o obter resposta receptiva, a estudante registrou um boletim de ocorr\u00eancia por intoler\u00e2ncia religiosa em 16 de maio. A Pol\u00edcia Civil avaliar\u00e1 o caso. (Portal G37 de Not\u00edcias \u2013 Divin\u00f3polis)<\/span><br \/><span><a href=\"https:\/\/g37.com.br\/divinopolis\/estudante-da-ufsj-denuncia-professora-por-intolerancia-religiosa-durante-aula\/\">https:\/\/g37.com.br\/divinopolis\/estudante-da-ufsj-denuncia-professora-por-intolerancia-religiosa-durante-aula\/<\/a><\/span><\/p>\n<p><span><\/span><\/p>\n<p>\u00a0<\/p>","protected":false},"excerpt":{"rendered":"<p>Foto: Reprodu\u00e7\u00e3o COLUNA MGPrincipais destaques dos jornais e portais integrantes da rede Sindijori MG www.sindijorimg.com.br Varginha lidera exporta\u00e7\u00f5es em MinasVarginha consolidou-se como a cidade de Minas Gerais com maior volume de exporta\u00e7\u00f5es no m\u00eas de abril de 2025, respondendo por 8,1% das vendas externas do estado. De acordo com o Secret\u00e1rio Executivo de Estado de [&hellip;]<\/p>\n","protected":false},"author":0,"featured_media":30028,"comment_status":"open","ping_status":"open","sticky":false,"template":"","format":"standard","meta":{"rop_custom_images_group":[],"rop_custom_messages_group":[],"rop_publish_now":"initial","rop_publish_now_accounts":[],"rop_publish_now_history":[],"rop_publish_now_status":"pending","footnotes":""},"categories":[6745],"tags":[],"class_list":["post-30027","post","type-post","status-publish","format-standard","has-post-thumbnail","hentry","category-coluna-sindijori"],"_links":{"self":[{"href":"https:\/\/diariotribuna.com.br\/index.php?rest_route=\/wp\/v2\/posts\/30027"}],"collection":[{"href":"https:\/\/diariotribuna.com.br\/index.php?rest_route=\/wp\/v2\/posts"}],"about":[{"href":"https:\/\/diariotribuna.com.br\/index.php?rest_route=\/wp\/v2\/types\/post"}],"replies":[{"embeddable":true,"href":"https:\/\/diariotribuna.com.br\/index.php?rest_route=%2Fwp%2Fv2%2Fcomments&post=30027"}],"version-history":[{"count":0,"href":"https:\/\/diariotribuna.com.br\/index.php?rest_route=\/wp\/v2\/posts\/30027\/revisions"}],"wp:featuredmedia":[{"embeddable":true,"href":"https:\/\/diariotribuna.com.br\/index.php?rest_route=\/wp\/v2\/media\/30028"}],"wp:attachment":[{"href":"https:\/\/diariotribuna.com.br\/index.php?rest_route=%2Fwp%2Fv2%2Fmedia&parent=30027"}],"wp:term":[{"taxonomy":"category","embeddable":true,"href":"https:\/\/diariotribuna.com.br\/index.php?rest_route=%2Fwp%2Fv2%2Fcategories&post=30027"},{"taxonomy":"post_tag","embeddable":true,"href":"https:\/\/diariotribuna.com.br\/index.php?rest_route=%2Fwp%2Fv2%2Ftags&post=30027"}],"curies":[{"name":"wp","href":"https:\/\/api.w.org\/{rel}","templated":true}]}}