{"id":30033,"date":"2025-05-28T21:31:12","date_gmt":"2025-05-29T00:31:12","guid":{"rendered":"https:\/\/diariotribuna.com.br\/?p=30033"},"modified":"2025-06-05T00:33:17","modified_gmt":"2025-06-05T03:33:17","slug":"mulher-morre-em-grave-acidente-na-br-116-em-itambacuri","status":"publish","type":"post","link":"https:\/\/diariotribuna.com.br\/?p=30033","title":{"rendered":"Mulher morre em grave acidente na BR 116, em Itambacuri"},"content":{"rendered":"\n<figure class=\"wp-block-image size-full is-resized\"><img loading=\"lazy\" decoding=\"async\" width=\"700\" height=\"394\" src=\"https:\/\/diariotribuna.com.br\/wp-content\/uploads\/2025\/05\/Imagem-do-WhatsApp-de-2025-05-28-as-09.29.36_84b4a66d.jpg\" alt=\"\" class=\"wp-image-30034\" style=\"width:522px;height:auto\" srcset=\"https:\/\/diariotribuna.com.br\/wp-content\/uploads\/2025\/05\/Imagem-do-WhatsApp-de-2025-05-28-as-09.29.36_84b4a66d.jpg 700w, https:\/\/diariotribuna.com.br\/wp-content\/uploads\/2025\/05\/Imagem-do-WhatsApp-de-2025-05-28-as-09.29.36_84b4a66d-300x169.jpg 300w, https:\/\/diariotribuna.com.br\/wp-content\/uploads\/2025\/05\/Imagem-do-WhatsApp-de-2025-05-28-as-09.29.36_84b4a66d-696x392.jpg 696w\" sizes=\"(max-width: 700px) 100vw, 700px\" \/><\/figure>\n\n\n\n<p>A Pol\u00edcia Rodovi\u00e1ria Federal registrou um grave acidente no KM 305 da BR 116, em Itambacuri, na conhecida Serra no Monte Alto, na manh\u00e3 desta quarta-feira (28\/5), com uma v\u00edtima fatal. A condutora do autom\u00f3vel P\u00e1lio com placa de Betim, seguia no sentido crescente da rodovia, quando perdeu o controle direcional e bateu contra uma carreta que seguia no sentido contr\u00e1rio.<\/p>\n\n\n\n<p>De acordo com a PRF que fez per\u00edcia no local para concluir como de fato ocorreu o acidente e, an\u00e1lises preliminares, conforme vest\u00edgios encontrados, foi poss\u00edvel observar que o ve\u00edculo P\u00e1lio deixou marcas de fric\u00e7\u00e3o no ch\u00e3o, podendo concluir que a condutora teria perdido o controle ap\u00f3s fazer a curva, colidindo contra a carreta. Nos dois ve\u00edculos envolvidos no acidente estavam apenas os condutores.<\/p>\n\n\n\n<p>Quando a equipe do Corpo de Bombeiros chegou ao local, a condutora j\u00e1 havia sido resgatada pelo Samu, mas infelizmente ela n\u00e3o resistiu e morreu ainda no local do fato. Os bombeiros desconectaram as baterias para evitar risco de explos\u00e3o. Teve um derramamento de \u00f3leo dos ve\u00edculos, mas ap\u00f3s a retirada pelo guincho, foi feita a lavagem da pista para n\u00e3o ocorrer perigo de derrapagem e novos acidentes. O corpo da condutora, identificada como <strong>Rosimeire Pereira Ribeiro, 45 anos<\/strong>, foi necropsiado no IML de Te\u00f3filo Otoni. (Foto\/Local: Victor Couy).<\/p>\n","protected":false},"excerpt":{"rendered":"<p>A Pol\u00edcia Rodovi\u00e1ria Federal registrou um grave acidente no KM 305 da BR 116, em Itambacuri, na conhecida Serra no Monte Alto, na manh\u00e3 desta quarta-feira (28\/5), com uma v\u00edtima fatal. A condutora do autom\u00f3vel P\u00e1lio com placa de Betim, seguia no sentido crescente da rodovia, quando perdeu o controle direcional e bateu contra uma [&hellip;]<\/p>\n","protected":false},"author":1,"featured_media":30034,"comment_status":"open","ping_status":"open","sticky":false,"template":"","format":"standard","meta":{"rop_custom_images_group":[],"rop_custom_messages_group":[],"rop_publish_now":"initial","rop_publish_now_accounts":[],"rop_publish_now_history":[],"rop_publish_now_status":"pending","footnotes":""},"categories":[18],"tags":[125,1382,96,3798,5623],"class_list":["post-30033","post","type-post","status-publish","format-standard","has-post-thumbnail","hentry","category-regiao","tag-acidente","tag-br-116-2","tag-itambacuri","tag-prf-teofilo-otoni","tag-um-obito"],"_links":{"self":[{"href":"https:\/\/diariotribuna.com.br\/index.php?rest_route=\/wp\/v2\/posts\/30033"}],"collection":[{"href":"https:\/\/diariotribuna.com.br\/index.php?rest_route=\/wp\/v2\/posts"}],"about":[{"href":"https:\/\/diariotribuna.com.br\/index.php?rest_route=\/wp\/v2\/types\/post"}],"author":[{"embeddable":true,"href":"https:\/\/diariotribuna.com.br\/index.php?rest_route=\/wp\/v2\/users\/1"}],"replies":[{"embeddable":true,"href":"https:\/\/diariotribuna.com.br\/index.php?rest_route=%2Fwp%2Fv2%2Fcomments&post=30033"}],"version-history":[{"count":2,"href":"https:\/\/diariotribuna.com.br\/index.php?rest_route=\/wp\/v2\/posts\/30033\/revisions"}],"predecessor-version":[{"id":30036,"href":"https:\/\/diariotribuna.com.br\/index.php?rest_route=\/wp\/v2\/posts\/30033\/revisions\/30036"}],"wp:featuredmedia":[{"embeddable":true,"href":"https:\/\/diariotribuna.com.br\/index.php?rest_route=\/wp\/v2\/media\/30034"}],"wp:attachment":[{"href":"https:\/\/diariotribuna.com.br\/index.php?rest_route=%2Fwp%2Fv2%2Fmedia&parent=30033"}],"wp:term":[{"taxonomy":"category","embeddable":true,"href":"https:\/\/diariotribuna.com.br\/index.php?rest_route=%2Fwp%2Fv2%2Fcategories&post=30033"},{"taxonomy":"post_tag","embeddable":true,"href":"https:\/\/diariotribuna.com.br\/index.php?rest_route=%2Fwp%2Fv2%2Ftags&post=30033"}],"curies":[{"name":"wp","href":"https:\/\/api.w.org\/{rel}","templated":true}]}}