{"id":30037,"date":"2025-05-29T12:29:53","date_gmt":"2025-05-29T15:29:53","guid":{"rendered":"https:\/\/diariotribuna.com.br\/?p=30037"},"modified":"2025-05-29T12:29:53","modified_gmt":"2025-05-29T15:29:53","slug":"estado-nao-retomara-obras-do-hospital","status":"publish","type":"post","link":"https:\/\/diariotribuna.com.br\/?p=30037","title":{"rendered":"Estado n\u00e3o retomar\u00e1 obras do Hospital\u00a0"},"content":{"rendered":"<p><em><span>Foto: Arquivo TM\/Felipe Couri<\/span><\/em><\/p>\n<p><strong><span>COLUNA MG<\/span><\/strong><br \/><span>Principais destaques dos jornais e portais integrantes da rede Sindijori MG <\/span><br \/><span><a href=\"http:\/\/www.sindijorimg.com.br\/\">www.sindijorimg.com.br<\/a><\/span><\/p>\n<p><strong><span>Estado n\u00e3o retomar\u00e1 obras do Hospital<\/span><\/strong><br \/><span>O Governo de Minas confirmou oficialmente que n\u00e3o dar\u00e1 continuidade \u00e0s obras do Hospital Regional de Juiz de Fora, paralisadas desde 2017. A decis\u00e3o foi anunciada pelo secret\u00e1rio estadual de Sa\u00fade, F\u00e1bio Baccheretti, que alegou falhas estruturais severas na constru\u00e7\u00e3o original.\u00a0 Segundo ele, a decis\u00e3o ocorre ap\u00f3s vistorias t\u00e9cnicas da Secretaria de Estado de Sa\u00fade (SES) e da Secretaria de Estado de Infraestrutura e Parcerias (Seinfra) no local. Anunciado em 2010 e com obras iniciadas no mesmo ano, o hospital ocupa terreno de 44.000,00 m\u00b2 e \u00e1rea constru\u00edda de 29.670,00 m\u00b2. (Tribuna de Minas \u2013 Juiz de Fora)<\/span><br \/><span><a href=\"https:\/\/tribunademinas.com.br\/noticias\/politica\/28-05-2025\/estado-reafirma-que-nao-retomara-obras-do-hospital-regional.html\">https:\/\/tribunademinas.com.br\/noticias\/politica\/28-05-2025\/estado-reafirma-que-nao-retomara-obras-do-hospital-regional.html<\/a><\/span><\/p>\n<p><strong><span>Belotur lan\u00e7a Esta\u00e7\u00e3o Bares com Alma<\/span><\/strong><br \/><span>A Belotur lan\u00e7ou a Esta\u00e7\u00e3o Bares com Alma, iniciativa que une m\u00fasica, turismo e identidade cultural para valorizar 30 bares tradicionais de Belo Horizonte, reconhecidos como patrim\u00f4nios culturais da cidade. Parte do projeto Bares com Alma, desenvolvido com o Sebrae Minas, a a\u00e7\u00e3o utiliza a estrat\u00e9gia de music branding com podcasts ambientados e uma playlist exclusiva para criar conex\u00f5es emocionais com os bares. Dispon\u00edvel em plataformas digitais e nos canais da Belotur, o projeto tamb\u00e9m integra a R\u00e1dio BH Belotur. (Jornal Esplanada \u2013 Belo Horizonte)<\/span><br \/><span><a href=\"https:\/\/www.jornalesplanada.com.br\/belotur-lanca-estacao-bares-com-alma-unindo-musica-turismo-e-identidade-cultural-em-belo-horizonte\">https:\/\/www.jornalesplanada.com.br\/belotur-lanca-estacao-bares-com-alma-unindo-musica-turismo-e-identidade-cultural-em-belo-horizonte<\/a><\/span><\/p>\n<p><strong><span>Entidades solicitam revis\u00e3o da legisla\u00e7\u00e3o<\/span><\/strong><br \/><span>Representantes da Sociedade Rural de Montes Claros, do Sindicato dos Produtores Rurais e da Associa\u00e7\u00e3o de Criadores de Gado de Corte (ACGC) entregaram ao vice-governador de Minas Gerais, Mateus Sim\u00f5es, um documento solicitando a revis\u00e3o da legisla\u00e7\u00e3o ambiental estadual. Segundo os produtores, as atuais exig\u00eancias do licenciamento ambiental em Minas s\u00e3o mais rigorosas e custosas do que em estados vizinhos, o que compromete a competitividade, especialmente na pecu\u00e1ria extensiva. Eles prop\u00f5em que a legisla\u00e7\u00e3o estadual seja atualizada conforme as mudan\u00e7as federais.\u00a0 (Gazeta Norte Mineira \u2013 Montes Claros)<\/span><br \/><span><a href=\"https:\/\/gazetanm.com.br\/entidades-rurais-solicitam-revisao-da-legislacao-ambiental-ao-vice-governador-de-minas-gerais\/\">https:\/\/gazetanm.com.br\/entidades-rurais-solicitam-revisao-da-legislacao-ambiental-ao-vice-governador-de-minas-gerais\/<\/a><\/span><\/p>\n<p><strong><span>Tratamento gratuito contra o tabagismo<\/span><\/strong><br \/><span>A Prefeitura de Arax\u00e1 oferece um programa gratuito de combate ao tabagismo em todas as Unidades de Estrat\u00e9gia de Sa\u00fade da Fam\u00edlia (ESF), com acompanhamento multidisciplinar por at\u00e9 um ano, totalmente custeado pelo SUS. O tratamento inclui acolhimento individualizado, avalia\u00e7\u00e3o do grau de depend\u00eancia, consulta m\u00e9dica e, se necess\u00e1rio, uso de medicamentos, adesivos e gomas de nicotina fornecidos gratuitamente. A equipe multiprofissional tamb\u00e9m utiliza terapias como a auriculoterapia e realiza monitoramento cont\u00ednuo dos pacientes. (Clarim.net \u2013 Arax\u00e1)<\/span><br \/><span><a href=\"https:\/\/clarim.net.br\/prefeitura-de-araxa-oferece-tratamento-gratuito-contra-o-tabagismo\/\">https:\/\/clarim.net.br\/prefeitura-de-araxa-oferece-tratamento-gratuito-contra-o-tabagismo\/<\/a><\/span><\/p>\n<p><strong><span>Gasolina a R$ 3,82 no Dia Livre de Impostos<\/span><\/strong><br \/><span>O dia 29 de maio foi escolhido tamb\u00e9m por Divin\u00f3polis para ser o Dia Livre de Impostos (DLI) com a venda simb\u00f3lica de gasolina sem a carga tribut\u00e1ria, ao pre\u00e7o de R$ 3,82 o litro, no Posto Soberano. A a\u00e7\u00e3o, organizada pela CDL Divin\u00f3polis com apoio da Prefeitura e do Minaspetro, disponibilizou 1.000 litros de gasolina comum para 35 motos (5,2 litros por R$ 20) e 63 carros (13,08 litros por R$ 50), com pagamento somente em dinheiro e distribui\u00e7\u00e3o de senhas por ordem de chegada. O objetivo \u00e9 alertar a popula\u00e7\u00e3o sobre o peso da carga tribut\u00e1ria e defender um sistema tribut\u00e1rio mais justo. A a\u00e7\u00e3o integra uma mobiliza\u00e7\u00e3o nacional que envolve mais de 1.500 cidades. (Portal G37 de Not\u00edcias \u2013 Divin\u00f3polis)<\/span><br \/><span><a href=\"https:\/\/g37.com.br\/divinopolis\/gasolina-sera-comercializada-em-um-posto-em-divinopolis-a-r-382-no-dia-livre-de-impostos\/\">https:\/\/g37.com.br\/divinopolis\/gasolina-sera-comercializada-em-um-posto-em-divinopolis-a-r-382-no-dia-livre-de-impostos\/<\/a><\/span><\/p>\n<p><strong><span>Duplica\u00e7\u00e3o de ponte ser\u00e1 licitada<\/span><\/strong><br \/><span>\u00a0\u00a0\u00a0 Ap\u00f3s d\u00e9cadas de espera, a duplica\u00e7\u00e3o da ponte do S\u00e3o Raimundo, na BR-116, em Governador Valadares, avan\u00e7a em meio a burocracia que tirar do papel uma obra dessa magnitude. A ordem de servi\u00e7o que autoriza o in\u00edcio da constru\u00e7\u00e3o ser\u00e1 assinada nesta segunda-feira (2), durante evento com a presen\u00e7a do ministro dos Transportes, Renan Filho. A solenidade marcar\u00e1 tamb\u00e9m a apresenta\u00e7\u00e3o do balan\u00e7o dos 100 primeiros dias de interven\u00e7\u00f5es na BR-381, outra importante rodovia federal que corta o estado de Minas Gerais. (Di\u00e1rio do Rio Doce \u2013 Governador Valadares)<\/span><br \/><span><a href=\"https:\/\/drd.com.br\/assinatura-de-ordem-de-servico-para-duplicacao-da-ponte-do-sao-raimundo-acontecera-na-proxima-segunda\/\">https:\/\/drd.com.br\/assinatura-de-ordem-de-servico-para-duplicacao-da-ponte-do-sao-raimundo-acontecera-na-proxima-segunda\/<\/a><\/span><\/p>\n<p><span><\/span><\/p>\n<p>\u00a0<\/p>","protected":false},"excerpt":{"rendered":"<p>Foto: Arquivo TM\/Felipe Couri COLUNA MGPrincipais destaques dos jornais e portais integrantes da rede Sindijori MG www.sindijorimg.com.br Estado n\u00e3o retomar\u00e1 obras do HospitalO Governo de Minas confirmou oficialmente que n\u00e3o dar\u00e1 continuidade \u00e0s obras do Hospital Regional de Juiz de Fora, paralisadas desde 2017. A decis\u00e3o foi anunciada pelo secret\u00e1rio estadual de Sa\u00fade, F\u00e1bio Baccheretti, [&hellip;]<\/p>\n","protected":false},"author":0,"featured_media":30038,"comment_status":"open","ping_status":"open","sticky":false,"template":"","format":"standard","meta":{"rop_custom_images_group":[],"rop_custom_messages_group":[],"rop_publish_now":"initial","rop_publish_now_accounts":[],"rop_publish_now_history":[],"rop_publish_now_status":"pending","footnotes":""},"categories":[6745],"tags":[],"class_list":["post-30037","post","type-post","status-publish","format-standard","has-post-thumbnail","hentry","category-coluna-sindijori"],"_links":{"self":[{"href":"https:\/\/diariotribuna.com.br\/index.php?rest_route=\/wp\/v2\/posts\/30037"}],"collection":[{"href":"https:\/\/diariotribuna.com.br\/index.php?rest_route=\/wp\/v2\/posts"}],"about":[{"href":"https:\/\/diariotribuna.com.br\/index.php?rest_route=\/wp\/v2\/types\/post"}],"replies":[{"embeddable":true,"href":"https:\/\/diariotribuna.com.br\/index.php?rest_route=%2Fwp%2Fv2%2Fcomments&post=30037"}],"version-history":[{"count":0,"href":"https:\/\/diariotribuna.com.br\/index.php?rest_route=\/wp\/v2\/posts\/30037\/revisions"}],"wp:featuredmedia":[{"embeddable":true,"href":"https:\/\/diariotribuna.com.br\/index.php?rest_route=\/wp\/v2\/media\/30038"}],"wp:attachment":[{"href":"https:\/\/diariotribuna.com.br\/index.php?rest_route=%2Fwp%2Fv2%2Fmedia&parent=30037"}],"wp:term":[{"taxonomy":"category","embeddable":true,"href":"https:\/\/diariotribuna.com.br\/index.php?rest_route=%2Fwp%2Fv2%2Fcategories&post=30037"},{"taxonomy":"post_tag","embeddable":true,"href":"https:\/\/diariotribuna.com.br\/index.php?rest_route=%2Fwp%2Fv2%2Ftags&post=30037"}],"curies":[{"name":"wp","href":"https:\/\/api.w.org\/{rel}","templated":true}]}}