{"id":30043,"date":"2025-05-30T08:39:51","date_gmt":"2025-05-30T11:39:51","guid":{"rendered":"https:\/\/diariotribuna.com.br\/?p=30043"},"modified":"2025-05-30T08:39:51","modified_gmt":"2025-05-30T11:39:51","slug":"faemg-realiza-a-primeira-assembleia-da-sua-historia-em-brasilia","status":"publish","type":"post","link":"https:\/\/diariotribuna.com.br\/?p=30043","title":{"rendered":"Faemg realiza a primeira Assembleia da sua hist\u00f3ria em Bras\u00edlia\u00a0"},"content":{"rendered":"<p class=\"MsoNormal\"><span>FAEMG SENAR | Divulga\u00e7\u00e3o<\/span><\/p>\n<p><span><\/span><span><\/span><span><\/span><span><\/span><span><\/span><\/p>\n\n<h2><span>A <\/span><strong>Assembleia Geral Ordin\u00e1ria do Conselho de Representantes da <a href=\"https:\/\/www.sistemafaemg.org.br\/senar\">Federa\u00e7\u00e3o da Agricultura e Pecu\u00e1ria do Estado de Minas Gerais (Faemg)<\/a><\/strong><span> foi realizada, pela primeira vez, em Bras\u00edlia, na sede da <\/span><strong>Confedera\u00e7\u00e3o da Agricultura e Pecu\u00e1ria do Brasil (CNA)<\/strong><span>.<\/span><\/h2>\n<p>O encontro, que reuniu uma expressiva comitiva de <strong>produtores e presidentes de sindicatos rurais de Minas<\/strong>, integrou a <strong>Miss\u00e3o T\u00e9cnica da Faemg<\/strong>, com o objetivo de <strong>fortalecer a representatividade da agropecu\u00e1ria mineira<\/strong>.<\/p>\n<p>Em um discurso contundente, o presidente do <strong>Sistema Faemg Senar<\/strong>, <strong>Ant\u00f4nio de Salvo<\/strong>, convocou a comitiva a <strong>repensar a atua\u00e7\u00e3o do setor<\/strong>, destacando a necessidade de <strong>inova\u00e7\u00e3o, uni\u00e3o e maior protagonismo pol\u00edtico<\/strong>.<\/p>\n<p><strong>Diretoria do Sistema Faemg Senar:<\/strong><br \/><strong>Ebinho Bernardes<\/strong>, vice-presidente secret\u00e1rio;<br \/><strong>Ant\u00f4nio de Salvo<\/strong>, presidente;<br \/><strong>Renato Laguardia<\/strong>, vice-presidente de Finan\u00e7as.<\/p>\n<h3><strong>Uni\u00e3o e protagonismo pol\u00edtico no centro do discurso<\/strong><\/h3>\n<p>Um dos pilares da fala de Salvo foi o <strong>chamado \u00e0 uni\u00e3o e \u00e0 a\u00e7\u00e3o coletiva<\/strong>.<\/p>\n<p><em>\u201cSe fizermos sempre a mesma coisa, o resultado ser\u00e1 esse que estamos colhendo. E convenhamos: n\u00e3o est\u00e1 bom nem para n\u00f3s, nem para Minas, nem para o Brasil\u201d,<\/em> alertou.<\/p>\n<p>Para ele, a solu\u00e7\u00e3o come\u00e7a com um <strong>compromisso individual que gera impacto coletivo<\/strong>:<\/p>\n<p><em>\u201cVamos enxergar o que cada um pode fazer, do jeito que somos, do tamanho que somos. Se cada um fizer um pouco mais, faremos uma diferen\u00e7a gigantesca.\u201d<\/em><\/p>\n<p>Salvo tamb\u00e9m refor\u00e7ou a import\u00e2ncia de uma <strong>postura madura e despersonalizada no setor<\/strong>:<\/p>\n<p><em>\u201c\u00c9 fundamental que despersonalizemos nosso relacionamento. N\u00e3o \u00e9 nada pessoal. Precisamos de todos \u2014 e ainda ser\u00e1 pouco. Temos que trazer mais gente para nosso lado.\u201d<\/em><\/p>\n<p>O presidente foi enf\u00e1tico ao ressaltar que, embora o agro seja uma pot\u00eancia econ\u00f4mica e social, <strong>ainda carece de for\u00e7a pol\u00edtica proporcional \u00e0 sua relev\u00e2ncia<\/strong>:<\/p>\n<p><em>\u201cN\u00e3o \u00e9 poss\u00edvel um setor como o nosso, que responde por 50% das exporta\u00e7\u00f5es e tem peso significativo no PIB, ser ap\u00e1tico politicamente.\u201d<\/em><\/p>\n<h2><strong>Vozes do Agro convergem em Bras\u00edlia<\/strong><\/h2>\n<p>Antes do discurso de Ant\u00f4nio de Salvo, o palco da CNA recebeu <strong>lideran\u00e7as parlamentares que refor\u00e7aram a import\u00e2ncia da uni\u00e3o e do fortalecimento pol\u00edtico do agro<\/strong>.<\/p>\n<p><strong>Newton Cardoso Jr.<\/strong> destacou:<\/p>\n<p><em>\u201cSabemos da import\u00e2ncia do agro e queremos estar cada vez mais perto desse setor que leva Minas \u00e0 frente.\u201d<\/em><\/p>\n<p><strong>Z\u00e9 Silva<\/strong> afirmou:<\/p>\n<p><em>\u201c\u00c9 um momento de firmarmos um compromisso ainda mais forte com o desenvolvimento do agro mineiro. Estamos \u00e0 disposi\u00e7\u00e3o para levar nosso agro avante.\u201d<\/em><\/p>\n<p><strong>Pedro Lupion<\/strong>, presidente da <strong>Frente Parlamentar da Agropecu\u00e1ria (FPA)<\/strong>, trouxe um alerta:<\/p>\n<p><em>\u201cAs decis\u00f5es tomadas aqui em Bras\u00edlia est\u00e3o chegando dentro da porteira e gerando muitos problemas. Enfrentamos ataques di\u00e1rios: quest\u00f5es tribut\u00e1rias, socioambientais\u2026 Precisamos estar atentos e na defensiva.\u201d<\/em><\/p>\n<p><strong>Ana Paula Le\u00e3o<\/strong> refor\u00e7ou a import\u00e2ncia da uni\u00e3o:<\/p>\n<p><em>\u201cQuando estamos juntos, \u00e9 mais dif\u00edcil sermos deixados de lado e mais f\u00e1cil vencermos os desafios. Parabenizo a lideran\u00e7a da Faemg por unir os produtores mineiros.\u201d<\/em><\/p>\n<p><strong>Domingos S\u00e1vio<\/strong> destacou seu orgulho pela origem no agro:<\/p>\n<p><em>\u201cViemos da mesma origem e sabemos do nosso papel. Tenho orgulho de estar ao lado de deputados parceiros de muitas lutas.\u201d<\/em><\/p>\n<p><strong>Evair de Melo<\/strong>, do Esp\u00edrito Santo, fez um alerta:<\/p>\n<p><em>\u201cAs dificuldades atuais s\u00e3o reflexo da falta de discuss\u00e3o pol\u00edtica no passado. Precisamos mudar esse cen\u00e1rio.\u201d<\/em><\/p>\n<p><strong>Jos\u00e9 Vitor<\/strong> enfatizou o papel do agro no desenvolvimento do pa\u00eds:<\/p>\n<p><em>\u201cAs grandes vit\u00f3rias do Brasil passaram pelo agro, gra\u00e7as \u00e0 mobiliza\u00e7\u00e3o do setor. \u00c9 tempo de construir, dialogar e enfrentar os desafios.\u201d<\/em><\/p>\n<p><strong>Greyce Elias<\/strong> fez uma reflex\u00e3o sobre futuro e responsabilidade pol\u00edtica:<\/p>\n<p><em>\u201cSomos respons\u00e1veis pelo nosso futuro e pelo futuro do Brasil. As elei\u00e7\u00f5es passam por Minas. Precisamos incluir mais as mulheres nesse debate.\u201d<\/em><\/p>\n<h2><strong>Dados, estrat\u00e9gia e decis\u00e3o embasada<\/strong><\/h2>\n<p>Um dos momentos de destaque da Miss\u00e3o T\u00e9cnica foi a palestra do <strong>cientista pol\u00edtico e CEO da Quest Consultoria, Felipe Nunes<\/strong>, que apresentou um diagn\u00f3stico estrat\u00e9gico baseado em dados.<\/p>\n<p><em>\u201cAs pesquisas mostram que o cidad\u00e3o mineiro reconhece a agropecu\u00e1ria como atividade econ\u00f4mica fundamental, superando at\u00e9 a minera\u00e7\u00e3o na percep\u00e7\u00e3o p\u00fablica\u201d,<\/em> revelou.<\/p>\n<p>Nunes ressaltou, no entanto, que ainda h\u00e1 um desafio importante:<\/p>\n<p><em>\u201cO reconhecimento da qualidade dos nossos produtos e da gera\u00e7\u00e3o de empregos j\u00e1 existe. Agora, \u00e9 preciso que a sociedade entenda que o agro \u00e9 uma cadeia produtiva que sustenta a economia mineira.\u201d<\/em><\/p>\n<h2><strong>Miss\u00e3o T\u00e9cnica: conex\u00e3o e fortalecimento institucional<\/strong><\/h2>\n<p>A <strong>Miss\u00e3o T\u00e9cnica da Faemg a Bras\u00edlia reuniu 250 presidentes e diretores de sindicatos rurais mineiros<\/strong>, em uma agenda intensa de reuni\u00f5es estrat\u00e9gicas na <strong>CNA<\/strong> e no <strong>Congresso Nacional<\/strong>.<\/p>\n<p>O objetivo foi <strong>aprofundar o alinhamento institucional, fortalecer a defesa do produtor rural e ampliar a atua\u00e7\u00e3o pol\u00edtica do setor<\/strong>.<\/p>\n<p>No segundo dia, os trabalhos come\u00e7aram com as boas-vindas do presidente da CNA, <strong>Jo\u00e3o Martins<\/strong>, que destacou:<\/p>\n<p><em>\u201cA CNA \u00e9 uma trincheira de defesa do produtor rural. Precisamos estar na vanguarda, preparados para uma agropecu\u00e1ria pujante e inovadora.\u201d<\/em><\/p>\n<p>O <strong>vice-governador de Minas Gerais, Mateus Sim\u00f5es<\/strong>, participou do encontro e apresentou propostas para o setor, abordando temas como:<\/p>\n<p><strong>Pecu\u00e1ria intensiva<\/strong>,<\/p>\n<p><strong>Outorga de \u00e1gua<\/strong>,<\/p>\n<p><strong>Limpeza de \u00e1reas<\/strong>,<\/p>\n<p><strong>Vegeta\u00e7\u00e3o sucess\u00f3ria<\/strong>,<\/p>\n<p><strong>Revis\u00e3o do mapa do IBGE<\/strong>,<\/p>\n<p><strong>Seguran\u00e7a no campo<\/strong>,<\/p>\n<p><strong>Fiscaliza\u00e7\u00e3o do trabalho<\/strong>.<\/p>\n\n<p>\u00a0<\/p>","protected":false},"excerpt":{"rendered":"<p>FAEMG SENAR | Divulga\u00e7\u00e3o A Assembleia Geral Ordin\u00e1ria do Conselho de Representantes da Federa\u00e7\u00e3o da Agricultura e Pecu\u00e1ria do Estado de Minas Gerais (Faemg) foi realizada, pela primeira vez, em Bras\u00edlia, na sede da Confedera\u00e7\u00e3o da Agricultura e Pecu\u00e1ria do Brasil (CNA). O encontro, que reuniu uma expressiva comitiva de produtores e presidentes de sindicatos [&hellip;]<\/p>\n","protected":false},"author":0,"featured_media":30044,"comment_status":"open","ping_status":"open","sticky":false,"template":"","format":"standard","meta":{"rop_custom_images_group":[],"rop_custom_messages_group":[],"rop_publish_now":"initial","rop_publish_now_accounts":[],"rop_publish_now_history":[],"rop_publish_now_status":"pending","footnotes":""},"categories":[6745],"tags":[],"class_list":["post-30043","post","type-post","status-publish","format-standard","has-post-thumbnail","hentry","category-coluna-sindijori"],"_links":{"self":[{"href":"https:\/\/diariotribuna.com.br\/index.php?rest_route=\/wp\/v2\/posts\/30043"}],"collection":[{"href":"https:\/\/diariotribuna.com.br\/index.php?rest_route=\/wp\/v2\/posts"}],"about":[{"href":"https:\/\/diariotribuna.com.br\/index.php?rest_route=\/wp\/v2\/types\/post"}],"replies":[{"embeddable":true,"href":"https:\/\/diariotribuna.com.br\/index.php?rest_route=%2Fwp%2Fv2%2Fcomments&post=30043"}],"version-history":[{"count":0,"href":"https:\/\/diariotribuna.com.br\/index.php?rest_route=\/wp\/v2\/posts\/30043\/revisions"}],"wp:featuredmedia":[{"embeddable":true,"href":"https:\/\/diariotribuna.com.br\/index.php?rest_route=\/wp\/v2\/media\/30044"}],"wp:attachment":[{"href":"https:\/\/diariotribuna.com.br\/index.php?rest_route=%2Fwp%2Fv2%2Fmedia&parent=30043"}],"wp:term":[{"taxonomy":"category","embeddable":true,"href":"https:\/\/diariotribuna.com.br\/index.php?rest_route=%2Fwp%2Fv2%2Fcategories&post=30043"},{"taxonomy":"post_tag","embeddable":true,"href":"https:\/\/diariotribuna.com.br\/index.php?rest_route=%2Fwp%2Fv2%2Ftags&post=30043"}],"curies":[{"name":"wp","href":"https:\/\/api.w.org\/{rel}","templated":true}]}}