{"id":30045,"date":"2025-05-30T12:09:08","date_gmt":"2025-05-30T15:09:08","guid":{"rendered":"https:\/\/diariotribuna.com.br\/?p=30045"},"modified":"2025-05-30T12:09:08","modified_gmt":"2025-05-30T15:09:08","slug":"metade-de-meis-nao-declarou","status":"publish","type":"post","link":"https:\/\/diariotribuna.com.br\/?p=30045","title":{"rendered":"Metade de MEIs n\u00e3o declarou\u00a0"},"content":{"rendered":"<p><em><span>Foto: Marcello Casal Jr \u2013 Ag BR<\/span><\/em><\/p>\n<p><strong><span>COLUNA MG<\/span><\/strong><br \/><span>Principais destaques dos jornais e portais integrantes da rede Sindijori MG <\/span><br \/><span><a href=\"http:\/\/www.sindijorimg.com.br\/\">www.sindijorimg.com.br<\/a><\/span><\/p>\n<p><strong><span>Metade de MEIs n\u00e3o declarou<\/span><\/strong><br \/><span>Segundo os dados da Receita Federal, mais de 38,8 mil Microempreendedores Individuais (MEIs) de Uberl\u00e2ndia ainda n\u00e3o enviaram a Declara\u00e7\u00e3o Anual Simplificada (Dasn-Simei), representando 48,72% do total de microempreendedores da cidade, que \u00e9 de 79.787. A declara\u00e7\u00e3o come\u00e7ou a ser recebida em 1\u00b0 de janeiro e est\u00e3o obrigados a declarar todos aqueles que tiveram CNPJ ativo em 2024. Os microempreendedores devem enviar informa\u00e7\u00f5es sobre o lucro da empresa no ano anterior. (Di\u00e1rio de Uberl\u00e2ndia)<\/span><br \/><span><a href=\"https:\/\/diariodeuberlandia.com.br\/noticia\/38125\/quase-50-meis-uberlandia-nao-entregaram-declaracao\">https:\/\/diariodeuberlandia.com.br\/noticia\/38125\/quase-50-meis-uberlandia-nao-entregaram-declaracao<\/a><\/span><\/p>\n<p><strong><span>Morro Vermelho recebe Festival <\/span><\/strong><br \/><span>No dia 7 de junho, acontece o Festival Cultural do Morro Vermelho, na Pra\u00e7a da Matriz de Nossa Senhora de Nazareth, com apresenta\u00e7\u00f5es culturais de teatro e m\u00fasica, al\u00e9m da tradicional Feirinha do Morro com artesanato e gastronomia local. Morro Vermelho preserva festas e tradi\u00e7\u00f5es culturais centen\u00e1rias. Al\u00e9m da sua hist\u00f3ria e cultura, oferece paisagens naturais, como cachoeiras, cascatas, e uma porta de entrada para o Parque Nacional da Serra do Gandarela. O distrito est\u00e1 localizado na Estrada Real, rota constante de ciclistas e motociclistas que lotam a regi\u00e3o todos os finais de semana. (Jornal Opini\u00e3o \u2013 Caet\u00e9)<\/span><br \/><span><a href=\"https:\/\/www.opiniaocaete.com.br\/morro-vermelho-recebe-festival-cultural-em-junho\/\">https:\/\/www.opiniaocaete.com.br\/morro-vermelho-recebe-festival-cultural-em-junho\/<\/a><\/span><\/p>\n<p><strong><span>Circuito de eventos come\u00e7a em JF<\/span><\/strong><br \/><span>Com entrada gratuita e atra\u00e7\u00f5es variadas, o XVIII Torneio Leiteiro de Filgueiras marca o in\u00edcio do Circuito de Eventos Agropecu\u00e1rios de Juiz de Fora. A programa\u00e7\u00e3o come\u00e7ou nesta quinta-feira, 29 de maio, e segue at\u00e9 domingo, 1\u00ba de junho.A abertura oficial do torneio ocorreu nesta sexta-feira. Neste s\u00e1bado, al\u00e9m das ordenhas e da sequ\u00eancia de shows, o p\u00fablico poder\u00e1 aproveitar a estrutura recreativa do projeto JF Lazer, da Secretaria de Esporte e Lazer (RCW TV \u2013 Juiz de Fora)<\/span><br \/><span><a href=\"https:\/\/www.rcwtv.com.br\/noticia\/torneio-leiteiro-da-inicio-ao-circuito-agropecuario-de-juiz-de-fora-com-programacao-para-toda-a-familia\">https:\/\/www.rcwtv.com.br\/noticia\/torneio-leiteiro-da-inicio-ao-circuito-agropecuario-de-juiz-de-fora-com-programacao-para-toda-a-familia<\/a><\/span><\/p>\n<p><strong><span>Samarco prorroga ades\u00e3o indenizat\u00f3ria <\/span><\/strong><br \/><span>A mineradora Samarco prorrogou at\u00e9 4 de julho o prazo para ades\u00e3o ao Programa Indenizat\u00f3rio Definitivo (PID), voltado a pessoas e empresas afetadas pelo rompimento da barragem de Fund\u00e3o, ocorrido em Mariana (MG) em 2015. O programa prev\u00ea pagamentos de R$ 35 mil mediante assinatura de um Termo de Quita\u00e7\u00e3o, que exige a ren\u00fancia a a\u00e7\u00f5es judiciais sobre o desastre. J\u00e1 foram protocolados mais de 255 mil pedidos, com mais de 31 mil pagamentos efetuados. Paralelamente, segue na justi\u00e7a inglesa um processo movido por 620 mil atingidos, que pleiteiam R$ 260 bilh\u00f5es em indeniza\u00e7\u00f5es da BHP Billiton, uma das controladoras da barragem. (S\u00e3o Geraldo \u2013 Belo Horizonte)<\/span><br \/><span><a href=\"https:\/\/www.jornalsaogeraldo.com.br\/mineradora-samarco-prorroga-adesao-indenizatoria-ate-4-de-julho\">https:\/\/www.jornalsaogeraldo.com.br\/mineradora-samarco-prorroga-adesao-indenizatoria-ate-4-de-julho<\/a><\/span><\/p>\n<p><strong><span>Exp\u00f4 Formiga foi cancelada <\/span><\/strong><br \/><span>A tradicional Exp\u00f4 Formiga, prevista para ocorrer de 5 a 8 de junho, foi cancelada devido \u00e0 falta de recursos financeiros por parte do munic\u00edpio para viabilizar o evento, conforme informa\u00e7\u00f5es da ACIF\/CDL. A festa, que costumava atrair grande p\u00fablico e movimentar o com\u00e9rcio local com apresenta\u00e7\u00f5es de artistas de renome nacional, poder\u00e1 ser remarcada para julho com apoio do setor privado. Apesar do cancelamento, o Sindicato Rural anunciou a realiza\u00e7\u00e3o da 1\u00aa Exposi\u00e7\u00e3o Regional Especializada Mangalarga Marchador de Formiga entre 26 e 28 de junho. (\u00daltimas Not\u00edcias \u2013 Formiga)<\/span><br \/><span><a href=\"https:\/\/ultimasnoticias.inf.br\/noticia\/foi-cancelada-a-expo-formiga-que-deveria-ocorrer-de-5-a-8-de-junho\/\">https:\/\/ultimasnoticias.inf.br\/noticia\/foi-cancelada-a-expo-formiga-que-deveria-ocorrer-de-5-a-8-de-junho\/<\/a><\/span><\/p>\n<p><strong><span>Para\u00edso tem festival de balonismo<\/span><\/strong><br \/><span>A Secretaria Municipal de Cultura e Turismo de S\u00e3o Sebasti\u00e3o do Para\u00edso realiza entre os dias 30 de maio e 1\u00ba de junho, no Campo Municipal Irm\u00e3os Capatti (Camp\u00e3o), o II Festival de Balonismo 2025. O evento, que foi um sucesso de p\u00fablico em 2024, ter\u00e1 diversas atrac\u00f5es. A programa\u00e7\u00e3o come\u00e7ou nesta sexta-feira (30) com o primeiro voo \u00e0s 16h, reunindo cinco bal\u00f5es em uma decolagem simult\u00e2nea. No s\u00e1bado (31), o segundo voo est\u00e1 previsto para as 7h da manh\u00e3, e o Night Glow se repete no fim da tarde, das 17h \u00e0s 19h. No domingo (1\u00ba de junho), o encerramento ser\u00e1 com um novo voo logo ao amanhecer, \u00e0s 7h. (Jornal do Sudoeste \u2013 SS Para\u00edso)<\/span><br \/><span><a href=\"https:\/\/jornaldosudoeste.com.br\/noticia_detalhe.php?id=219250\">https:\/\/jornaldosudoeste.com.br\/noticia_detalhe.php?id=219250<\/a><\/span><\/p>\n<p><strong><span>Opera\u00e7\u00e3o contra extra\u00e7\u00e3o de ouro<\/span><\/strong><br \/><span>Durante uma opera\u00e7\u00e3o de patrulhamento realizada nesta semana, a Pol\u00edcia Militar de Meio Ambiente de Ipanema flagrou uma atividade clandestina de extra\u00e7\u00e3o de ouro no rio Manhua\u00e7u, na zona rural do munic\u00edpio. No local, os militares encontraram uma balsa equipada com motor a diesel, bombas de suc\u00e7\u00e3o e estrutura para perman\u00eancia prolongada, operando sem a devida licen\u00e7a ambiental. Quatro pessoas estavam a bordo, sendo que uma delas realizava mergulho no momento da abordagem. A extra\u00e7\u00e3o foi imediatamente interrompida e os envolvidos presos. (Di\u00e1rio de Manhua\u00e7u)<\/span><br \/><span><a href=\"https:\/\/diariodemanhuacu.com.br\/policia-ambiental-interrompe-extracao-ilegal-de-ouro-no-rio-manhuacu-em-ipanema\/\">https:\/\/diariodemanhuacu.com.br\/policia-ambiental-interrompe-extracao-ilegal-de-ouro-no-rio-manhuacu-em-ipanema\/<\/a><\/span><\/p>\n<p><span><\/span><\/p>\n<p>\u00a0<\/p>","protected":false},"excerpt":{"rendered":"<p>Foto: Marcello Casal Jr \u2013 Ag BR COLUNA MGPrincipais destaques dos jornais e portais integrantes da rede Sindijori MG www.sindijorimg.com.br Metade de MEIs n\u00e3o declarouSegundo os dados da Receita Federal, mais de 38,8 mil Microempreendedores Individuais (MEIs) de Uberl\u00e2ndia ainda n\u00e3o enviaram a Declara\u00e7\u00e3o Anual Simplificada (Dasn-Simei), representando 48,72% do total de microempreendedores da cidade, [&hellip;]<\/p>\n","protected":false},"author":0,"featured_media":30046,"comment_status":"open","ping_status":"open","sticky":false,"template":"","format":"standard","meta":{"rop_custom_images_group":[],"rop_custom_messages_group":[],"rop_publish_now":"initial","rop_publish_now_accounts":[],"rop_publish_now_history":[],"rop_publish_now_status":"pending","footnotes":""},"categories":[6745],"tags":[],"class_list":["post-30045","post","type-post","status-publish","format-standard","has-post-thumbnail","hentry","category-coluna-sindijori"],"_links":{"self":[{"href":"https:\/\/diariotribuna.com.br\/index.php?rest_route=\/wp\/v2\/posts\/30045"}],"collection":[{"href":"https:\/\/diariotribuna.com.br\/index.php?rest_route=\/wp\/v2\/posts"}],"about":[{"href":"https:\/\/diariotribuna.com.br\/index.php?rest_route=\/wp\/v2\/types\/post"}],"replies":[{"embeddable":true,"href":"https:\/\/diariotribuna.com.br\/index.php?rest_route=%2Fwp%2Fv2%2Fcomments&post=30045"}],"version-history":[{"count":0,"href":"https:\/\/diariotribuna.com.br\/index.php?rest_route=\/wp\/v2\/posts\/30045\/revisions"}],"wp:featuredmedia":[{"embeddable":true,"href":"https:\/\/diariotribuna.com.br\/index.php?rest_route=\/wp\/v2\/media\/30046"}],"wp:attachment":[{"href":"https:\/\/diariotribuna.com.br\/index.php?rest_route=%2Fwp%2Fv2%2Fmedia&parent=30045"}],"wp:term":[{"taxonomy":"category","embeddable":true,"href":"https:\/\/diariotribuna.com.br\/index.php?rest_route=%2Fwp%2Fv2%2Fcategories&post=30045"},{"taxonomy":"post_tag","embeddable":true,"href":"https:\/\/diariotribuna.com.br\/index.php?rest_route=%2Fwp%2Fv2%2Ftags&post=30045"}],"curies":[{"name":"wp","href":"https:\/\/api.w.org\/{rel}","templated":true}]}}