{"id":30057,"date":"2025-05-30T22:41:17","date_gmt":"2025-05-31T01:41:17","guid":{"rendered":"https:\/\/diariotribuna.com.br\/?p=30057"},"modified":"2025-05-30T22:47:04","modified_gmt":"2025-05-31T01:47:04","slug":"homem-e-preso-pela-policia-civil-suspeito-de-abusar-dos-filhos","status":"publish","type":"post","link":"https:\/\/diariotribuna.com.br\/?p=30057","title":{"rendered":"Homem \u00e9 preso pela Pol\u00edcia Civil suspeito de abusar dos filhos"},"content":{"rendered":"\n<figure class=\"wp-block-image size-full is-resized\"><img loading=\"lazy\" decoding=\"async\" width=\"700\" height=\"450\" src=\"https:\/\/diariotribuna.com.br\/wp-content\/uploads\/2025\/05\/pcmg_algema-e-brasaoo-17-2-2025.jpg\" alt=\"\" class=\"wp-image-30058\" style=\"width:395px;height:auto\" srcset=\"https:\/\/diariotribuna.com.br\/wp-content\/uploads\/2025\/05\/pcmg_algema-e-brasaoo-17-2-2025.jpg 700w, https:\/\/diariotribuna.com.br\/wp-content\/uploads\/2025\/05\/pcmg_algema-e-brasaoo-17-2-2025-300x193.jpg 300w, https:\/\/diariotribuna.com.br\/wp-content\/uploads\/2025\/05\/pcmg_algema-e-brasaoo-17-2-2025-696x447.jpg 696w, https:\/\/diariotribuna.com.br\/wp-content\/uploads\/2025\/05\/pcmg_algema-e-brasaoo-17-2-2025-653x420.jpg 653w\" sizes=\"(max-width: 700px) 100vw, 700px\" \/><\/figure>\n\n\n\n<p><strong>Nanuque \u2013<\/strong> Um homem, de 34 anos, foi preso em Nanuque, em decorr\u00eancia de investiga\u00e7\u00e3o da Pol\u00edcia Civil de Minas sobre o abuso sexual dos dois filhos, de 5 e 8 anos. segundo a PCMG, o caso ocorreu em 2024, no distrito Vila Pereira, ocasi\u00e3o em que o investigado, ap\u00f3s fazer uso de bebidas alco\u00f3licas e subst\u00e2ncias entorpecentes, teria constrangido seus filhos, mediante viol\u00eancia f\u00edsica, e cometido o crime.<\/p>\n\n\n\n<p><strong>Investiga\u00e7\u00f5es \u2013<\/strong> O Conselho Tutelar foi acionado por meio de den\u00fancia an\u00f4nima, oportunidade em que o denunciante contou que, durante o abuso, foi poss\u00edvel ouvir uma das crian\u00e7as gritando pedindo para cessar os atos. Durante as investiga\u00e7\u00f5es, a equipe da Delegacia Especializada de Atendimento \u00e0 Mulher (Deam) em Nanuque apurou que, al\u00e9m do abuso sexual, o suspeito obrigava os filhos a buscar subst\u00e2ncias entorpecentes para consumo pr\u00f3prio, expondo-as a risco.<\/p>\n\n\n\n<p>A Pol\u00edcia Civil informa que, tamb\u00e9m h\u00e1 ind\u00edcios de que outra crian\u00e7a, de 3 anos, tenha sido v\u00edtima de abuso sexual por parte do suspeito. As investiga\u00e7\u00f5es continuam. (Informa\u00e7\u00f5es: assessoria de comunica\u00e7\u00e3o da PCMG).<\/p>\n","protected":false},"excerpt":{"rendered":"<p>Nanuque \u2013 Um homem, de 34 anos, foi preso em Nanuque, em decorr\u00eancia de investiga\u00e7\u00e3o da Pol\u00edcia Civil de Minas sobre o abuso sexual dos dois filhos, de 5 e 8 anos. segundo a PCMG, o caso ocorreu em 2024, no distrito Vila Pereira, ocasi\u00e3o em que o investigado, ap\u00f3s fazer uso de bebidas alco\u00f3licas [&hellip;]<\/p>\n","protected":false},"author":1,"featured_media":30058,"comment_status":"open","ping_status":"open","sticky":false,"template":"","format":"standard","meta":{"rop_custom_images_group":[],"rop_custom_messages_group":[],"rop_publish_now":"initial","rop_publish_now_accounts":[],"rop_publish_now_history":[],"rop_publish_now_status":"pending","footnotes":""},"categories":[25,20],"tags":[7189,122,292,867],"class_list":["post-30057","post","type-post","status-publish","format-standard","has-post-thumbnail","hentry","category-destaque","category-policia","tag-abuso-criancas","tag-nanuque","tag-policia-civil","tag-vale-do-mucuri"],"_links":{"self":[{"href":"https:\/\/diariotribuna.com.br\/index.php?rest_route=\/wp\/v2\/posts\/30057"}],"collection":[{"href":"https:\/\/diariotribuna.com.br\/index.php?rest_route=\/wp\/v2\/posts"}],"about":[{"href":"https:\/\/diariotribuna.com.br\/index.php?rest_route=\/wp\/v2\/types\/post"}],"author":[{"embeddable":true,"href":"https:\/\/diariotribuna.com.br\/index.php?rest_route=\/wp\/v2\/users\/1"}],"replies":[{"embeddable":true,"href":"https:\/\/diariotribuna.com.br\/index.php?rest_route=%2Fwp%2Fv2%2Fcomments&post=30057"}],"version-history":[{"count":1,"href":"https:\/\/diariotribuna.com.br\/index.php?rest_route=\/wp\/v2\/posts\/30057\/revisions"}],"predecessor-version":[{"id":30059,"href":"https:\/\/diariotribuna.com.br\/index.php?rest_route=\/wp\/v2\/posts\/30057\/revisions\/30059"}],"wp:featuredmedia":[{"embeddable":true,"href":"https:\/\/diariotribuna.com.br\/index.php?rest_route=\/wp\/v2\/media\/30058"}],"wp:attachment":[{"href":"https:\/\/diariotribuna.com.br\/index.php?rest_route=%2Fwp%2Fv2%2Fmedia&parent=30057"}],"wp:term":[{"taxonomy":"category","embeddable":true,"href":"https:\/\/diariotribuna.com.br\/index.php?rest_route=%2Fwp%2Fv2%2Fcategories&post=30057"},{"taxonomy":"post_tag","embeddable":true,"href":"https:\/\/diariotribuna.com.br\/index.php?rest_route=%2Fwp%2Fv2%2Ftags&post=30057"}],"curies":[{"name":"wp","href":"https:\/\/api.w.org\/{rel}","templated":true}]}}