{"id":30064,"date":"2025-05-31T20:41:34","date_gmt":"2025-05-31T23:41:34","guid":{"rendered":"https:\/\/diariotribuna.com.br\/?p=30064"},"modified":"2025-06-02T23:57:30","modified_gmt":"2025-06-03T02:57:30","slug":"adolescente-de-14-anos-morre-em-acidente-com-onibus-escolar","status":"publish","type":"post","link":"https:\/\/diariotribuna.com.br\/?p=30064","title":{"rendered":"Adolescente de 14 anos morre em acidente com \u00f4nibus escolar"},"content":{"rendered":"\n<figure class=\"wp-block-image size-full is-resized\"><img loading=\"lazy\" decoding=\"async\" width=\"700\" height=\"369\" src=\"https:\/\/diariotribuna.com.br\/wp-content\/uploads\/2025\/05\/image.jpg\" alt=\"\" class=\"wp-image-30065\" style=\"width:471px;height:auto\" srcset=\"https:\/\/diariotribuna.com.br\/wp-content\/uploads\/2025\/05\/image.jpg 700w, https:\/\/diariotribuna.com.br\/wp-content\/uploads\/2025\/05\/image-300x158.jpg 300w, https:\/\/diariotribuna.com.br\/wp-content\/uploads\/2025\/05\/image-696x367.jpg 696w\" sizes=\"(max-width: 700px) 100vw, 700px\" \/><\/figure>\n\n\n\n<p><strong>ITAOBIM \u2013<\/strong> A Pol\u00edcia Militar foi acionada, na sexta-feira (30\/5), para atender um grave acidente de tr\u00e2nsito envolvendo um ve\u00edculo escolar, em uma estrada rural de Itaobim. No local, os militares constataram que se tratava de um \u00f4nibus que transportava estudantes para a escola. Durante o trajeto, ao descer um trecho \u00edngreme e escorregadio devido \u00e0 lama, o motorista perdeu o controle da dire\u00e7\u00e3o. Na tentativa de evitar um desastre maior, lan\u00e7ou o ve\u00edculo contra o barranco, e o \u00f4nibus tombou.<\/p>\n\n\n\n<p>Infelizmente, o acidente resultou na morte de um adolescente de 14 anos. A equipe do Samu foi acionada e prestou os primeiros socorros aos demais ocupantes, conduzindo o motorista ao hospital em estado de choque. A per\u00edcia t\u00e9cnica da Pol\u00edcia Civil esteve presente para apurar as circunst\u00e2ncias do acidente, e as investiga\u00e7\u00f5es seguem para esclarecer os fatos com precis\u00e3o.<\/p>\n\n\n\n<p>O comandante da 80\u00aa Companhia da Pol\u00edcia Militar acompanhou pessoalmente os trabalhos no local. A assessoria de comunica\u00e7\u00e3o do 70\u00aa BPM afirma que as autoridades refor\u00e7am o compromisso com a seguran\u00e7a no transporte escolar e prestam solidariedade \u00e0 fam\u00edlia da v\u00edtima neste momento de dor. (Informa\u00e7\u00f5es: assessoria de comunica\u00e7\u00e3o\/ 70\u00ba BPM\/ Ara\u00e7ua\u00ed).<\/p>\n","protected":false},"excerpt":{"rendered":"<p>ITAOBIM \u2013 A Pol\u00edcia Militar foi acionada, na sexta-feira (30\/5), para atender um grave acidente de tr\u00e2nsito envolvendo um ve\u00edculo escolar, em uma estrada rural de Itaobim. No local, os militares constataram que se tratava de um \u00f4nibus que transportava estudantes para a escola. Durante o trajeto, ao descer um trecho \u00edngreme e escorregadio devido [&hellip;]<\/p>\n","protected":false},"author":1,"featured_media":30065,"comment_status":"open","ping_status":"open","sticky":false,"template":"","format":"standard","meta":{"rop_custom_images_group":[],"rop_custom_messages_group":[],"rop_publish_now":"initial","rop_publish_now_accounts":[],"rop_publish_now_history":[],"rop_publish_now_status":"pending","footnotes":""},"categories":[18],"tags":[125,7190,387,5623],"class_list":["post-30064","post","type-post","status-publish","format-standard","has-post-thumbnail","hentry","category-regiao","tag-acidente","tag-estudantes","tag-itaobim","tag-um-obito"],"_links":{"self":[{"href":"https:\/\/diariotribuna.com.br\/index.php?rest_route=\/wp\/v2\/posts\/30064"}],"collection":[{"href":"https:\/\/diariotribuna.com.br\/index.php?rest_route=\/wp\/v2\/posts"}],"about":[{"href":"https:\/\/diariotribuna.com.br\/index.php?rest_route=\/wp\/v2\/types\/post"}],"author":[{"embeddable":true,"href":"https:\/\/diariotribuna.com.br\/index.php?rest_route=\/wp\/v2\/users\/1"}],"replies":[{"embeddable":true,"href":"https:\/\/diariotribuna.com.br\/index.php?rest_route=%2Fwp%2Fv2%2Fcomments&post=30064"}],"version-history":[{"count":1,"href":"https:\/\/diariotribuna.com.br\/index.php?rest_route=\/wp\/v2\/posts\/30064\/revisions"}],"predecessor-version":[{"id":30066,"href":"https:\/\/diariotribuna.com.br\/index.php?rest_route=\/wp\/v2\/posts\/30064\/revisions\/30066"}],"wp:featuredmedia":[{"embeddable":true,"href":"https:\/\/diariotribuna.com.br\/index.php?rest_route=\/wp\/v2\/media\/30065"}],"wp:attachment":[{"href":"https:\/\/diariotribuna.com.br\/index.php?rest_route=%2Fwp%2Fv2%2Fmedia&parent=30064"}],"wp:term":[{"taxonomy":"category","embeddable":true,"href":"https:\/\/diariotribuna.com.br\/index.php?rest_route=%2Fwp%2Fv2%2Fcategories&post=30064"},{"taxonomy":"post_tag","embeddable":true,"href":"https:\/\/diariotribuna.com.br\/index.php?rest_route=%2Fwp%2Fv2%2Ftags&post=30064"}],"curies":[{"name":"wp","href":"https:\/\/api.w.org\/{rel}","templated":true}]}}