{"id":30067,"date":"2025-05-31T21:25:38","date_gmt":"2025-06-01T00:25:38","guid":{"rendered":"https:\/\/diariotribuna.com.br\/?p=30067"},"modified":"2025-05-31T21:25:39","modified_gmt":"2025-06-01T00:25:39","slug":"sindcomercio-de-teofilo-otoni-marca-presenca-no-40o-cnse-com-foco-em-inovacao-e-desenvolvimento","status":"publish","type":"post","link":"https:\/\/diariotribuna.com.br\/?p=30067","title":{"rendered":"Sindcom\u00e9rcio de Te\u00f3filo Otoni marca presen\u00e7a no 40\u00ba CNSE com foco em inova\u00e7\u00e3o e desenvolvimento"},"content":{"rendered":"\n<figure class=\"wp-block-image size-full is-resized\"><img loading=\"lazy\" decoding=\"async\" width=\"700\" height=\"423\" src=\"https:\/\/diariotribuna.com.br\/wp-content\/uploads\/2025\/05\/Imagem-do-WhatsApp-de-2025-05-31-as-11.16.09_d93a668c.jpg\" alt=\"\" class=\"wp-image-30068\" style=\"width:552px;height:auto\" srcset=\"https:\/\/diariotribuna.com.br\/wp-content\/uploads\/2025\/05\/Imagem-do-WhatsApp-de-2025-05-31-as-11.16.09_d93a668c.jpg 700w, https:\/\/diariotribuna.com.br\/wp-content\/uploads\/2025\/05\/Imagem-do-WhatsApp-de-2025-05-31-as-11.16.09_d93a668c-300x181.jpg 300w, https:\/\/diariotribuna.com.br\/wp-content\/uploads\/2025\/05\/Imagem-do-WhatsApp-de-2025-05-31-as-11.16.09_d93a668c-696x421.jpg 696w, https:\/\/diariotribuna.com.br\/wp-content\/uploads\/2025\/05\/Imagem-do-WhatsApp-de-2025-05-31-as-11.16.09_d93a668c-695x420.jpg 695w\" sizes=\"(max-width: 700px) 100vw, 700px\" \/><\/figure>\n\n\n\n<p>O Sindcom\u00e9rcio de Te\u00f3filo Otoni, representado por seu presidente Leonardo Ramos e toda a diretoria, participou ativamente do 40\u00ba Congresso Nacional do Com\u00e9rcio (CNSE), realizado em S\u00e3o Paulo, de 28 a 30 de maio de 2025. O evento reuniu lideran\u00e7as empresariais de todo o pa\u00eds para debater temas estrat\u00e9gicos voltados \u00e0 inova\u00e7\u00e3o, sustentabilidade e fortalecimento do setor comercial.<\/p>\n\n\n\n<p>A programa\u00e7\u00e3o do congresso foi marcada por uma rica diversidade de palestras, oficinas e debates, abordando desde intelig\u00eancia artificial nas micro e pequenas empresas (MPEs) at\u00e9 novas compet\u00eancias tecnol\u00f3gicas para lideran\u00e7a do futuro, al\u00e9m de temas de extrema relev\u00e2ncia como a contribui\u00e7\u00e3o assistencial e a reforma da jornada de trabalho.<\/p>\n\n\n\n<figure class=\"wp-block-gallery has-nested-images columns-2 is-cropped wp-block-gallery-1 is-layout-flex wp-block-gallery-is-layout-flex\">\n<figure class=\"wp-block-image size-large\"><img loading=\"lazy\" decoding=\"async\" width=\"700\" height=\"407\" data-id=\"30072\" src=\"https:\/\/diariotribuna.com.br\/wp-content\/uploads\/2025\/05\/Imagem-do-WhatsApp-de-2025-05-31-as-11.16.10_40563bfa.jpg\" alt=\"\" class=\"wp-image-30072\" srcset=\"https:\/\/diariotribuna.com.br\/wp-content\/uploads\/2025\/05\/Imagem-do-WhatsApp-de-2025-05-31-as-11.16.10_40563bfa.jpg 700w, https:\/\/diariotribuna.com.br\/wp-content\/uploads\/2025\/05\/Imagem-do-WhatsApp-de-2025-05-31-as-11.16.10_40563bfa-300x174.jpg 300w, https:\/\/diariotribuna.com.br\/wp-content\/uploads\/2025\/05\/Imagem-do-WhatsApp-de-2025-05-31-as-11.16.10_40563bfa-696x405.jpg 696w\" sizes=\"(max-width: 700px) 100vw, 700px\" \/><\/figure>\n\n\n\n<figure class=\"wp-block-image size-large\"><img loading=\"lazy\" decoding=\"async\" width=\"700\" height=\"402\" data-id=\"30069\" src=\"https:\/\/diariotribuna.com.br\/wp-content\/uploads\/2025\/05\/Imagem-do-WhatsApp-de-2025-05-31-as-11.16.10_4272be65.jpg\" alt=\"\" class=\"wp-image-30069\" srcset=\"https:\/\/diariotribuna.com.br\/wp-content\/uploads\/2025\/05\/Imagem-do-WhatsApp-de-2025-05-31-as-11.16.10_4272be65.jpg 700w, https:\/\/diariotribuna.com.br\/wp-content\/uploads\/2025\/05\/Imagem-do-WhatsApp-de-2025-05-31-as-11.16.10_4272be65-300x172.jpg 300w, https:\/\/diariotribuna.com.br\/wp-content\/uploads\/2025\/05\/Imagem-do-WhatsApp-de-2025-05-31-as-11.16.10_4272be65-696x400.jpg 696w\" sizes=\"(max-width: 700px) 100vw, 700px\" \/><\/figure>\n\n\n\n<figure class=\"wp-block-image size-large\"><img loading=\"lazy\" decoding=\"async\" width=\"700\" height=\"415\" data-id=\"30071\" src=\"https:\/\/diariotribuna.com.br\/wp-content\/uploads\/2025\/05\/Imagem-do-WhatsApp-de-2025-05-31-as-11.16.09_ce863020.jpg\" alt=\"\" class=\"wp-image-30071\" srcset=\"https:\/\/diariotribuna.com.br\/wp-content\/uploads\/2025\/05\/Imagem-do-WhatsApp-de-2025-05-31-as-11.16.09_ce863020.jpg 700w, https:\/\/diariotribuna.com.br\/wp-content\/uploads\/2025\/05\/Imagem-do-WhatsApp-de-2025-05-31-as-11.16.09_ce863020-300x178.jpg 300w, https:\/\/diariotribuna.com.br\/wp-content\/uploads\/2025\/05\/Imagem-do-WhatsApp-de-2025-05-31-as-11.16.09_ce863020-696x413.jpg 696w\" sizes=\"(max-width: 700px) 100vw, 700px\" \/><\/figure>\n\n\n\n<figure class=\"wp-block-image size-large\"><img loading=\"lazy\" decoding=\"async\" width=\"700\" height=\"404\" data-id=\"30073\" src=\"https:\/\/diariotribuna.com.br\/wp-content\/uploads\/2025\/05\/Imagem-do-WhatsApp-de-2025-05-31-as-11.16.10_a438599c.jpg\" alt=\"\" class=\"wp-image-30073\" srcset=\"https:\/\/diariotribuna.com.br\/wp-content\/uploads\/2025\/05\/Imagem-do-WhatsApp-de-2025-05-31-as-11.16.10_a438599c.jpg 700w, https:\/\/diariotribuna.com.br\/wp-content\/uploads\/2025\/05\/Imagem-do-WhatsApp-de-2025-05-31-as-11.16.10_a438599c-300x173.jpg 300w, https:\/\/diariotribuna.com.br\/wp-content\/uploads\/2025\/05\/Imagem-do-WhatsApp-de-2025-05-31-as-11.16.10_a438599c-696x402.jpg 696w\" sizes=\"(max-width: 700px) 100vw, 700px\" \/><\/figure>\n<\/figure>\n\n\n\n<p>Em destaque, a Federa\u00e7\u00e3o do Com\u00e9rcio de Minas Gerais (Fecom\u00e9rcio MG), sob a lideran\u00e7a do presidente Nadim Donato, levou ao evento a maior comitiva do congresso, reafirmando a for\u00e7a e protagonismo mineiro na defesa dos interesses do com\u00e9rcio e dos sindicatos filiados.<\/p>\n\n\n\n<p>\u201c\u00c9 motivo de orgulho representar nossa cidade e nossos empres\u00e1rios em um congresso t\u00e3o significativo. Estamos aqui para aprender, compartilhar experi\u00eancias e lutar pelo fortalecimento do com\u00e9rcio de Te\u00f3filo Otoni. Nosso compromisso \u00e9 com o crescimento, a inova\u00e7\u00e3o e a valoriza\u00e7\u00e3o dos nossos representados\u201d, declarou o presidente Leonardo Ramos.<\/p>\n\n\n\n<figure class=\"wp-block-gallery has-nested-images columns-default is-cropped wp-block-gallery-2 is-layout-flex wp-block-gallery-is-layout-flex\">\n<figure class=\"wp-block-image size-large\"><img loading=\"lazy\" decoding=\"async\" width=\"700\" height=\"431\" data-id=\"30074\" src=\"https:\/\/diariotribuna.com.br\/wp-content\/uploads\/2025\/05\/502699862_18404634592108518_1920933350453333651_n.jpg\" alt=\"\" class=\"wp-image-30074\" srcset=\"https:\/\/diariotribuna.com.br\/wp-content\/uploads\/2025\/05\/502699862_18404634592108518_1920933350453333651_n.jpg 700w, https:\/\/diariotribuna.com.br\/wp-content\/uploads\/2025\/05\/502699862_18404634592108518_1920933350453333651_n-300x185.jpg 300w, https:\/\/diariotribuna.com.br\/wp-content\/uploads\/2025\/05\/502699862_18404634592108518_1920933350453333651_n-356x220.jpg 356w, https:\/\/diariotribuna.com.br\/wp-content\/uploads\/2025\/05\/502699862_18404634592108518_1920933350453333651_n-696x429.jpg 696w, https:\/\/diariotribuna.com.br\/wp-content\/uploads\/2025\/05\/502699862_18404634592108518_1920933350453333651_n-682x420.jpg 682w\" sizes=\"(max-width: 700px) 100vw, 700px\" \/><\/figure>\n\n\n\n<figure class=\"wp-block-image size-large\"><img loading=\"lazy\" decoding=\"async\" width=\"700\" height=\"475\" data-id=\"30076\" src=\"https:\/\/diariotribuna.com.br\/wp-content\/uploads\/2025\/05\/Imagem-do-WhatsApp-de-2025-05-31-as-11.19.16_2b8a0a69.jpg\" alt=\"\" class=\"wp-image-30076\" srcset=\"https:\/\/diariotribuna.com.br\/wp-content\/uploads\/2025\/05\/Imagem-do-WhatsApp-de-2025-05-31-as-11.19.16_2b8a0a69.jpg 700w, https:\/\/diariotribuna.com.br\/wp-content\/uploads\/2025\/05\/Imagem-do-WhatsApp-de-2025-05-31-as-11.19.16_2b8a0a69-300x204.jpg 300w, https:\/\/diariotribuna.com.br\/wp-content\/uploads\/2025\/05\/Imagem-do-WhatsApp-de-2025-05-31-as-11.19.16_2b8a0a69-696x472.jpg 696w, https:\/\/diariotribuna.com.br\/wp-content\/uploads\/2025\/05\/Imagem-do-WhatsApp-de-2025-05-31-as-11.19.16_2b8a0a69-619x420.jpg 619w\" sizes=\"(max-width: 700px) 100vw, 700px\" \/><\/figure>\n<\/figure>\n\n\n\n<p>A presen\u00e7a do Sindcom\u00e9rcio no CNSE refor\u00e7a seu empenho cont\u00ednuo em buscar solu\u00e7\u00f5es modernas, conhecimento e conex\u00f5es que possam se traduzir em benef\u00edcios concretos para os empres\u00e1rios locais. A entidade tem atuado com firmeza na promo\u00e7\u00e3o de a\u00e7\u00f5es, parcerias e capacita\u00e7\u00f5es que contribuem para o desenvolvimento econ\u00f4mico da regi\u00e3o.<\/p>\n\n\n\n<p>O Sindcom\u00e9rcio convida todos os empres\u00e1rios e empreendedores de Te\u00f3filo Otoni a se engajarem nas a\u00e7\u00f5es e eventos promovidos pela entidade, que t\u00eam como foco a melhoria da gest\u00e3o, o acesso \u00e0 inova\u00e7\u00e3o e o fortalecimento das empresas. Todas essas iniciativas s\u00e3o direcionadas para levar mais desenvolvimento \u00e0 nossa cidade e construir um ambiente comercial mais forte e competitivo. Sind. Por Te\u00f3filo Otoni. Por sua empresa.&nbsp;Por&nbsp;voc\u00ea. (Assessoria de comunica\u00e7\u00e3o\/ Sindcom\u00e9rcio Te\u00f3filo Otoni).<\/p>\n","protected":false},"excerpt":{"rendered":"<p>O Sindcom\u00e9rcio de Te\u00f3filo Otoni, representado por seu presidente Leonardo Ramos e toda a diretoria, participou ativamente do 40\u00ba Congresso Nacional do Com\u00e9rcio (CNSE), realizado em S\u00e3o Paulo, de 28 a 30 de maio de 2025. O evento reuniu lideran\u00e7as empresariais de todo o pa\u00eds para debater temas estrat\u00e9gicos voltados \u00e0 inova\u00e7\u00e3o, sustentabilidade e fortalecimento [&hellip;]<\/p>\n","protected":false},"author":1,"featured_media":30068,"comment_status":"open","ping_status":"open","sticky":false,"template":"","format":"standard","meta":{"rop_custom_images_group":[],"rop_custom_messages_group":[],"rop_publish_now":"initial","rop_publish_now_accounts":[],"rop_publish_now_history":[],"rop_publish_now_status":"pending","footnotes":""},"categories":[25,19],"tags":[7191,7192,4123,221,75],"class_list":["post-30067","post","type-post","status-publish","format-standard","has-post-thumbnail","hentry","category-destaque","category-gerais","tag-40o-cnse","tag-inovacao-e-desenvolvimento","tag-sao-paulo","tag-sindcomercio","tag-teofilo-otoni"],"_links":{"self":[{"href":"https:\/\/diariotribuna.com.br\/index.php?rest_route=\/wp\/v2\/posts\/30067"}],"collection":[{"href":"https:\/\/diariotribuna.com.br\/index.php?rest_route=\/wp\/v2\/posts"}],"about":[{"href":"https:\/\/diariotribuna.com.br\/index.php?rest_route=\/wp\/v2\/types\/post"}],"author":[{"embeddable":true,"href":"https:\/\/diariotribuna.com.br\/index.php?rest_route=\/wp\/v2\/users\/1"}],"replies":[{"embeddable":true,"href":"https:\/\/diariotribuna.com.br\/index.php?rest_route=%2Fwp%2Fv2%2Fcomments&post=30067"}],"version-history":[{"count":1,"href":"https:\/\/diariotribuna.com.br\/index.php?rest_route=\/wp\/v2\/posts\/30067\/revisions"}],"predecessor-version":[{"id":30081,"href":"https:\/\/diariotribuna.com.br\/index.php?rest_route=\/wp\/v2\/posts\/30067\/revisions\/30081"}],"wp:featuredmedia":[{"embeddable":true,"href":"https:\/\/diariotribuna.com.br\/index.php?rest_route=\/wp\/v2\/media\/30068"}],"wp:attachment":[{"href":"https:\/\/diariotribuna.com.br\/index.php?rest_route=%2Fwp%2Fv2%2Fmedia&parent=30067"}],"wp:term":[{"taxonomy":"category","embeddable":true,"href":"https:\/\/diariotribuna.com.br\/index.php?rest_route=%2Fwp%2Fv2%2Fcategories&post=30067"},{"taxonomy":"post_tag","embeddable":true,"href":"https:\/\/diariotribuna.com.br\/index.php?rest_route=%2Fwp%2Fv2%2Ftags&post=30067"}],"curies":[{"name":"wp","href":"https:\/\/api.w.org\/{rel}","templated":true}]}}