{"id":30082,"date":"2025-06-02T12:15:37","date_gmt":"2025-06-02T15:15:37","guid":{"rendered":"https:\/\/diariotribuna.com.br\/?p=30082"},"modified":"2025-06-02T12:15:37","modified_gmt":"2025-06-02T15:15:37","slug":"eletrobras-investe-no-norte-de-minas","status":"publish","type":"post","link":"https:\/\/diariotribuna.com.br\/?p=30082","title":{"rendered":"Eletrobras investe no Norte de Minas\u00a0"},"content":{"rendered":"<p><em><span>Foto: Divulga\u00e7\u00e3o<\/span><\/em><\/p>\n<p><strong><span>COLUNA MG<\/span><\/strong><br \/><span>Principais destaques dos jornais e portais integrantes da rede Sindijori MG\u00a0<\/span><br \/><span><a href=\"http:\/\/www.sindijorimg.com.br\/\">www.sindijorimg.com.br<\/a><\/span><\/p>\n<p><strong><span>Eletrobras investe no Norte de Minas<\/span><\/strong><br \/><span>A Eletrobras iniciou as obras de uma linha de transmiss\u00e3o de 500 mil volts que vai interligar as subesta\u00e7\u00f5es de energia de Jana\u00faba 6 e Presidente Juscelino, no Norte de Minas Gerais. O projeto, realizado pela Sociedade de Prop\u00f3sito Espec\u00edfico (SPE) Nova Era Janapu, conta com investimento previsto de R$ 680 milh\u00f5es e promete viabilizar o escoamento de energia limpa na regi\u00e3o, em especial a solar. Com cerca de 293 quil\u00f4metros de extens\u00e3o, a nova linha passar\u00e1 por dez munic\u00edpios mineiros: Capit\u00e3o En\u00e9as; Francisco S\u00e1; Montes Claros; Bocaiuva; Olhos D\u2019\u00c1gua; Buen\u00f3polis; Augusto de Lima; Santo Hip\u00f3lito, Monjolos e Presidente Juscelino. (Di\u00e1rio do Com\u00e9rcio \u2013 Belo Horizonte)<\/span><br \/><span><a href=\"https:\/\/diariodocomercio.com.br\/economia\/eletrobras-energia-norte-minas-gerais-linha-transmissao\/\">https:\/\/diariodocomercio.com.br\/economia\/eletrobras-energia-norte-minas-gerais-linha-transmissao\/<\/a><\/span><\/p>\n<p><strong><span>Comunidades rurais far\u00e3o parceria<\/span><\/strong><br \/><span>O Sindicato Rural de Montes Claros, representado pela vice-presidente Hilda Loschi, reuniu-se, na Secretaria Municipal de Desenvolvimento Social, para articular uma a\u00e7\u00e3o integrada na comunidade rural de S\u00e3o Pedro das Gar\u00e7as. O encontro abordou os resultados de um diagn\u00f3stico territorial que revelou graves problemas na regi\u00e3o, incluindo inexist\u00eancia de documenta\u00e7\u00e3o, alta taxa de analfabetismo, viol\u00eancia dom\u00e9stica, isolamento social, gravidez na adolesc\u00eancia, falta de saneamento b\u00e1sico, al\u00e9m de dificuldades no recadastramento de idosos e acesso ao Bolsa Fam\u00edlia. (Gazeta Norte Mineira &#8211; Montes Claros)<\/span><br \/><span><a href=\"https:\/\/gazetanm.com.br\/comunidades-rurais-receberao-acao-conjunta-em-parceria-com-o-sindicato-rural-2\/\">https:\/\/gazetanm.com.br\/comunidades-rurais-receberao-acao-conjunta-em-parceria-com-o-sindicato-rural-2\/<\/a><\/span><\/p>\n<p><strong><span>Uberaba vigilante com a gripe<\/span><\/strong><br \/><span>Em reuni\u00e3o na quinta-feira, 29, no Centro Administrativo, representantes de v\u00e1rias secretarias municipais de Uberaba debateram medidas de seguran\u00e7a em raz\u00e3o da gripe avi\u00e1ria, que teve um caso registrado em Minas Gerais, nessa semana.\u00a0 A reuni\u00e3o conduzida pelo secret\u00e1rio do Agroneg\u00f3cio, Agnaldo Silva, que relatou que o prop\u00f3sito das tratativas \u00e9 de preparar as equipes da Prefeitura de Uberaba para que redobrem as aten\u00e7\u00f5es em \u00e1reas p\u00fablicas diante de aves com suspeita da doen\u00e7a e venda e transporte irregulares de animais. (Jornal da Manh\u00e3 \u2013 Uberaba)<\/span><br \/><span>\u00a0<a href=\"https:\/\/www.jmonline.com.br\/cidade\/uberaba-segue-vigilante-em-relac-o-a-gripe-aviaria-1.507744\">https:\/\/www.jmonline.com.br\/cidade\/uberaba-segue-vigilante-em-relac-o-a-gripe-aviaria-1.507744<\/a><\/span><\/p>\n<p><strong><span>Festa do Arroz \u00e9 cancelada<\/span><\/strong><br \/><span>A Prefeitura de Vargem Alegre cancelou oficialmente a Festa do Arroz 2025. De acordo com a nota da Prefeitura, o evento, que depende integralmente de recursos pr\u00f3prios, n\u00e3o conta com apoio de Leis de Incentivo \u00e0 Cultura outros mecanismos de fomento externo, o que demandaria a loca\u00e7\u00e3o de verbas municipais em um momento que exige m\u00e1xima responsabilidade com o or\u00e7amento p\u00fablico. E que, a Prefeitura e sua equipe de gest\u00e3o compreendem a import\u00e2ncia da festa, mas neste momento optam porca canalizar os investimentos para \u00e1reas sens\u00edveis e urgentes, como Sa\u00fade, Educa\u00e7\u00e3o e Obras de infraestrutura (Jornal dos Vales)<\/span><br \/><span><a href=\"https:\/\/www.jornaldosvales.com.br\/noticia\/55108\/nota-oficial-prefeitura-de-vargem-alegre-cancela-festa-do-arroz\">https:\/\/www.jornaldosvales.com.br\/noticia\/55108\/nota-oficial-prefeitura-de-vargem-alegre-cancela-festa-do-arroz<\/a><\/span><\/p>\n<p><strong><span>Evento Fecom\u00e9rcio chega a Caratinga<\/span><\/strong><br \/><span>O Sistema Fecom\u00e9rcio MG na Rua, evento itinerante do Sistema Fecom\u00e9rcio MG, Sesc, Senac e Sindicatos Empresariais, chega em Caratinga no dia 05 de junho e prossegue at\u00e9 o dia 08 (domingo). O evento, com todas as atividades gratuitas, ser\u00e1 realizado na Pra\u00e7a Ces\u00e1rio Alvim. O Inova Varejo, evento gratuito que acontece na quinta (05), dedicado aos empres\u00e1rios do com\u00e9rcio de Caratinga. Este \u00e9 o terceiro ano do projeto que, em Caratinga, realiza sua 25\u00aa edi\u00e7\u00e3o. O Sistema Fecom\u00e9rcio MG na Rua movimenta o com\u00e9rcio da cidade, antes e depois do evento, com uma temporada de promo\u00e7\u00f5es de duas semanas ininterruptas. (Di\u00e1rio de Caratinga)<\/span><br \/><span><a href=\"https:\/\/diariodecaratinga.com.br\/evento-sistema-fecomercio-mg-na-rua-chega-em-caratinga-no-dia-5-de-junho\/\">https:\/\/diariodecaratinga.com.br\/evento-sistema-fecomercio-mg-na-rua-chega-em-caratinga-no-dia-5-de-junho\/<\/a><\/span><\/p>\n<p><strong><span>Chef de GV representou Minas<\/span><\/strong><br \/><span>A chef Bruna Matos, de 27 anos, representou Minas Gerais com na 3\u00aa edi\u00e7\u00e3o do Concurso da Associa\u00e7\u00e3o Brasileira de Chefs de Cozinha e Bartenders. Ela conquistou o 1\u00ba lugar na categoria \u201cComida Afetiva\u201d, com um prato que homenageia suas ra\u00edzes familiares e a culin\u00e1ria mineira. O prato \u201cCasa de Dona Rosa\u201d \u00e9 uma cria\u00e7\u00e3o autoral de Bruna e traz como base o angu de milho verde, com um toque de laranja e queijo minas. A receita leva ainda farofa de milho verde, mi\u00fados de galinha como prote\u00edna principal e o aproveitamento de talos de couve como diferencial. (Portal Vem Ve Gv)<\/span><br \/><span><a href=\"https:\/\/vemvegv.com.br\/chef-de-valadares-tem-trabalho-reconhecido-em-concurso-nacional\/\">https:\/\/vemvegv.com.br\/chef-de-valadares-tem-trabalho-reconhecido-em-concurso-nacional\/<\/a><\/span><\/p>\n<p><span><\/span><\/p>\n<p>\u00a0<\/p>","protected":false},"excerpt":{"rendered":"<p>Foto: Divulga\u00e7\u00e3o COLUNA MGPrincipais destaques dos jornais e portais integrantes da rede Sindijori MG\u00a0www.sindijorimg.com.br Eletrobras investe no Norte de MinasA Eletrobras iniciou as obras de uma linha de transmiss\u00e3o de 500 mil volts que vai interligar as subesta\u00e7\u00f5es de energia de Jana\u00faba 6 e Presidente Juscelino, no Norte de Minas Gerais. O projeto, realizado pela [&hellip;]<\/p>\n","protected":false},"author":0,"featured_media":30083,"comment_status":"open","ping_status":"open","sticky":false,"template":"","format":"standard","meta":{"rop_custom_images_group":[],"rop_custom_messages_group":[],"rop_publish_now":"initial","rop_publish_now_accounts":[],"rop_publish_now_history":[],"rop_publish_now_status":"pending","footnotes":""},"categories":[6745],"tags":[],"class_list":["post-30082","post","type-post","status-publish","format-standard","has-post-thumbnail","hentry","category-coluna-sindijori"],"_links":{"self":[{"href":"https:\/\/diariotribuna.com.br\/index.php?rest_route=\/wp\/v2\/posts\/30082"}],"collection":[{"href":"https:\/\/diariotribuna.com.br\/index.php?rest_route=\/wp\/v2\/posts"}],"about":[{"href":"https:\/\/diariotribuna.com.br\/index.php?rest_route=\/wp\/v2\/types\/post"}],"replies":[{"embeddable":true,"href":"https:\/\/diariotribuna.com.br\/index.php?rest_route=%2Fwp%2Fv2%2Fcomments&post=30082"}],"version-history":[{"count":0,"href":"https:\/\/diariotribuna.com.br\/index.php?rest_route=\/wp\/v2\/posts\/30082\/revisions"}],"wp:featuredmedia":[{"embeddable":true,"href":"https:\/\/diariotribuna.com.br\/index.php?rest_route=\/wp\/v2\/media\/30083"}],"wp:attachment":[{"href":"https:\/\/diariotribuna.com.br\/index.php?rest_route=%2Fwp%2Fv2%2Fmedia&parent=30082"}],"wp:term":[{"taxonomy":"category","embeddable":true,"href":"https:\/\/diariotribuna.com.br\/index.php?rest_route=%2Fwp%2Fv2%2Fcategories&post=30082"},{"taxonomy":"post_tag","embeddable":true,"href":"https:\/\/diariotribuna.com.br\/index.php?rest_route=%2Fwp%2Fv2%2Ftags&post=30082"}],"curies":[{"name":"wp","href":"https:\/\/api.w.org\/{rel}","templated":true}]}}