{"id":30088,"date":"2025-06-02T17:19:26","date_gmt":"2025-06-02T20:19:26","guid":{"rendered":"https:\/\/diariotribuna.com.br\/?p=30088"},"modified":"2025-06-02T17:19:26","modified_gmt":"2025-06-02T20:19:26","slug":"parceria-entre-sindicatos-da-camara-da-comunicacao-garante-mercados-e-visibilidade-internacional-para-produtos-mineiros","status":"publish","type":"post","link":"https:\/\/diariotribuna.com.br\/?p=30088","title":{"rendered":"Parceria entre sindicatos da C\u00e2mara da Comunica\u00e7\u00e3o garante mercados e visibilidade internacional para produtos mineiros\u00a0"},"content":{"rendered":"<p><strong>Intelig\u00eancia Artificial, competitividade e associativismo tamb\u00e9m foram destaques na reuni\u00e3o do colegiado.<\/strong><\/p>\n<p>A <strong>parceria consistente entre os sindicatos da C\u00e2mara da Ind\u00fastria da Comunica\u00e7\u00e3o<\/strong>, aliada ao apoio do <strong>Sistema FIEMG em inova\u00e7\u00e3o e competitividade<\/strong>, foi destaque na reuni\u00e3o do colegiado, realizada na sede da entidade. O presidente da C\u00e2mara, <strong>Rodrigo Fernandes<\/strong>, destacou que <strong>todos os elos do processo produtivo do setor est\u00e3o representados na C\u00e2mara<\/strong>, e celebrou os resultados alcan\u00e7ados em maio:<\/p>\n<p><strong>\u201cForam resultados impressionantes, fruto da intera\u00e7\u00e3o entre os membros \u2014 desde a forma\u00e7\u00e3o profissional, passando pela produ\u00e7\u00e3o, at\u00e9 as diversas formas de divulga\u00e7\u00e3o por meio da comunica\u00e7\u00e3o\u201d<\/strong>, comemorou.<\/p>\n<p>Nesse contexto, uma <strong>parceria in\u00e9dita entre os sindicatos integrantes da C\u00e2mara<\/strong> proporcionou a produ\u00e7\u00e3o de material promocional que pode <strong>abrir e ampliar mercados para produtos industriais mineiros no exterior<\/strong>. A <strong>Primacor<\/strong>, empresa associada ao <strong>Sindicato da Ind\u00fastria Gr\u00e1fica de Minas Gerais (Sigemg)<\/strong> \u2014 presidido por <strong>Vicente Aleixo Dias<\/strong> \u2014, foi respons\u00e1vel pela impress\u00e3o dos folders de apresenta\u00e7\u00e3o do cinema mineiro. Esse material foi utilizado pelo <strong>Sindicato da Ind\u00fastria Audiovisual (Sindav)<\/strong>, que representou Minas Gerais no <strong>Festival de Cinema de Cannes<\/strong>, o maior do setor no mundo, realizado em maio.<\/p>\n<p>A presidente do Sindav, <strong>Daniela Fernandes<\/strong>, destacou a import\u00e2ncia da colabora\u00e7\u00e3o:<\/p>\n<p><strong>\u201cEssa parceria foi fundamental para que o mundo conhecesse as nove produ\u00e7\u00f5es mineiras apresentadas em Cannes, que devem ser a base para muitos neg\u00f3cios que est\u00e3o por vir\u201d<\/strong>, ressaltou.<\/p>\n<h3><strong>Produ\u00e7\u00e3o mineira como refer\u00eancia internacional<\/strong><\/h3>\n<p>Entre os nove filmes apresentados em Cannes estava <strong>\u201cMaria: A Rainha Louca\u201d<\/strong>, que contou com apoio da <strong>Escola SENAI Audiovisual<\/strong>, tanto no processo de produ\u00e7\u00e3o quanto na elabora\u00e7\u00e3o de roteiro e figurinos. A gerente da escola, <strong>Karla Bittar<\/strong>, fez um balan\u00e7o das atividades e anunciou uma novidade:<\/p>\n<p><strong>\u201cEstamos elaborando uma proposta para interiorizar nossos cursos, levando forma\u00e7\u00e3o audiovisual para todas as regi\u00f5es do estado\u201d<\/strong>, afirmou.<\/p>\n<p>A reuni\u00e3o tamb\u00e9m contou com a presen\u00e7a da <strong>secret\u00e1ria de Cultura de Belo Horizonte, Eliane Parreiras<\/strong>, que falou sobre a miss\u00e3o mineira, coordenada por ela, no Festival de Cannes. Ela elogiou os esfor\u00e7os da FIEMG:<\/p>\n<p><strong>\u201c\u00c9 uma satisfa\u00e7\u00e3o estar aqui, vendo os resultados de um trabalho que se consolida\u201d<\/strong>, destacou.<\/p>\n<p>Em seguida, passou a palavra para <strong>Thaylane Cristina<\/strong>, coordenadora da <strong>BH Film Commission<\/strong>, que apresentou um balan\u00e7o das atividades e dos avan\u00e7os da capital como <strong>polo de produ\u00e7\u00e3o cinematogr\u00e1fica<\/strong>.<\/p>\n<h3><strong>Inova\u00e7\u00e3o, tecnologia e defesa do setor<\/strong><\/h3>\n<p>Outro ponto de destaque na reuni\u00e3o foi a apresenta\u00e7\u00e3o das solu\u00e7\u00f5es em <strong>Intelig\u00eancia Artificial oferecidas pelo Instituto Euvaldo Lodi (IEL)<\/strong>, atrav\u00e9s da <strong>Ger\u00eancia de Projetos para a Ind\u00fastria<\/strong>. A palestra foi conduzida pela analista <strong>Alice Machado Campos e Souza<\/strong>, que detalhou como a IA pode apoiar o desenvolvimento das ind\u00fastrias criativas.<\/p>\n<p>Al\u00e9m disso, foi ressaltado o sucesso do <strong>Semin\u00e1rio da Ind\u00fastria Gr\u00e1fica<\/strong>, realizado em maio, dentro do programa <strong>FIEMG Competitiva<\/strong>. A analista <strong>Ana Isabella Ferrarez<\/strong>, que tamb\u00e9m apoia o <strong>Sindicato dos Propriet\u00e1rios de Jornais, Portais, Revistas e Similares do Estado de Minas Gerais (Sindijori)<\/strong>, relatou as dificuldades enfrentadas pelo setor em raz\u00e3o dos crit\u00e9rios atuais de <strong>geolocaliza\u00e7\u00e3o de acessos<\/strong>, utilizados como base para a remunera\u00e7\u00e3o de publicidade em meios digitais por governos e entidades mineiras.<\/p>\n\n<p>O presidente da C\u00e2mara e do Sindijori, <strong>Rodrigo Fernandes<\/strong>, solicitou ao IEL <strong>orienta\u00e7\u00f5es e apoio t\u00e9cnico para a elabora\u00e7\u00e3o de um parecer<\/strong>, que <strong>subsidiar\u00e1 a defesa dos interesses de um setor estrat\u00e9gico para a ind\u00fastria da comunica\u00e7\u00e3o em Minas Gerais<\/strong>.<\/p>\n<p>\u00a0<\/p>","protected":false},"excerpt":{"rendered":"<p>Intelig\u00eancia Artificial, competitividade e associativismo tamb\u00e9m foram destaques na reuni\u00e3o do colegiado. A parceria consistente entre os sindicatos da C\u00e2mara da Ind\u00fastria da Comunica\u00e7\u00e3o, aliada ao apoio do Sistema FIEMG em inova\u00e7\u00e3o e competitividade, foi destaque na reuni\u00e3o do colegiado, realizada na sede da entidade. O presidente da C\u00e2mara, Rodrigo Fernandes, destacou que todos os [&hellip;]<\/p>\n","protected":false},"author":0,"featured_media":30089,"comment_status":"open","ping_status":"open","sticky":false,"template":"","format":"standard","meta":{"rop_custom_images_group":[],"rop_custom_messages_group":[],"rop_publish_now":"initial","rop_publish_now_accounts":[],"rop_publish_now_history":[],"rop_publish_now_status":"pending","footnotes":""},"categories":[6745],"tags":[],"class_list":["post-30088","post","type-post","status-publish","format-standard","has-post-thumbnail","hentry","category-coluna-sindijori"],"_links":{"self":[{"href":"https:\/\/diariotribuna.com.br\/index.php?rest_route=\/wp\/v2\/posts\/30088"}],"collection":[{"href":"https:\/\/diariotribuna.com.br\/index.php?rest_route=\/wp\/v2\/posts"}],"about":[{"href":"https:\/\/diariotribuna.com.br\/index.php?rest_route=\/wp\/v2\/types\/post"}],"replies":[{"embeddable":true,"href":"https:\/\/diariotribuna.com.br\/index.php?rest_route=%2Fwp%2Fv2%2Fcomments&post=30088"}],"version-history":[{"count":0,"href":"https:\/\/diariotribuna.com.br\/index.php?rest_route=\/wp\/v2\/posts\/30088\/revisions"}],"wp:featuredmedia":[{"embeddable":true,"href":"https:\/\/diariotribuna.com.br\/index.php?rest_route=\/wp\/v2\/media\/30089"}],"wp:attachment":[{"href":"https:\/\/diariotribuna.com.br\/index.php?rest_route=%2Fwp%2Fv2%2Fmedia&parent=30088"}],"wp:term":[{"taxonomy":"category","embeddable":true,"href":"https:\/\/diariotribuna.com.br\/index.php?rest_route=%2Fwp%2Fv2%2Fcategories&post=30088"},{"taxonomy":"post_tag","embeddable":true,"href":"https:\/\/diariotribuna.com.br\/index.php?rest_route=%2Fwp%2Fv2%2Ftags&post=30088"}],"curies":[{"name":"wp","href":"https:\/\/api.w.org\/{rel}","templated":true}]}}