{"id":30090,"date":"2025-06-02T23:57:08","date_gmt":"2025-06-03T02:57:08","guid":{"rendered":"https:\/\/diariotribuna.com.br\/?p=30090"},"modified":"2025-06-02T23:57:09","modified_gmt":"2025-06-03T02:57:09","slug":"cancelamento-de-titulos-eleitores-ja-podem-requerer-regularizacao","status":"publish","type":"post","link":"https:\/\/diariotribuna.com.br\/?p=30090","title":{"rendered":"Cancelamento de t\u00edtulos: eleitores j\u00e1 podem requerer regulariza\u00e7\u00e3o"},"content":{"rendered":"\n<p><em><em>Eleitores que n\u00e3o regularizaram a situa\u00e7\u00e3o at\u00e9 19 de maio devem pagar a multa e requerer a regulariza\u00e7\u00e3o do documento<\/em><\/em><\/p>\n\n\n\n<figure class=\"wp-block-image size-full is-resized\"><img loading=\"lazy\" decoding=\"async\" width=\"650\" height=\"337\" src=\"https:\/\/diariotribuna.com.br\/wp-content\/uploads\/2025\/06\/39745e7d-2b49-47ff-8d19-150a2749d70a.jpg\" alt=\"\" class=\"wp-image-30091\" style=\"width:502px;height:auto\" srcset=\"https:\/\/diariotribuna.com.br\/wp-content\/uploads\/2025\/06\/39745e7d-2b49-47ff-8d19-150a2749d70a.jpg 650w, https:\/\/diariotribuna.com.br\/wp-content\/uploads\/2025\/06\/39745e7d-2b49-47ff-8d19-150a2749d70a-300x156.jpg 300w\" sizes=\"(max-width: 650px) 100vw, 650px\" \/><\/figure>\n\n\n\n<p>Quem est\u00e1 em d\u00edvida com a Justi\u00e7a Eleitoral e perdeu o prazo de regulariza\u00e7\u00e3o encerrado na segunda-feira, 19 de maio, ter\u00e1 seu t\u00edtulo cancelado. Mas desde j\u00e1 o eleitor pode buscar a Justi\u00e7a Eleitoral para fazer a regulariza\u00e7\u00e3o, presencialmente no cart\u00f3rio eleitoral de sua cidade ou por meio do Autoatendimento Eleitoral (clique em T\u00edtulo Eleitoral e, depois, em op\u00e7\u00e3o 6), pagar os d\u00e9bitos e apresentar a documenta\u00e7\u00e3o necess\u00e1ria para regularizar.<\/p>\n\n\n\n<p><strong>Eleitores para os quais se aplica o cancelamento<\/strong> &#8211; Em anos n\u00e3o eleitorais, a Justi\u00e7a Eleitoral verifica no cadastro eleitoral quais eleitoras e eleitores n\u00e3o votaram, n\u00e3o justificaram nem pagaram a multa referente \u00e0 aus\u00eancia nos tr\u00eas \u00faltimos pleitos. Essa verifica\u00e7\u00e3o \u00e9 chamada de depura\u00e7\u00e3o do cadastro e implica o cancelamento do t\u00edtulo eleitoral dos faltosos, exceto nos casos em que o voto \u00e9 facultativo.<\/p>\n\n\n\n<p>Eleitor faltoso \u00e9 aquele que n\u00e3o votou, n\u00e3o justificou nem pagou a multa referente \u00e0 aus\u00eancia aos tr\u00eas \u00faltimos pleitos. O objetivo dessa a\u00e7\u00e3o \u00e9 atualizar o cadastro nacional do eleitorado. A medida est\u00e1 prevista no C\u00f3digo Eleitoral (Lei n\u00ba 4.737\/1965), na Resolu\u00e7\u00e3o TSE n\u00ba 23.659\/2021, na Resolu\u00e7\u00e3o TSE n\u00ba 23.737\/2024, bem como no Provimento CGE n\u00ba 1\/2025.<\/p>\n\n\n\n<p>Impedimentos &#8211; O eleitor que tiver o t\u00edtulo cancelado n\u00e3o poder\u00e1: votar e ser votado; tomar posse em concurso p\u00fablico; obter passaporte; renovar matr\u00edcula em estabelecimento de ensino oficial; participar de concorr\u00eancia p\u00fablica; e praticar qualquer ato para o qual se exija quita\u00e7\u00e3o eleitoral. O cancelamento do t\u00edtulo n\u00e3o ser\u00e1 comunicado individualmente, mas o eleitor poder\u00e1 verificar sua situa\u00e7\u00e3o eleitoral no Portal do TSE, no item 7 do Autoatendimento eleitoral (consultar situa\u00e7\u00e3o eleitoral). (TRE\/MG, via TSE).<\/p>\n","protected":false},"excerpt":{"rendered":"<p>Eleitores que n\u00e3o regularizaram a situa\u00e7\u00e3o at\u00e9 19 de maio devem pagar a multa e requerer a regulariza\u00e7\u00e3o do documento Quem est\u00e1 em d\u00edvida com a Justi\u00e7a Eleitoral e perdeu o prazo de regulariza\u00e7\u00e3o encerrado na segunda-feira, 19 de maio, ter\u00e1 seu t\u00edtulo cancelado. Mas desde j\u00e1 o eleitor pode buscar a Justi\u00e7a Eleitoral para [&hellip;]<\/p>\n","protected":false},"author":1,"featured_media":30091,"comment_status":"open","ping_status":"open","sticky":false,"template":"","format":"standard","meta":{"rop_custom_images_group":[],"rop_custom_messages_group":[],"rop_publish_now":"initial","rop_publish_now_accounts":[],"rop_publish_now_history":[],"rop_publish_now_status":"pending","footnotes":""},"categories":[25,21],"tags":[6896,4012,7194,7195],"class_list":["post-30090","post","type-post","status-publish","format-standard","has-post-thumbnail","hentry","category-destaque","category-politica","tag-6896","tag-regularizacao","tag-titulos-cancelados","tag-tre-mg-3"],"_links":{"self":[{"href":"https:\/\/diariotribuna.com.br\/index.php?rest_route=\/wp\/v2\/posts\/30090"}],"collection":[{"href":"https:\/\/diariotribuna.com.br\/index.php?rest_route=\/wp\/v2\/posts"}],"about":[{"href":"https:\/\/diariotribuna.com.br\/index.php?rest_route=\/wp\/v2\/types\/post"}],"author":[{"embeddable":true,"href":"https:\/\/diariotribuna.com.br\/index.php?rest_route=\/wp\/v2\/users\/1"}],"replies":[{"embeddable":true,"href":"https:\/\/diariotribuna.com.br\/index.php?rest_route=%2Fwp%2Fv2%2Fcomments&post=30090"}],"version-history":[{"count":1,"href":"https:\/\/diariotribuna.com.br\/index.php?rest_route=\/wp\/v2\/posts\/30090\/revisions"}],"predecessor-version":[{"id":30092,"href":"https:\/\/diariotribuna.com.br\/index.php?rest_route=\/wp\/v2\/posts\/30090\/revisions\/30092"}],"wp:featuredmedia":[{"embeddable":true,"href":"https:\/\/diariotribuna.com.br\/index.php?rest_route=\/wp\/v2\/media\/30091"}],"wp:attachment":[{"href":"https:\/\/diariotribuna.com.br\/index.php?rest_route=%2Fwp%2Fv2%2Fmedia&parent=30090"}],"wp:term":[{"taxonomy":"category","embeddable":true,"href":"https:\/\/diariotribuna.com.br\/index.php?rest_route=%2Fwp%2Fv2%2Fcategories&post=30090"},{"taxonomy":"post_tag","embeddable":true,"href":"https:\/\/diariotribuna.com.br\/index.php?rest_route=%2Fwp%2Fv2%2Ftags&post=30090"}],"curies":[{"name":"wp","href":"https:\/\/api.w.org\/{rel}","templated":true}]}}