{"id":30095,"date":"2025-06-03T11:44:31","date_gmt":"2025-06-03T14:44:31","guid":{"rendered":"https:\/\/diariotribuna.com.br\/?p=30095"},"modified":"2025-06-03T11:44:31","modified_gmt":"2025-06-03T14:44:31","slug":"pirapora-celebra-volta-do-vapor","status":"publish","type":"post","link":"https:\/\/diariotribuna.com.br\/?p=30095","title":{"rendered":"Pirapora celebra volta do Vapor\u00a0"},"content":{"rendered":"<p><em><span>Foto: Tauan Alencar\/MME<\/span><\/em><\/p>\n<p><strong><span>COLUNA MG<\/span><\/strong><br \/><span>Principais destaques dos jornais e portais integrantes da rede Sindijori MG\u00a0<\/span><br \/><span><a href=\"http:\/\/www.sindijorimg.com.br\/\">www.sindijorimg.com.br<\/a><\/span><\/p>\n<p><strong><span>Pirapora celebra volta do Vapor<\/span><\/strong><br \/><span>No \u00faltimo domingo, 1\u00ba de junho, a cidade de Pirapora celebrou seus 113 anos de funda\u00e7\u00e3o com um presente, a entrega oficial do Vapor Benjamim Guimar\u00e3es, completamente restaurado, de volta \u00e0s \u00e1guas do Rio S\u00e3o Francisco. O evento contou com grande participa\u00e7\u00e3o popular e a presen\u00e7a de autoridades federais, estaduais e municipais. O Benjamim Guimar\u00e3es, uma das \u00faltimas embarca\u00e7\u00f5es a vapor ainda em opera\u00e7\u00e3o no mundo, passou por um minucioso processo de restaura\u00e7\u00e3o que envolveu anos de trabalho t\u00e9cnico e investimentos significativos. (Estrada Nacional \u2013 Pouso Alegre)<\/span><br \/><span><a href=\"https:\/\/www.estradanacional.info\/post\/pirapora-celebra-113-anos-com-retorno-do-vapor-benjamim-guimar%C3%A3es\">https:\/\/www.estradanacional.info\/post\/pirapora-celebra-113-anos-com-retorno-do-vapor-benjamim-guimar%C3%A3es<\/a><\/span><\/p>\n<p><strong><span>Patos tem coleta de baterias e pilhas\u00a0<\/span><\/strong><br \/><span>A cidade de Patos de Minas ganhou um novo ponto para descarte correto de pilhas e baterias inserv\u00edveis, agora dispon\u00edvel no hall do Centro de Educa\u00e7\u00e3o Ambiental (Ceam). A iniciativa, promovida pela Diretoria de Meio Ambiente da Prefeitura, surge ap\u00f3s a desativa\u00e7\u00e3o do posto da Loja Algar Telecom e amplia as op\u00e7\u00f5es de coleta desse tipo de res\u00edduo. Atualmente, o munic\u00edpio conta com tr\u00eas locais para entrega: o novo ponto no Ceam, o Bloco N do Unipam e o Ecoponto no Bairro Cidade Nova, fortalecendo a log\u00edstica reversa e incentivando pr\u00e1ticas sustent\u00e1veis. (Folha Patense \u2013 Patos de Minas)<\/span><br \/><span><a href=\"https:\/\/www.folhapatense.com.br\/ceam-mocambo-instala-posto-de-coleta-de-baterias-e-pilhas-inserviveis\">https:\/\/www.folhapatense.com.br\/ceam-mocambo-instala-posto-de-coleta-de-baterias-e-pilhas-inserviveis<\/a><\/span><\/p>\n<p><strong><span>Projeto quer proibir minerodutos na regi\u00e3o<\/span><\/strong><br \/><span>O Projeto de Lei 3.402\/2025, em tramita\u00e7\u00e3o na Assembleia Legislativa de Minas Gerais, prop\u00f5e proibir a instala\u00e7\u00e3o de minerodutos em munic\u00edpios da regi\u00e3o da Serra Azul, como Belo Vale, Brumadinho, Igarap\u00e9, M\u00e1rio Campos, Mateus Leme e S\u00e3o Joaquim de Bicas, com o argumento de preservar o abastecimento h\u00eddrico de cerca de 3,5 milh\u00f5es de pessoas da Grande BH; a proposta j\u00e1 passou por tr\u00eas comiss\u00f5es e aguarda parecer da Comiss\u00e3o de Meio Ambiente antes de ir a plen\u00e1rio, mas tem gerado forte debate entre ambientalistas e o setor miner\u00e1rio, que teme a suspens\u00e3o de at\u00e9 US$ 4 bilh\u00f5es em investimentos e defende o mineroduto. (Folha Povo Ita\u00fana)<\/span><br \/><span><a href=\"https:\/\/www.folhapovoitauna.com.br\/projeto-quer-proibir-minerodutos-na-regiao\">https:\/\/www.folhapovoitauna.com.br\/projeto-quer-proibir-minerodutos-na-regiao<\/a><\/span><\/p>\n<p><strong><span>Andradas discute Festa do Vinho\u00a0<\/span><\/strong><br \/><span>A C\u00e2mara Municipal de Andradas realizou uma reuni\u00e3o com representantes de entidades locais para discutir uma emenda ao projeto da Festa do Vinho que assegura a essas institui\u00e7\u00f5es um espa\u00e7o exclusivo na \u00e1rea de alimenta\u00e7\u00e3o, visando garantir uma fonte importante de arrecada\u00e7\u00e3o durante o evento; o encontro resultou em consenso sobre a import\u00e2ncia da medida para fortalecer o trabalho das entidades, e o projeto ser\u00e1 votado na 2\u00aa Sess\u00e3o Extraordin\u00e1ria de 2025. (Jornal Andradas Hoje)<\/span><br \/><span><a href=\"https:\/\/www.jornalandradashoje.com.br\/camara-de-andradas-discute-projeto-da-festa-do-vinho-com-foco-em-apoio-as-entidades-locais\">https:\/\/www.jornalandradashoje.com.br\/camara-de-andradas-discute-projeto-da-festa-do-vinho-com-foco-em-apoio-as-entidades-locais<\/a><\/span><\/p>\n<p><strong><span>Arcos ter\u00e1 Limestone Fest<\/span><\/strong><br \/><span>O Limestone Fest, principal festival de m\u00fasica autoral de Arcos, chega \u00e0 sua 6\u00aa edi\u00e7\u00e3o no dia 16 de agosto na pra\u00e7a Floriano Peixoto, com entrada gratuita e apoio da Lei Aldir Blanc. Criado h\u00e1 cerca de dez anos, o evento nasceu do Movimento Limestone, formado por m\u00fasicos locais que mant\u00eam seus projetos de forma independente, conciliando a arte com outras profiss\u00f5es. Mesmo com pouco apoio p\u00fablico ap\u00f3s 2017, o grupo segue ativo e lan\u00e7ou, em 2024, um document\u00e1rio com recursos da Lei Paulo Gustavo, contando a trajet\u00f3ria do festival e homenageando o m\u00fasico Michel Cust\u00f3dio. (Correio Centro Oeste \u2013 Arcos)<\/span><br \/><span><a href=\"https:\/\/www.jornalcco.com.br\/limestone-fest-tradicional-festival-de-musica-autoral-de-arcos\">https:\/\/www.jornalcco.com.br\/limestone-fest-tradicional-festival-de-musica-autoral-de-arcos<\/a><\/span><\/p>\n<p><strong><span>Empres\u00e1rios contra tr\u00e2nsito pesado\u00a0<\/span><\/strong><br \/><span>Mais de 100 empres\u00e1rios de Caet\u00e9 assinaram um manifesto cobrando da Prefeitura a\u00e7\u00f5es urgentes contra os impactos causados pelo tr\u00e1fego intenso de carretas, principalmente ligadas \u00e0 minera\u00e7\u00e3o, no centro da cidade, especialmente na Avenida Jo\u00e3o Pinheiro. Eles denunciam preju\u00edzos econ\u00f4micos, polui\u00e7\u00e3o, risco de acidentes e dificuldades no acesso ao com\u00e9rcio. A Aciac-CDL apoia a reivindica\u00e7\u00e3o e se compromete a intermediar o di\u00e1logo com o poder p\u00fablico. Entre as demandas est\u00e3o restri\u00e7\u00e3o de hor\u00e1rios para caminh\u00f5es, melhorias na infraestrutura e cria\u00e7\u00e3o de \u00e1reas espec\u00edficas para carga e descarga. (Opini\u00e3o Caet\u00e9)<\/span><br \/><span><a href=\"https:\/\/www.opiniaocaete.com.br\/empresarios-de-caete-se-unem-contra-transito-pesado-de-carretas-e-cobram-acoes-da-prefeitura\/\">https:\/\/www.opiniaocaete.com.br\/empresarios-de-caete-se-unem-contra-transito-pesado-de-carretas-e-cobram-acoes-da-prefeitura\/<\/a><\/span><\/p>\n<p><strong><span>JF isenta portador de c\u00e2ncer de IPTU<\/span><\/strong><br \/><span>A C\u00e2mara Municipal aprovou Projeto de Leique disp\u00f5e sobre a isen\u00e7\u00e3o do Imposto Predial e Territorial Urbano (IPTU) para pessoas com neoplasia maligna (c\u00e2ncer). O projeto de lei \u00e9 de autoria do vereador Jo\u00e3o Wagner Antoniol. Assim que sancionada, a lei passa a ser um instrumento para facilitar e auxiliar no processo de solicita\u00e7\u00e3o do benef\u00edcio. Jo\u00e3o Wagner diz que \u00e9 mais uma forma de garantir seguran\u00e7a e tranquilidade para os pacientes seguirem no tratamento. (Portal Acessa \u2013 Juiz de Fora)<\/span><br \/><span><a href=\"https:\/\/www.acessa.com\/cidade\/2025\/06\/239224-camara-de-juiz-de-fora-aprova-isencao-do-iptu-para-pessoas-com-cancer.html\">https:\/\/www.acessa.com\/cidade\/2025\/06\/239224-camara-de-juiz-de-fora-aprova-isencao-do-iptu-para-pessoas-com-cancer.html<\/a><\/span><\/p>\n<p><span><\/span><\/p>\n<p>\u00a0<\/p>","protected":false},"excerpt":{"rendered":"<p>Foto: Tauan Alencar\/MME COLUNA MGPrincipais destaques dos jornais e portais integrantes da rede Sindijori MG\u00a0www.sindijorimg.com.br Pirapora celebra volta do VaporNo \u00faltimo domingo, 1\u00ba de junho, a cidade de Pirapora celebrou seus 113 anos de funda\u00e7\u00e3o com um presente, a entrega oficial do Vapor Benjamim Guimar\u00e3es, completamente restaurado, de volta \u00e0s \u00e1guas do Rio S\u00e3o Francisco. [&hellip;]<\/p>\n","protected":false},"author":0,"featured_media":30096,"comment_status":"open","ping_status":"open","sticky":false,"template":"","format":"standard","meta":{"rop_custom_images_group":[],"rop_custom_messages_group":[],"rop_publish_now":"initial","rop_publish_now_accounts":[],"rop_publish_now_history":[],"rop_publish_now_status":"pending","footnotes":""},"categories":[6745],"tags":[],"class_list":["post-30095","post","type-post","status-publish","format-standard","has-post-thumbnail","hentry","category-coluna-sindijori"],"_links":{"self":[{"href":"https:\/\/diariotribuna.com.br\/index.php?rest_route=\/wp\/v2\/posts\/30095"}],"collection":[{"href":"https:\/\/diariotribuna.com.br\/index.php?rest_route=\/wp\/v2\/posts"}],"about":[{"href":"https:\/\/diariotribuna.com.br\/index.php?rest_route=\/wp\/v2\/types\/post"}],"replies":[{"embeddable":true,"href":"https:\/\/diariotribuna.com.br\/index.php?rest_route=%2Fwp%2Fv2%2Fcomments&post=30095"}],"version-history":[{"count":0,"href":"https:\/\/diariotribuna.com.br\/index.php?rest_route=\/wp\/v2\/posts\/30095\/revisions"}],"wp:featuredmedia":[{"embeddable":true,"href":"https:\/\/diariotribuna.com.br\/index.php?rest_route=\/wp\/v2\/media\/30096"}],"wp:attachment":[{"href":"https:\/\/diariotribuna.com.br\/index.php?rest_route=%2Fwp%2Fv2%2Fmedia&parent=30095"}],"wp:term":[{"taxonomy":"category","embeddable":true,"href":"https:\/\/diariotribuna.com.br\/index.php?rest_route=%2Fwp%2Fv2%2Fcategories&post=30095"},{"taxonomy":"post_tag","embeddable":true,"href":"https:\/\/diariotribuna.com.br\/index.php?rest_route=%2Fwp%2Fv2%2Ftags&post=30095"}],"curies":[{"name":"wp","href":"https:\/\/api.w.org\/{rel}","templated":true}]}}