{"id":30097,"date":"2025-06-03T16:21:34","date_gmt":"2025-06-03T19:21:34","guid":{"rendered":"https:\/\/diariotribuna.com.br\/?p=30097"},"modified":"2025-06-03T16:21:34","modified_gmt":"2025-06-03T19:21:34","slug":"sistema-faemg-senar-participa-de-lancamento-de-programa-contra-a-seca","status":"publish","type":"post","link":"https:\/\/diariotribuna.com.br\/?p=30097","title":{"rendered":"Sistema Faemg Senar participa de lan\u00e7amento de programa contra a seca\u00a0"},"content":{"rendered":"<p class=\"MsoNormal\"><span>FAEMG SENAR | Divulga\u00e7\u00e3o<\/span><\/p>\n<p><span><\/span><span><\/span><span><\/span><span><\/span><span><\/span><\/p>\n<p>O Sistema Faemg Senar participou, nesta segunda-feira (2\/6), em Montes Claros (MG), do lan\u00e7amento do programa <strong>\u201cEncontro das \u00c1guas\u201d<\/strong>, uma iniciativa do Governo de Minas para enfrentar os desafios da <strong>seca e da escassez h\u00eddrica<\/strong> no semi\u00e1rido mineiro. O Sistema ir\u00e1 atuar como parceiro t\u00e9cnico na execu\u00e7\u00e3o das a\u00e7\u00f5es.<\/p>\n<p>Entre as medidas previstas est\u00e3o: <strong>Opera\u00e7\u00e3o Pipa<\/strong> (para transporte de \u00e1gua pot\u00e1vel), instala\u00e7\u00e3o de <strong>sistemas de dessaliniza\u00e7\u00e3o<\/strong>, constru\u00e7\u00e3o de <strong>cisternas para capta\u00e7\u00e3o de \u00e1gua da chuva<\/strong>, implanta\u00e7\u00e3o de <strong>n\u00facleos agr\u00edcolas com infraestrutura e moradias<\/strong>, distribui\u00e7\u00e3o de <strong>kits de irriga\u00e7\u00e3o<\/strong> e a\u00e7\u00f5es de <strong>assist\u00eancia humanit\u00e1ria<\/strong> nas regi\u00f5es do <strong>Norte de Minas, Vale do Jequitinhonha e Vale do Mucuri<\/strong>.<\/p>\n<p>O Sistema Faemg Senar ser\u00e1 respons\u00e1vel pela execu\u00e7\u00e3o de a\u00e7\u00f5es pr\u00e1ticas por meio do programa <strong>AgroNordeste<\/strong>, levando <strong>Assist\u00eancia T\u00e9cnica e Gerencial (ATeG)<\/strong> aos produtores locais. Tamb\u00e9m ser\u00e3o ofertados <strong>cursos de Forma\u00e7\u00e3o Profissional Rural e de Promo\u00e7\u00e3o Social<\/strong>, contribuindo para a gera\u00e7\u00e3o de renda, desenvolvimento de compet\u00eancias e adapta\u00e7\u00e3o das comunidades \u00e0s condi\u00e7\u00f5es clim\u00e1ticas da regi\u00e3o.<\/p>\n<h3>Participa\u00e7\u00e3o ativa<\/h3>\n<p>A gerente de <strong>Sustentabilidade do Sistema Faemg Senar, Mariana Ramos<\/strong>, participou da cerim\u00f4nia de lan\u00e7amento ao lado de representantes da <strong>Associa\u00e7\u00e3o dos Sindicatos dos Produtores Rurais do Norte de Minas (Aspronorte)<\/strong> e do <strong>Sindicato dos Produtores Rurais de Montes Claros<\/strong>.<\/p>\n<p>\u201cEstamos aqui para refor\u00e7ar nosso compromisso com a sustentabilidade e com o apoio efetivo \u00e0s comunidades rurais impactadas pela seca. Mais do que marcar presen\u00e7a no evento, o Sistema tamb\u00e9m contribuiu na elabora\u00e7\u00e3o do <strong>Plano Estadual de Enfrentamento \u00e0 Seca e Estiagem 2025-2031<\/strong>, apresentando propostas t\u00e9cnicas que agora fazem parte das a\u00e7\u00f5es do programa <strong>Encontro das \u00c1guas<\/strong>\u201d, destacou Mariana.<\/p>\n\n<p><span><span>A gerente de Sustentabilidade, Mariana Ramos, esteve presente na cerim\u00f4nia<\/span> <\/span><span>de lan\u00e7amento ao lado de representantes de diferentes entidades do agro<\/span><\/p>\n<p>O evento reuniu o governador <strong>Romeu Zema<\/strong>, o prefeito de Montes Claros, <strong>Guilherme Guimar\u00e3es<\/strong>, o presidente da Assembleia Legislativa de Minas Gerais, <strong>deputado Tadeuzinho Martins Leite<\/strong>, al\u00e9m de deputados, prefeitos da regi\u00e3o, vereadores e outras autoridades estaduais e municipais.<\/p>\n<h3>Semin\u00e1rio refor\u00e7a compromisso<\/h3>\n<p>Al\u00e9m do lan\u00e7amento, Montes Claros sediou o <strong>Semin\u00e1rio de Enfrentamento \u00e0 Seca e Estiagem<\/strong>, que reuniu t\u00e9cnicos, gestores p\u00fablicos e especialistas para discutir <strong>solu\u00e7\u00f5es integradas e estrat\u00e9gias duradouras<\/strong> para os desafios do semi\u00e1rido mineiro.<\/p>\n<p><span> <\/span><\/p>\n<p>O programa <strong>Encontro das \u00c1guas<\/strong> \u00e9 uma das principais a\u00e7\u00f5es do <strong>Plano Estadual de Enfrentamento \u00e0 Seca e Estiagem 2025-2031<\/strong>, unindo medidas emergenciais e projetos estruturantes, com o objetivo de construir um semi\u00e1rido mais <strong>forte, sustent\u00e1vel e resiliente<\/strong>.<\/p>\n<p>\u00a0<\/p>","protected":false},"excerpt":{"rendered":"<p>FAEMG SENAR | Divulga\u00e7\u00e3o O Sistema Faemg Senar participou, nesta segunda-feira (2\/6), em Montes Claros (MG), do lan\u00e7amento do programa \u201cEncontro das \u00c1guas\u201d, uma iniciativa do Governo de Minas para enfrentar os desafios da seca e da escassez h\u00eddrica no semi\u00e1rido mineiro. O Sistema ir\u00e1 atuar como parceiro t\u00e9cnico na execu\u00e7\u00e3o das a\u00e7\u00f5es. Entre as [&hellip;]<\/p>\n","protected":false},"author":0,"featured_media":30098,"comment_status":"open","ping_status":"open","sticky":false,"template":"","format":"standard","meta":{"rop_custom_images_group":[],"rop_custom_messages_group":[],"rop_publish_now":"initial","rop_publish_now_accounts":[],"rop_publish_now_history":[],"rop_publish_now_status":"pending","footnotes":""},"categories":[6745],"tags":[],"class_list":["post-30097","post","type-post","status-publish","format-standard","has-post-thumbnail","hentry","category-coluna-sindijori"],"_links":{"self":[{"href":"https:\/\/diariotribuna.com.br\/index.php?rest_route=\/wp\/v2\/posts\/30097"}],"collection":[{"href":"https:\/\/diariotribuna.com.br\/index.php?rest_route=\/wp\/v2\/posts"}],"about":[{"href":"https:\/\/diariotribuna.com.br\/index.php?rest_route=\/wp\/v2\/types\/post"}],"replies":[{"embeddable":true,"href":"https:\/\/diariotribuna.com.br\/index.php?rest_route=%2Fwp%2Fv2%2Fcomments&post=30097"}],"version-history":[{"count":0,"href":"https:\/\/diariotribuna.com.br\/index.php?rest_route=\/wp\/v2\/posts\/30097\/revisions"}],"wp:featuredmedia":[{"embeddable":true,"href":"https:\/\/diariotribuna.com.br\/index.php?rest_route=\/wp\/v2\/media\/30098"}],"wp:attachment":[{"href":"https:\/\/diariotribuna.com.br\/index.php?rest_route=%2Fwp%2Fv2%2Fmedia&parent=30097"}],"wp:term":[{"taxonomy":"category","embeddable":true,"href":"https:\/\/diariotribuna.com.br\/index.php?rest_route=%2Fwp%2Fv2%2Fcategories&post=30097"},{"taxonomy":"post_tag","embeddable":true,"href":"https:\/\/diariotribuna.com.br\/index.php?rest_route=%2Fwp%2Fv2%2Ftags&post=30097"}],"curies":[{"name":"wp","href":"https:\/\/api.w.org\/{rel}","templated":true}]}}