{"id":30104,"date":"2025-06-04T12:25:44","date_gmt":"2025-06-04T15:25:44","guid":{"rendered":"https:\/\/diariotribuna.com.br\/?p=30104"},"modified":"2025-06-04T12:25:44","modified_gmt":"2025-06-04T15:25:44","slug":"althaia-investe-r-100-mi-em-pocos","status":"publish","type":"post","link":"https:\/\/diariotribuna.com.br\/?p=30104","title":{"rendered":"Althaia investe R$ 100 mi em Po\u00e7os\u00a0"},"content":{"rendered":"<p><em><span>Foto: Divulga\u00e7\u00e3o PMPC<\/span><\/em><\/p>\n<p><strong><span>COLUNA MG<\/span><\/strong><br \/><span>Principais destaques dos jornais e portais integrantes da rede Sindijori MG\u00a0<\/span><br \/><span><a href=\"http:\/\/www.sindijorimg.com.br\/\">www.sindijorimg.com.br<\/a><\/span><\/p>\n<p><strong><span>Althaia investe R$ 100 mi em Po\u00e7os<\/span><\/strong><br \/><span>A Secretaria de Desenvolvimento Econ\u00f4mico e Inova\u00e7\u00e3o da Prefeitura de Po\u00e7os, realizou nesta ter\u00e7a-feira, 3, no Distrito Industrial, o lan\u00e7amento oficial da pedra fundamental da nova unidade da Althaia Ind\u00fastria Farmac\u00eautica. Com sede em Atibaia (SP), a Althaia \u00e9 refer\u00eancia nacional na produ\u00e7\u00e3o de medicamentos e suplementos alimentares, e escolheu Po\u00e7os de Caldas para instalar sua nova planta fabril, com investimento estimado em R$ 100 milh\u00f5es. A nova unidade ser\u00e1 voltada \u00e0 produ\u00e7\u00e3o de medicamentos gen\u00e9ricos, suplementos alimentares e produtos para a sa\u00fade e tem previs\u00e3o de gerar mais de 230 empregos diretos e indiretos. (Jornal Mantiqueira \u2013 Po\u00e7os de Caldas)<\/span><br \/><span><a href=\"https:\/\/www.jornalmantiqueira.com.br\/2025\/06\/03\/com-investimento-de-r-100-milhoes-althaia-inicia-projeto-em-pocos\/\">https:\/\/www.jornalmantiqueira.com.br\/2025\/06\/03\/com-investimento-de-r-100-milhoes-althaia-inicia-projeto-em-pocos\/<\/a><\/span><\/p>\n<p><strong><span>Festival Voz em BH<\/span><\/strong><br \/><span>O festival Voz \u2013 Culturas que Ecoam acontece nesta sexta-feira e s\u00e1bado, dias 6 e 7 de junho, no Sesc Palladium, em Belo Horizonte, com uma programa\u00e7\u00e3o que valoriza os patrim\u00f4nios vivos da cultura brasileira por meio de bate-papos, rodas de conversa e oficinas. Entre os destaques est\u00e3o os encontros entre Kdu dos Anjos e Gaby Amarantos, e entre Roger Deff e o rapper Xam\u00e3, al\u00e9m da participa\u00e7\u00e3o do Bloco Swing Safado. O evento tamb\u00e9m conta com nomes como Maur\u00edcio Tizumba e Den\u00edzia Kawany Fulkax\u00f3, trazendo \u00e0 tona saberes e express\u00f5es tradicionais. (Cidade Conecta \u2013 Nova Lima)<\/span><br \/><span><a href=\"https:\/\/www.cidadeconecta.com\/noticias\/festival-edicao-voz-culturas-que-ecoam\/\">https:\/\/www.cidadeconecta.com\/noticias\/festival-edicao-voz-culturas-que-ecoam\/<\/a><\/span><\/p>\n<p><strong><span>Montes Claros apoia micros<\/span><\/strong><br \/><span>O n\u00famero de Microempreendedores Individuais (MEIs) em Montes Claros continua crescendo e j\u00e1 representa 57% do total de empresas registradas na cidade. Esse dado expressivo refor\u00e7a o papel estrat\u00e9gico dos pequenos neg\u00f3cios na economia local e justifica as a\u00e7\u00f5es voltadas ao fortalecimento desse segmento. Em mais uma iniciativa de apoio aos empreendedores, a Prefeitura de Montes Claros, por meio da Secretaria de Acelera\u00e7\u00e3o Econ\u00f4mica, em parceria com o Sebrae e institui\u00e7\u00f5es parceiras, promoveu no dia 27 de maio, na Pra\u00e7a do Major Prates, um Mutir\u00e3o da Declara\u00e7\u00e3o Anual do MEI. (Gazeta Norte Mineira \u2013 Montes Claros)<\/span><br \/><span><a href=\"https:\/\/gazetanm.com.br\/prefeitura-reforca-apoio-aos-microempreendedores-e-orienta-sobre-a-regularizacao-da-declaracao-anual\/\">https:\/\/gazetanm.com.br\/prefeitura-reforca-apoio-aos-microempreendedores-e-orienta-sobre-a-regularizacao-da-declaracao-anual\/<\/a><\/span><\/p>\n<p><strong><span>Liraa tem queda em Manhua\u00e7u<\/span><\/strong><br \/><span>O segundo Levantamento R\u00e1pido do \u00cdndice de Infesta\u00e7\u00e3o por Aedes aegypti de 2025, realizado no in\u00edcio de maio, ficou em 1,1%, representando uma queda de 53% em rela\u00e7\u00e3o ao resultado obtido no in\u00edcio deste ano, que foi de 2,3%. O cen\u00e1rio \u00e9 de m\u00e9dio risco para uma infesta\u00e7\u00e3o de arboviroses, mantendo em alerta a autoridade sanit\u00e1ria. M\u00faltiplos fatores contribu\u00edram para esta queda, entre eles o clima, mas o destaque est\u00e1 para o trabalho desenvolvido pelos agentes de combate a endemias. (Di\u00e1rio de Manhua\u00e7u)<\/span><br \/><span><a href=\"https:\/\/diariodemanhuacu.com.br\/2025\/cidade\/segundo-liraa-de-2025-tem-queda-de-53-em-manhuacu\/\">https:\/\/diariodemanhuacu.com.br\/2025\/cidade\/segundo-liraa-de-2025-tem-queda-de-53-em-manhuacu\/<\/a><\/span><\/p>\n<p><strong><span>Maio refor\u00e7ou preven\u00e7\u00e3o do c\u00e2ncer<\/span><\/strong><br \/><span>Durante o m\u00eas de maio, campanhas de conscientiza\u00e7\u00e3o alertaram para os riscos e a import\u00e2ncia do diagn\u00f3stico precoce de tr\u00eas tipos de c\u00e2ncer: cerebral, de boca e de ov\u00e1rio. O c\u00e2ncer cerebral exige aten\u00e7\u00e3o a sintomas como dores de cabe\u00e7a intensas, convuls\u00f5es e altera\u00e7\u00f5es comportamentais; o de boca est\u00e1 relacionado ao uso de \u00e1lcool, tabaco e ao v\u00edrus HPV, com sinais como feridas que n\u00e3o cicatrizam e caro\u00e7os no pesco\u00e7o; j\u00e1 o de ov\u00e1rio apresenta sintomas silenciosos e tardios, como dores abdominais e sangramentos. Segundo o oncologista Gabriel de Oliveira, o acesso \u00e0 informa\u00e7\u00e3o e a vigil\u00e2ncia constante s\u00e3o essenciais para aumentar as chances de um tratamento eficaz. (Clarim.Net \u2013 Arax\u00e1)<\/span><br \/><span><a href=\"https:\/\/clarim.net.br\/maio-reforcou-prevencao-e-diagnostico-precoce-de-tres-tipos-de-cancer\/\">https:\/\/clarim.net.br\/maio-reforcou-prevencao-e-diagnostico-precoce-de-tres-tipos-de-cancer\/<\/a><\/span><\/p>\n<p><strong><span>Varginha premiada em evento<\/span><\/strong><br \/><span>Varginha foi premiada no Smart City Business Brazil Congress 2025, em S\u00e3o Paulo, com o projeto \u201cIntegra\u00e7\u00e3o Tecnol\u00f3gica para Seguran\u00e7a e Gest\u00e3o Inteligente de Munic\u00edpios Brasileiros\u201d.\u00a0 O pr\u00eamio Inovacidade 2025 reconheceu o impacto positivo e sustent\u00e1vel da iniciativa, que utiliza tecnologia para melhorar a qualidade de vida nas cidades. O prefeito Leonardo Ciacci celebrou a conquista como resultado do trabalho de uma equipe dedicada \u00e0 transforma\u00e7\u00e3o de Varginha em uma cidade inteligente. (O Debate \u2013 Varginha)<\/span><br \/><span><a href=\"https:\/\/www.odebatenoticias.com.br\/post\/varginha-%C3%A9-vencedora-do-smart-city-business-brazil-congress-2025\">https:\/\/www.odebatenoticias.com.br\/post\/varginha-%C3%A9-vencedora-do-smart-city-business-brazil-congress-2025<\/a><\/span><\/p>\n<p><span><\/span><\/p>\n<p>\u00a0<\/p>","protected":false},"excerpt":{"rendered":"<p>Foto: Divulga\u00e7\u00e3o PMPC COLUNA MGPrincipais destaques dos jornais e portais integrantes da rede Sindijori MG\u00a0www.sindijorimg.com.br Althaia investe R$ 100 mi em Po\u00e7osA Secretaria de Desenvolvimento Econ\u00f4mico e Inova\u00e7\u00e3o da Prefeitura de Po\u00e7os, realizou nesta ter\u00e7a-feira, 3, no Distrito Industrial, o lan\u00e7amento oficial da pedra fundamental da nova unidade da Althaia Ind\u00fastria Farmac\u00eautica. Com sede em [&hellip;]<\/p>\n","protected":false},"author":0,"featured_media":30105,"comment_status":"open","ping_status":"open","sticky":false,"template":"","format":"standard","meta":{"rop_custom_images_group":[],"rop_custom_messages_group":[],"rop_publish_now":"initial","rop_publish_now_accounts":[],"rop_publish_now_history":[],"rop_publish_now_status":"pending","footnotes":""},"categories":[6745],"tags":[],"class_list":["post-30104","post","type-post","status-publish","format-standard","has-post-thumbnail","hentry","category-coluna-sindijori"],"_links":{"self":[{"href":"https:\/\/diariotribuna.com.br\/index.php?rest_route=\/wp\/v2\/posts\/30104"}],"collection":[{"href":"https:\/\/diariotribuna.com.br\/index.php?rest_route=\/wp\/v2\/posts"}],"about":[{"href":"https:\/\/diariotribuna.com.br\/index.php?rest_route=\/wp\/v2\/types\/post"}],"replies":[{"embeddable":true,"href":"https:\/\/diariotribuna.com.br\/index.php?rest_route=%2Fwp%2Fv2%2Fcomments&post=30104"}],"version-history":[{"count":0,"href":"https:\/\/diariotribuna.com.br\/index.php?rest_route=\/wp\/v2\/posts\/30104\/revisions"}],"wp:featuredmedia":[{"embeddable":true,"href":"https:\/\/diariotribuna.com.br\/index.php?rest_route=\/wp\/v2\/media\/30105"}],"wp:attachment":[{"href":"https:\/\/diariotribuna.com.br\/index.php?rest_route=%2Fwp%2Fv2%2Fmedia&parent=30104"}],"wp:term":[{"taxonomy":"category","embeddable":true,"href":"https:\/\/diariotribuna.com.br\/index.php?rest_route=%2Fwp%2Fv2%2Fcategories&post=30104"},{"taxonomy":"post_tag","embeddable":true,"href":"https:\/\/diariotribuna.com.br\/index.php?rest_route=%2Fwp%2Fv2%2Ftags&post=30104"}],"curies":[{"name":"wp","href":"https:\/\/api.w.org\/{rel}","templated":true}]}}