{"id":30106,"date":"2025-06-04T12:43:39","date_gmt":"2025-06-04T15:43:39","guid":{"rendered":"https:\/\/diariotribuna.com.br\/?p=30106"},"modified":"2025-06-04T12:43:39","modified_gmt":"2025-06-04T15:43:39","slug":"em-carangola-familia-do-campo-bate-recorde-de-publico-em-2025","status":"publish","type":"post","link":"https:\/\/diariotribuna.com.br\/?p=30106","title":{"rendered":"Em Carangola, Fam\u00edlia do Campo bate recorde de p\u00fablico em 2025\u00a0"},"content":{"rendered":"<p class=\"MsoNormal\"><span>FAEMG SENAR | Divulga\u00e7\u00e3o<\/span><\/p>\n<p><span><\/span><span><\/span><span><\/span><span><\/span><span><\/span><\/p>\n<p>O <strong>Programa Fam\u00edlia do Campo<\/strong> registrou <strong>recorde de p\u00fablico em 2025<\/strong>, no evento realizado em <strong>Carangola<\/strong>, neste domingo (<strong>1\u00ba\/6<\/strong>). <strong>Mais de 1.600 pessoas<\/strong> participaram de atividades gratuitas que uniram <strong>sa\u00fade, lazer, cultura e educa\u00e7\u00e3o<\/strong>. Foram <strong>2.363 atendimentos<\/strong> oferecidos pelo <strong>Sistema Faemg Senar<\/strong> e pelo <strong>Sindicato dos Produtores Rurais de Carangola<\/strong>, com apoio da <strong>Prefeitura<\/strong>.<\/p>\n<p>Entre os servi\u00e7os mais procurados, <strong>exames de vista e vacina\u00e7\u00e3o<\/strong> se destacaram. O produtor rural <strong>Wilson Guerra<\/strong>, de <strong>Faria Lemos<\/strong>, aprovou a iniciativa:<\/p>\n<p><em>\u201cJ\u00e1 estou com dificuldades de ler a bula dos medicamentos para o gado. O m\u00e9dico me atendeu com aten\u00e7\u00e3o, explicou o que eu preciso e agora vou fazer os \u00f3culos.\u201d<\/em><\/p>\n<p>A <strong>campanha de vacina\u00e7\u00e3o<\/strong> tamb\u00e9m teve ampla ades\u00e3o, com <strong>135 pessoas imunizadas<\/strong> de diferentes faixas et\u00e1rias.<\/p>\n\n<p>Para as fam\u00edlias, o dia foi repleto de divers\u00e3o:<\/p>\n<p><em>\u201cTudo lindo e de gra\u00e7a, brincamos muito! Foi \u00f3timo!\u201d,<\/em> comemorou <strong>Emanuelly<\/strong>, de <strong>10 anos<\/strong>, da comunidade de <strong>Papagaio<\/strong>.<br \/>Da mesma comunidade, <strong>Josiane<\/strong> e o sobrinho <strong>Jo\u00e3o Miguel<\/strong> definiram o evento como <em>\u201cuma festa\u201d<\/em>.<\/p>\n<p>J\u00e1 <strong>Helaine<\/strong> e <strong>Mauro Medeiros<\/strong> celebraram a proposta do programa:<\/p>\n<p><em>\u201cNos proporcionaram momentos de conex\u00e3o entre a fam\u00edlia, com alegria, e mostrando a import\u00e2ncia do agro, da arte, da educa\u00e7\u00e3o e da cultura.\u201d<\/em><\/p>\n<p>O presidente do <strong>Sindicato dos Produtores Rurais de Carangola<\/strong>, <strong>Fabiano Souza<\/strong>, destacou que a programa\u00e7\u00e3o foi uma:<\/p>\n<p><em>\u201cConquista que mostra a import\u00e2ncia do Sindicato e todos os benef\u00edcios que podemos oferecer para os produtores e suas fam\u00edlias.\u201d<\/em><\/p>\n<p>O <strong>gerente regional do Sistema Faemg Senar<\/strong>, <strong>Marcos Reis<\/strong>, refor\u00e7ou que o projeto:<\/p>\n<p><em>\u201cValoriza e celebra a vida de quem atua nesse setor respons\u00e1vel pelo desenvolvimento do nosso pa\u00eds.\u201d<\/em><\/p>\n<p>Para o <strong>prefeito Silas Vieira<\/strong>, a parceria com o <strong>Sistema Faemg Senar<\/strong> e o <strong>Sindicato<\/strong> \u00e9 essencial:<\/p>\n<p><em>\u201cVamos continuar caminhando juntos para atender a esse setor essencial.\u201d<\/em><\/p>\n<p><em><\/em><\/p>\n\n<p>\u00a0<\/p>","protected":false},"excerpt":{"rendered":"<p>FAEMG SENAR | Divulga\u00e7\u00e3o O Programa Fam\u00edlia do Campo registrou recorde de p\u00fablico em 2025, no evento realizado em Carangola, neste domingo (1\u00ba\/6). Mais de 1.600 pessoas participaram de atividades gratuitas que uniram sa\u00fade, lazer, cultura e educa\u00e7\u00e3o. Foram 2.363 atendimentos oferecidos pelo Sistema Faemg Senar e pelo Sindicato dos Produtores Rurais de Carangola, com [&hellip;]<\/p>\n","protected":false},"author":0,"featured_media":30107,"comment_status":"open","ping_status":"open","sticky":false,"template":"","format":"standard","meta":{"rop_custom_images_group":[],"rop_custom_messages_group":[],"rop_publish_now":"initial","rop_publish_now_accounts":[],"rop_publish_now_history":[],"rop_publish_now_status":"pending","footnotes":""},"categories":[6745],"tags":[],"class_list":["post-30106","post","type-post","status-publish","format-standard","has-post-thumbnail","hentry","category-coluna-sindijori"],"_links":{"self":[{"href":"https:\/\/diariotribuna.com.br\/index.php?rest_route=\/wp\/v2\/posts\/30106"}],"collection":[{"href":"https:\/\/diariotribuna.com.br\/index.php?rest_route=\/wp\/v2\/posts"}],"about":[{"href":"https:\/\/diariotribuna.com.br\/index.php?rest_route=\/wp\/v2\/types\/post"}],"replies":[{"embeddable":true,"href":"https:\/\/diariotribuna.com.br\/index.php?rest_route=%2Fwp%2Fv2%2Fcomments&post=30106"}],"version-history":[{"count":0,"href":"https:\/\/diariotribuna.com.br\/index.php?rest_route=\/wp\/v2\/posts\/30106\/revisions"}],"wp:featuredmedia":[{"embeddable":true,"href":"https:\/\/diariotribuna.com.br\/index.php?rest_route=\/wp\/v2\/media\/30107"}],"wp:attachment":[{"href":"https:\/\/diariotribuna.com.br\/index.php?rest_route=%2Fwp%2Fv2%2Fmedia&parent=30106"}],"wp:term":[{"taxonomy":"category","embeddable":true,"href":"https:\/\/diariotribuna.com.br\/index.php?rest_route=%2Fwp%2Fv2%2Fcategories&post=30106"},{"taxonomy":"post_tag","embeddable":true,"href":"https:\/\/diariotribuna.com.br\/index.php?rest_route=%2Fwp%2Fv2%2Ftags&post=30106"}],"curies":[{"name":"wp","href":"https:\/\/api.w.org\/{rel}","templated":true}]}}