{"id":30119,"date":"2025-06-05T12:04:34","date_gmt":"2025-06-05T15:04:34","guid":{"rendered":"https:\/\/diariotribuna.com.br\/?p=30119"},"modified":"2025-06-05T12:04:34","modified_gmt":"2025-06-05T15:04:34","slug":"r-170-mi-de-investimento-em-araguari","status":"publish","type":"post","link":"https:\/\/diariotribuna.com.br\/?p=30119","title":{"rendered":"R$ 170 mi de investimento em Araguari\u00a0"},"content":{"rendered":"<p><em><span>Foto: Reprodu\u00e7\u00e3o CJ Selecta<\/span><\/em><\/p>\n<p><strong><span>COLUNA MG<\/span><\/strong><br \/><span>Principais destaques dos jornais e portais integrantes da rede Sindijori MG\u00a0<\/span><br \/><span><a href=\"http:\/\/www.sindijorimg.com.br\/\">www.sindijorimg.com.br<\/a><\/span><\/p>\n<p><strong><span>R$ 170 mi de investimento em Araguari<\/span><\/strong><br \/><span>A CJ Selecta vai investir mais de R$ 170 milh\u00f5es para ampliar suas opera\u00e7\u00f5es em Araguari (MG), com a instala\u00e7\u00e3o de um novo esmagador de soja e a cria\u00e7\u00e3o de 680 empregos, refor\u00e7ando sua atua\u00e7\u00e3o no Tri\u00e2ngulo Mineiro. A decis\u00e3o acontece ap\u00f3s o encerramento do acordo de venda para a Bunge e d\u00e1 continuidade \u00e0 estrat\u00e9gia de crescimento iniciada em 2017, quando foi adquirida pelo grupo sul-coreano CJ CheilJedang. A f\u00e1brica, localizada em \u00e1rea estrat\u00e9gica, j\u00e1 produz derivados da soja, fertilizantes e \u00e1lcool.\u00a0<\/span><br \/><span><a href=\"https:\/\/www.jornaldepatrocinio.com\/cj-selecta-investe-r-170-milhoes-e-amplia-operacoes-em-araguarimg\">https:\/\/www.jornaldepatrocinio.com\/cj-selecta-investe-r-170-milhoes-e-amplia-operacoes-em-araguarimg<\/a><\/span><\/p>\n<p><strong><span>Formiga tem Feira de Flores<\/span><\/strong><br \/><span>A 5\u00aa edi\u00e7\u00e3o da Feira de Flores e Plantas de Holambra prossegue at\u00e9 domingo, dia 8, no Terminal Rodovi\u00e1rio de Formiga, reunindo mais de 100 esp\u00e9cies de flores e plantas em um espa\u00e7o pensado para encantar e acolher o p\u00fablico; promovido pelo Instituto Tatame do Bem, o evento tem entrada gratuita e convida os visitantes a contribu\u00edrem com a doa\u00e7\u00e3o de um produto de limpeza, que ser\u00e1 destinado \u00e0s unidades da institui\u00e7\u00e3o na cidade. (O Pergaminho \u2013 Formiga)<\/span><br \/><span><a href=\"https:\/\/www.opergaminho.com.br\/feira-de-flores-de-holambra-comeca-nesta-quarta-no-terminal-rodoviario\">https:\/\/www.opergaminho.com.br\/feira-de-flores-de-holambra-comeca-nesta-quarta-no-terminal-rodoviario<\/a><\/span><\/p>\n<p><strong><span>Itabira debate minera\u00e7\u00e3o<\/span><\/strong><br \/><span>Durante a semana em que se comemora o Dia Mundial do Meio Ambiente e s\u00e3o promovidas diversas a\u00e7\u00f5es de conscientiza\u00e7\u00e3o em todo o pa\u00eds, a OAB Itabira realizou, na noite da \u00faltima ter\u00e7a-feira, 3, o evento \u201cDireito Ambiental e Minera\u00e7\u00e3o: Estrat\u00e9gias Para a Prote\u00e7\u00e3o do Meio Ambiente \u201d. A iniciativa, gratuita e aberta ao p\u00fablico, reuniu profissionais do Direito, estudantes e representantes da sociedade civil em um debate essencial sobre os caminhos para conciliar explora\u00e7\u00e3o mineral e preserva\u00e7\u00e3o ambiental. (Itabira Not\u00edcias)<\/span><br \/><span><a href=\"https:\/\/itabiranoticia.com.br\/oab-itabira-promove-debate-sobre-mineracao-e-sustentabilidade-durante-a-semana-do-meio-ambiente\/\">https:\/\/itabiranoticia.com.br\/oab-itabira-promove-debate-sobre-mineracao-e-sustentabilidade-durante-a-semana-do-meio-ambiente\/<\/a><\/span><\/p>\n<p><strong><span>Vereador \u00e9 cassado em 3 Cora\u00e7\u00f5es<\/span><\/strong><br \/><span>O vereador Evandro Guimar\u00e3es foi cassado nesta quarta-feira (4\/6) pela C\u00e2mara Municipal de Tr\u00eas Cora\u00e7\u00f5es, no Sul de Minas, ap\u00f3s ser investigado por suposto abuso sexual contra a pr\u00f3pria filha de 14 anos. A cassa\u00e7\u00e3o ocorreu em sess\u00e3o ordin\u00e1ria, com base no relat\u00f3rio da Comiss\u00e3o de \u00c9tica e nas investiga\u00e7\u00f5es em curso conduzidas pela Pol\u00edcia Civil de Minas Gerais. O parlamentar, que nega as acusa\u00e7\u00f5es, poder\u00e1 recorrer da decis\u00e3o judicialmente. (O Debate \u2013 Varginha)<\/span><br \/><span><a href=\"https:\/\/www.odebatenoticias.com.br\/post\/vereador-acusado-de-abusar-de-filha-%C3%A9-cassado-em-tr%C3%AAs-cora%C3%A7%C3%B5es\">https:\/\/www.odebatenoticias.com.br\/post\/vereador-acusado-de-abusar-de-filha-%C3%A9-cassado-em-tr%C3%AAs-cora%C3%A7%C3%B5es<\/a><\/span><\/p>\n<p><strong><span>Sabar\u00e1 faz Festival Ora-Pro-N\u00f3bis<\/span><\/strong><br \/><span>Um dos ingredientes mais tradicionais da culin\u00e1ria mineira, o ora-pro-n\u00f3bis ser\u00e1 a estrela principal do 27\u00ba Festival de Ora-Pro-N\u00f3bis de Sabar\u00e1 que acontecer\u00e1 entre os dias 06 e 08 de junho, no bairro Pomp\u00e9u na querida cidade hist\u00f3rica de Sabar\u00e1. O evento promete reunir amantes da boa gastronomia, produtores locais e artistas regionais em uma verdadeira celebra\u00e7\u00e3o dos sabores e saberes da terra. (Folha de Sabar\u00e1)<\/span><br \/><span><a href=\"https:\/\/folhadesabara.com.br\/noticia\/46157\/sabara-de-ora-pro-nobis-e-memorias\">https:\/\/folhadesabara.com.br\/noticia\/46157\/sabara-de-ora-pro-nobis-e-memorias<\/a><\/span><\/p>\n<p><strong><span>Pouso Alegre ganha Centro da JT<\/span><\/strong><br \/><span>A presidente do TRT-MG, desembargadora Denise Alves Horta, inaugurou, na tarde de quarta-feira, 4, o Centro Judici\u00e1rio de M\u00e9todos Consensuais de Solu\u00e7\u00e3o de Disputas (Cejusc-JT) de Pouso Alegre. A solenidade foi prestigiada por autoridades locais, magistrados, advogados, servidores, imprensa e pela popula\u00e7\u00e3o. Este \u00e9 o terceiro Cejusc-JT do interior mineiro, sucedendo \u00e0s instala\u00e7\u00f5es das unidades de Montes Claros e de Coronel Fabriciano. (Pouco Alegre\u00a0 em Foco)<\/span><br \/><span><a href=\"https:\/\/pousoalegreemfoco.com.br\/noticia\/2079\/inaugurado-pouso-alegre-3o-centro-conciliacao-trabalhista\">https:\/\/pousoalegreemfoco.com.br\/noticia\/2079\/inaugurado-pouso-alegre-3o-centro-conciliacao-trabalhista<\/a><\/span><\/p>\n<p><strong><span>Risoto de Capit\u00f3lio na Festur<\/span><\/strong><br \/><span>A \u2018S\u00f4 Bello Trattoria\u2019, de Capit\u00f3lio, foi convidada para representar a cidade na 5\u00aa edi\u00e7\u00e3o do Festival Internacional de Turismo e Cultura de Ouro Preto, evento que discute e apresenta de 6 a 8 de junho as novidades e experi\u00eancias do setor tur\u00edstico em Minas Gerais. O prato \u201c\u00c9 Risoto, Uai!\u201d foi criado para a 2\u00aa edi\u00e7\u00e3o do Festival Gastron\u00f4mico Sabores de Capit\u00f3lio, em 2024. A iguaria une a tradi\u00e7\u00e3o italiana do risoto \u00e0 ess\u00eancia mineira, incorporando ingredientes regionais como a carne de lata, queijo da Serra da Canastra, lingui\u00e7a, bacon, couve e pimenta biquinho. (Observo \u2013 Passos)<\/span><br \/><span><a href=\"https:\/\/www.observo.com.br\/e-risoto-uai-representa-culinaria-de-capitolio-na-5a-festur-em-ouro-preto\">https:\/\/www.observo.com.br\/e-risoto-uai-representa-culinaria-de-capitolio-na-5a-festur-em-ouro-preto<\/a><\/span><\/p>\n<p><span><\/span><\/p>\n<p>\u00a0<\/p>","protected":false},"excerpt":{"rendered":"<p>Foto: Reprodu\u00e7\u00e3o CJ Selecta COLUNA MGPrincipais destaques dos jornais e portais integrantes da rede Sindijori MG\u00a0www.sindijorimg.com.br R$ 170 mi de investimento em AraguariA CJ Selecta vai investir mais de R$ 170 milh\u00f5es para ampliar suas opera\u00e7\u00f5es em Araguari (MG), com a instala\u00e7\u00e3o de um novo esmagador de soja e a cria\u00e7\u00e3o de 680 empregos, refor\u00e7ando [&hellip;]<\/p>\n","protected":false},"author":0,"featured_media":30120,"comment_status":"open","ping_status":"open","sticky":false,"template":"","format":"standard","meta":{"rop_custom_images_group":[],"rop_custom_messages_group":[],"rop_publish_now":"initial","rop_publish_now_accounts":[],"rop_publish_now_history":[],"rop_publish_now_status":"pending","footnotes":""},"categories":[6745],"tags":[],"class_list":["post-30119","post","type-post","status-publish","format-standard","has-post-thumbnail","hentry","category-coluna-sindijori"],"_links":{"self":[{"href":"https:\/\/diariotribuna.com.br\/index.php?rest_route=\/wp\/v2\/posts\/30119"}],"collection":[{"href":"https:\/\/diariotribuna.com.br\/index.php?rest_route=\/wp\/v2\/posts"}],"about":[{"href":"https:\/\/diariotribuna.com.br\/index.php?rest_route=\/wp\/v2\/types\/post"}],"replies":[{"embeddable":true,"href":"https:\/\/diariotribuna.com.br\/index.php?rest_route=%2Fwp%2Fv2%2Fcomments&post=30119"}],"version-history":[{"count":0,"href":"https:\/\/diariotribuna.com.br\/index.php?rest_route=\/wp\/v2\/posts\/30119\/revisions"}],"wp:featuredmedia":[{"embeddable":true,"href":"https:\/\/diariotribuna.com.br\/index.php?rest_route=\/wp\/v2\/media\/30120"}],"wp:attachment":[{"href":"https:\/\/diariotribuna.com.br\/index.php?rest_route=%2Fwp%2Fv2%2Fmedia&parent=30119"}],"wp:term":[{"taxonomy":"category","embeddable":true,"href":"https:\/\/diariotribuna.com.br\/index.php?rest_route=%2Fwp%2Fv2%2Fcategories&post=30119"},{"taxonomy":"post_tag","embeddable":true,"href":"https:\/\/diariotribuna.com.br\/index.php?rest_route=%2Fwp%2Fv2%2Ftags&post=30119"}],"curies":[{"name":"wp","href":"https:\/\/api.w.org\/{rel}","templated":true}]}}