{"id":30121,"date":"2025-06-05T17:24:00","date_gmt":"2025-06-05T20:24:00","guid":{"rendered":"https:\/\/diariotribuna.com.br\/?p=30121"},"modified":"2025-06-05T17:24:00","modified_gmt":"2025-06-05T20:24:00","slug":"presidente-da-amm-defende-pec-66-2023-como-vital-para-as-financas-dos-municipios","status":"publish","type":"post","link":"https:\/\/diariotribuna.com.br\/?p=30121","title":{"rendered":"Presidente da AMM defende PEC 66\/2023 como vital para as finan\u00e7as dos munic\u00edpios\u00a0"},"content":{"rendered":"<p class=\"MsoNormal\"><span>AMM | Divulga\u00e7\u00e3o<\/span><span><\/span><\/p>\n<p><span><\/span><\/p>\n<h2><\/h2>\n<p><em>\u201cO tema \u00e9 pertinente \u00e0 sobreviv\u00eancia dos munic\u00edpios. Pedimos aos prefeitos, vereadores e todos os representantes que solicitem aos deputados federais a assinatura desta emenda. Ser\u00e1 um impacto bilion\u00e1rio para os munic\u00edpios mineiros. Contem comigo. Contem com a Associa\u00e7\u00e3o Mineira de Munic\u00edpios nessa luta por equil\u00edbrio fiscal para nossos munic\u00edpios\u201d<\/em>, destacou o <strong>presidente da AMM e prefeito de Patos de Minas, Lu\u00eds Eduardo Falc\u00e3o Ferreira<\/strong>, durante o <strong>Semin\u00e1rio Estadual sobre a PEC 66\/2023<\/strong>, realizado nesta segunda-feira (<strong>2\/6<\/strong>), em <strong>Uberl\u00e2ndia<\/strong>.<\/p>\n<p>Falc\u00e3o participou do evento a convite da <strong>deputada federal Ana Paula Junqueira Le\u00e3o<\/strong>. A proposta, considerada a <strong>principal pauta do movimento municipalista em 2025<\/strong>, trata de quest\u00f5es essenciais para o <strong>equil\u00edbrio fiscal das prefeituras<\/strong>, como:<\/p>\n<p><strong>Parcelamento especial de d\u00e9bitos previdenci\u00e1rios<\/strong>;<\/p>\n<p><strong>Defini\u00e7\u00e3o de tetos para pagamento de precat\u00f3rios<\/strong>;<\/p>\n<p><strong>Amplia\u00e7\u00e3o da desvincula\u00e7\u00e3o de receitas<\/strong>;<\/p>\n<p><strong>Flexibiliza\u00e7\u00e3o no uso da Compensa\u00e7\u00e3o Financeira pela Explora\u00e7\u00e3o Mineral (CFEM)<\/strong>.<\/p>\n<p><em>\u201cCuidar dos munic\u00edpios \u00e9 cuidar das pessoas. Essa PEC oferece um f\u00f4lego necess\u00e1rio \u00e0s prefeituras e ajuda a evitar o colapso de servi\u00e7os essenciais, como sa\u00fade, educa\u00e7\u00e3o, infraestrutura urbana e assist\u00eancia social\u201d<\/em>, afirmou a <strong>deputada Ana Paula<\/strong>.<\/p>\n<p>Durante o semin\u00e1rio, foi refor\u00e7ada a import\u00e2ncia da <strong>subscri\u00e7\u00e3o de tr\u00eas emendas<\/strong> \u00e0 <strong>PEC 66\/2023<\/strong>, conhecida como <strong>PEC da Sustentabilidade Fiscal<\/strong>. As emendas, sugeridas pela <strong>Confedera\u00e7\u00e3o Nacional de Munic\u00edpios (CNM)<\/strong>, representam um impacto positivo estimado em <strong>R$ 400 bilh\u00f5es nas finan\u00e7as municipais<\/strong>.<\/p>\n<h3><strong>As tr\u00eas emendas propostas s\u00e3o:<\/strong><\/h3>\n<p><strong>Emenda 1 \u2013 Extens\u00e3o autom\u00e1tica da reforma da previd\u00eancia aos munic\u00edpios<\/strong><br \/>De autoria do deputado <strong>Gilson Daniel (PODE-ES)<\/strong>, estabelece a aplica\u00e7\u00e3o das novas regras previdenci\u00e1rias da Uni\u00e3o aos <strong>Regimes Pr\u00f3prios de Previd\u00eancia Social (RPPS)<\/strong> municipais.<\/p>\n<p><strong>Emenda 2 \u2013 Aprimoramento das regras de pagamento de precat\u00f3rios<\/strong><br \/>Proposta pelo deputado <strong>Hildo Rocha (MDB-MA)<\/strong>, prev\u00ea uma <strong>grada\u00e7\u00e3o mais justa dos limites de comprometimento da Receita Corrente L\u00edquida (RCL)<\/strong> com precat\u00f3rios, respeitando o prazo m\u00e1ximo de <strong>10 anos para quita\u00e7\u00e3o do estoque<\/strong>. Tamb\u00e9m estabelece um <strong>limite de juros reais de at\u00e9 4% ao ano<\/strong> para atualiza\u00e7\u00e3o dos valores.<\/p>\n<p><strong>Emenda 3 \u2013 Substitui\u00e7\u00e3o do indexador da d\u00edvida previdenci\u00e1ria municipal<\/strong><br \/>De autoria do deputado <strong>Valdir Cobalchini (MDB-SC)<\/strong>, prop\u00f5e trocar a atual <strong>taxa Selic<\/strong> \u2014 que gera <strong>juros excessivos<\/strong> \u2014 pelo <strong>\u00cdndice Nacional de Pre\u00e7os ao Consumidor Amplo (IPCA)<\/strong>, acrescido de <strong>juros de at\u00e9 4% ao ano<\/strong>, assim como j\u00e1 ocorre para estados e Distrito Federal, conforme a <strong>Lei Complementar 212\/2025 (PROPAG)<\/strong>. A medida tamb\u00e9m amplia para <strong>360 meses<\/strong> o prazo de refinanciamento das d\u00edvidas dos munic\u00edpios com a Uni\u00e3o.<\/p>\n<p>O objetivo central da proposta \u00e9 <strong>assegurar maior equil\u00edbrio fiscal e previdenci\u00e1rio \u00e0s gest\u00f5es municipais<\/strong>, considerando o cen\u00e1rio de <strong>envelhecimento populacional e o consequente aumento dos gastos com aposentadorias<\/strong>.<\/p>\n<p>\u00a0<\/p>","protected":false},"excerpt":{"rendered":"<p>AMM | Divulga\u00e7\u00e3o \u201cO tema \u00e9 pertinente \u00e0 sobreviv\u00eancia dos munic\u00edpios. Pedimos aos prefeitos, vereadores e todos os representantes que solicitem aos deputados federais a assinatura desta emenda. Ser\u00e1 um impacto bilion\u00e1rio para os munic\u00edpios mineiros. Contem comigo. Contem com a Associa\u00e7\u00e3o Mineira de Munic\u00edpios nessa luta por equil\u00edbrio fiscal para nossos munic\u00edpios\u201d, destacou o [&hellip;]<\/p>\n","protected":false},"author":0,"featured_media":30122,"comment_status":"open","ping_status":"open","sticky":false,"template":"","format":"standard","meta":{"rop_custom_images_group":[],"rop_custom_messages_group":[],"rop_publish_now":"initial","rop_publish_now_accounts":[],"rop_publish_now_history":[],"rop_publish_now_status":"pending","footnotes":""},"categories":[6745],"tags":[],"class_list":["post-30121","post","type-post","status-publish","format-standard","has-post-thumbnail","hentry","category-coluna-sindijori"],"_links":{"self":[{"href":"https:\/\/diariotribuna.com.br\/index.php?rest_route=\/wp\/v2\/posts\/30121"}],"collection":[{"href":"https:\/\/diariotribuna.com.br\/index.php?rest_route=\/wp\/v2\/posts"}],"about":[{"href":"https:\/\/diariotribuna.com.br\/index.php?rest_route=\/wp\/v2\/types\/post"}],"replies":[{"embeddable":true,"href":"https:\/\/diariotribuna.com.br\/index.php?rest_route=%2Fwp%2Fv2%2Fcomments&post=30121"}],"version-history":[{"count":0,"href":"https:\/\/diariotribuna.com.br\/index.php?rest_route=\/wp\/v2\/posts\/30121\/revisions"}],"wp:featuredmedia":[{"embeddable":true,"href":"https:\/\/diariotribuna.com.br\/index.php?rest_route=\/wp\/v2\/media\/30122"}],"wp:attachment":[{"href":"https:\/\/diariotribuna.com.br\/index.php?rest_route=%2Fwp%2Fv2%2Fmedia&parent=30121"}],"wp:term":[{"taxonomy":"category","embeddable":true,"href":"https:\/\/diariotribuna.com.br\/index.php?rest_route=%2Fwp%2Fv2%2Fcategories&post=30121"},{"taxonomy":"post_tag","embeddable":true,"href":"https:\/\/diariotribuna.com.br\/index.php?rest_route=%2Fwp%2Fv2%2Ftags&post=30121"}],"curies":[{"name":"wp","href":"https:\/\/api.w.org\/{rel}","templated":true}]}}