{"id":30127,"date":"2025-06-05T22:40:03","date_gmt":"2025-06-06T01:40:03","guid":{"rendered":"https:\/\/diariotribuna.com.br\/?p=30127"},"modified":"2025-06-05T22:47:00","modified_gmt":"2025-06-06T01:47:00","slug":"homem-com-arma-de-fogo-em-frente-a-upa-de-teofilo-otoni-mobiliza-as-forcas-de-seguranca-publica","status":"publish","type":"post","link":"https:\/\/diariotribuna.com.br\/?p=30127","title":{"rendered":"Homem com arma de fogo em frente \u00e0 UPA de Te\u00f3filo Otoni mobiliza as for\u00e7as de seguran\u00e7a p\u00fablica"},"content":{"rendered":"\n<p><strong><em>Foram horas de tentativas para a PM conseguir desarmar o homem que aparentemente estava em surto psic\u00f3tico<\/em><\/strong><\/p>\n\n\n\n<figure class=\"wp-block-image size-full is-resized\"><img loading=\"lazy\" decoding=\"async\" width=\"700\" height=\"360\" src=\"https:\/\/diariotribuna.com.br\/wp-content\/uploads\/2025\/06\/Imagem-do-WhatsApp-de-2025-06-05-as-22.21.51_8fa2adde.jpg\" alt=\"\" class=\"wp-image-30128\" style=\"width:535px;height:auto\" srcset=\"https:\/\/diariotribuna.com.br\/wp-content\/uploads\/2025\/06\/Imagem-do-WhatsApp-de-2025-06-05-as-22.21.51_8fa2adde.jpg 700w, https:\/\/diariotribuna.com.br\/wp-content\/uploads\/2025\/06\/Imagem-do-WhatsApp-de-2025-06-05-as-22.21.51_8fa2adde-300x154.jpg 300w, https:\/\/diariotribuna.com.br\/wp-content\/uploads\/2025\/06\/Imagem-do-WhatsApp-de-2025-06-05-as-22.21.51_8fa2adde-696x358.jpg 696w\" sizes=\"(max-width: 700px) 100vw, 700px\" \/><\/figure>\n\n\n\n<p>A Pol\u00edcia Militar foi acionada na noite de quarta-feira, 4 de junho, para atendimento de um fato grave nas proximidades da Unidade de Pronto Atendimento (UPA) de Te\u00f3filo Otoni, onde havia um homem com uma arma de fogo em punho, apontando para sua pr\u00f3pria cabe\u00e7a, passando o entendimento de que poderia cometer um autoexterm\u00ednio.<\/p>\n\n\n\n<p>O fato causou muita tens\u00e3o e medo, porque o homem estava sendo atendido dentro da UPA, onde segundo informa\u00e7\u00f5es, teria avan\u00e7ado e conseguido tomar a arma de um policial penal que tamb\u00e9m estava dentro da UPA acompanhando um preso em atendimento. Ap\u00f3s pegar a arma, ele apontou para sua cabe\u00e7a, depois foi para a rua em frente \u00e0 UPA, onde ficou andando e falando coisas desconexas.<\/p>\n\n\n\n<p>A Pol\u00edcia Militar cercou o per\u00edmetro para evitar riscos a transeuntes, para garantir a seguran\u00e7a de todos, durante atendimento dessa ocorr\u00eancia complexa, que requer muita cautela nas a\u00e7\u00f5es policiais. A todo instante os militares pediam que o homem, aparentemente com crise de surto, jogasse a arma no ch\u00e3o, num momento tenso em via p\u00fablica, mas ele desobedecia.<\/p>\n\n\n\n<p>Os policiais tiveram muito trabalho, tentando convencer o homem a jogar a arma no ch\u00e3o, eles se protegiam ficando detr\u00e1s de \u00e1rvore, muros e ve\u00edculos, numa a\u00e7\u00e3o que durou mais de duas horas, at\u00e9 que o homem, que saiu de frente da UPA e come\u00e7ou a andar pela avenida Get\u00falio Vargas sentido centro, foi atingido por um disparo de arma de impulso el\u00e9trico (taser) na perna, arma que precisa ser utilizada numa dist\u00e2ncia mais curta do alvo. Ele caiu, foi rendido e algemado.<\/p>\n\n\n\n<p>O comandante do 19\u00ba Batalh\u00e3o, coronel Gean, destaca que o hor\u00e1rio do fato facilitou o isolamento da \u00e1rea central, porque as lojas estavam todas fechadas, mas foi uma ocorr\u00eancia bastante complexa, que requer muita aten\u00e7\u00e3o e paci\u00eancia por parte dos militares. A imprensa acompanhou o caso, mantendo dist\u00e2ncia de seguran\u00e7a, determinada pela PM. N\u00e3o foi informado nada a respeito do homem que, gra\u00e7as \u00e0 a\u00e7\u00e3o bastante profissional dos militares, teve a vida preservada. (Imagem: Thiago Cardoso).<\/p>\n","protected":false},"excerpt":{"rendered":"<p>Foram horas de tentativas para a PM conseguir desarmar o homem que aparentemente estava em surto psic\u00f3tico A Pol\u00edcia Militar foi acionada na noite de quarta-feira, 4 de junho, para atendimento de um fato grave nas proximidades da Unidade de Pronto Atendimento (UPA) de Te\u00f3filo Otoni, onde havia um homem com uma arma de fogo [&hellip;]<\/p>\n","protected":false},"author":1,"featured_media":30128,"comment_status":"open","ping_status":"open","sticky":false,"template":"","format":"standard","meta":{"rop_custom_images_group":[],"rop_custom_messages_group":[],"rop_publish_now":"initial","rop_publish_now_accounts":[],"rop_publish_now_history":[],"rop_publish_now_status":"pending","footnotes":""},"categories":[25,20],"tags":[1055,767,75,7201],"class_list":["post-30127","post","type-post","status-publish","format-standard","has-post-thumbnail","hentry","category-destaque","category-policia","tag-arma-de-fogo","tag-surto-psicotico","tag-teofilo-otoni","tag-upa"],"_links":{"self":[{"href":"https:\/\/diariotribuna.com.br\/index.php?rest_route=\/wp\/v2\/posts\/30127"}],"collection":[{"href":"https:\/\/diariotribuna.com.br\/index.php?rest_route=\/wp\/v2\/posts"}],"about":[{"href":"https:\/\/diariotribuna.com.br\/index.php?rest_route=\/wp\/v2\/types\/post"}],"author":[{"embeddable":true,"href":"https:\/\/diariotribuna.com.br\/index.php?rest_route=\/wp\/v2\/users\/1"}],"replies":[{"embeddable":true,"href":"https:\/\/diariotribuna.com.br\/index.php?rest_route=%2Fwp%2Fv2%2Fcomments&post=30127"}],"version-history":[{"count":3,"href":"https:\/\/diariotribuna.com.br\/index.php?rest_route=\/wp\/v2\/posts\/30127\/revisions"}],"predecessor-version":[{"id":30132,"href":"https:\/\/diariotribuna.com.br\/index.php?rest_route=\/wp\/v2\/posts\/30127\/revisions\/30132"}],"wp:featuredmedia":[{"embeddable":true,"href":"https:\/\/diariotribuna.com.br\/index.php?rest_route=\/wp\/v2\/media\/30128"}],"wp:attachment":[{"href":"https:\/\/diariotribuna.com.br\/index.php?rest_route=%2Fwp%2Fv2%2Fmedia&parent=30127"}],"wp:term":[{"taxonomy":"category","embeddable":true,"href":"https:\/\/diariotribuna.com.br\/index.php?rest_route=%2Fwp%2Fv2%2Fcategories&post=30127"},{"taxonomy":"post_tag","embeddable":true,"href":"https:\/\/diariotribuna.com.br\/index.php?rest_route=%2Fwp%2Fv2%2Ftags&post=30127"}],"curies":[{"name":"wp","href":"https:\/\/api.w.org\/{rel}","templated":true}]}}