{"id":30133,"date":"2025-06-06T11:46:48","date_gmt":"2025-06-06T14:46:48","guid":{"rendered":"https:\/\/diariotribuna.com.br\/?p=30133"},"modified":"2025-06-06T11:46:48","modified_gmt":"2025-06-06T14:46:48","slug":"casa-da-opera-comemora-225-anos","status":"publish","type":"post","link":"https:\/\/diariotribuna.com.br\/?p=30133","title":{"rendered":"Casa da \u00d3pera comemora 225 anos\u00a0"},"content":{"rendered":"<p><em><span>Foto: Marcos Delamore \/ Liberal<\/span><\/em><\/p>\n<p><strong><span>COLUNA MG<\/span><\/strong><br \/><span>Principais destaques dos jornais e portais integrantes da rede Sindijori MG\u00a0<\/span><br \/><span><a href=\"http:\/\/www.sindijorimg.com.br\/\">www.sindijorimg.com.br<\/a><\/span><\/p>\n<p><strong><span>Casa da \u00d3pera comemora 225 anos<\/span><\/strong><br \/><span>A Casa da \u00d3pera, em Ouro Preto, completa 225 anos de legado hist\u00f3rico na Cidade Patrim\u00f4nio Mundial e nas Am\u00e9ricas. Em celebra\u00e7\u00e3o a esse marco, neste final de semana far\u00e1 encontros musicais comemorativos e gratuitos para a popula\u00e7\u00e3o ouropretana. O teatro mais antigo em funcionamento das Am\u00e9ricas iniciou o calend\u00e1rio de eventos nesta sexta-feira. Neste s\u00e1bado, 7, uma homenagem de Luciano Luppi e Bruna Guimar\u00e3es a um dos poetas mais ilustres do modernismo e um dos maiores expoentes da l\u00edngua portuguesa, o portugu\u00eas Fernando Pessoa, abrilhantar\u00e1 o p\u00fablico presente em um momento \u00fanico e inesquec\u00edvel. (O Liberal \u2013 Ouro Preto)<\/span><br \/><span><a href=\"https:\/\/oliberalinconfidentes.com.br\/ouro-preto\/ouro-preto-casa-da-opera-celebra-225-anos-com-programacao-especial-e-gratuita\/\">https:\/\/oliberalinconfidentes.com.br\/ouro-preto\/ouro-preto-casa-da-opera-celebra-225-anos-com-programacao-especial-e-gratuita\/<\/a><\/span><\/p>\n<p><strong><span>Fabriciano amplia cobertura vacinal<\/span><\/strong><br \/><span>A Prefeitura de Coronel Fabriciano ampliar\u00e1 a vacina\u00e7\u00e3o contra a influenza utilizando o Vacim\u00f3vel, ve\u00edculo que leva a imuniza\u00e7\u00e3o a diferentes pontos da cidade. A a\u00e7\u00e3o ocorrer\u00e1 at\u00e9 13 de junho nos bairros Aparecida do Norte, Mangueiras, Melo Viana e Amaro Lanari, com aplica\u00e7\u00e3o da vacina trivalente que protege contra os v\u00edrus H1N1, H3N2 e Influenza B. A iniciativa tem como objetivo facilitar o acesso \u00e0s doses e aumentar a cobertura vacinal no munic\u00edpio. (Di\u00e1rio do A\u00e7o \u2013 Ipatinga)<\/span><br \/><span><a href=\"https:\/\/diariodoaco.com.br\/noticia\/0125051-coronel-fabriciano-amplia-cobertura-vacinal-do-municipio-com-apoio-do-vacimovel\">https:\/\/diariodoaco.com.br\/noticia\/0125051-coronel-fabriciano-amplia-cobertura-vacinal-do-municipio-com-apoio-do-vacimovel<\/a><\/span><\/p>\n<p><strong><span>Montes Claros debate sustentabilidade<\/span><\/strong><br \/><span>A Prefeitura de Montes Claros promoveu, no dia 3 de junho, um evento voltado \u00e0 sustentabilidade e \u00e0 gest\u00e3o de res\u00edduos s\u00f3lidos, reunindo carroceiros e catadores das cinco associa\u00e7\u00f5es ligadas ao programa Recicla aos Montes. Realizado como parte da Semana do Meio Ambiente, o encontro ofereceu oficinas de educa\u00e7\u00e3o ambiental, atendimentos de sa\u00fade e apresenta\u00e7\u00f5es culturais, com o objetivo de valorizar os profissionais da reciclagem e fomentar boas pr\u00e1ticas. (Rede Gazeta \u2013 Montes Claros)<\/span><br \/><span><a href=\"https:\/\/gazetanm.com.br\/prefeitura-de-montes-claros-fortalece-debate-sobre-residuos-solidos-e-sustentabilidade-com-carroceiros-e-catadores\/\">https:\/\/gazetanm.com.br\/prefeitura-de-montes-claros-fortalece-debate-sobre-residuos-solidos-e-sustentabilidade-com-carroceiros-e-catadores\/<\/a><\/span><\/p>\n<p><strong><span>Abatedouro clandestino em Divin\u00f3polis<\/span><\/strong><br \/><span>A Prefeitura de Divin\u00f3polis, em parceria com o Minist\u00e9rio P\u00fablico, realizou uma opera\u00e7\u00e3o de fiscaliza\u00e7\u00e3o em um abatedouro clandestino da cidade com o objetivo de refor\u00e7ar o controle sanit\u00e1rio e combater pr\u00e1ticas ilegais na comercializa\u00e7\u00e3o de alimentos. Durante a vistoria, foram identificadas diversas irregularidades que colocam em risco a seguran\u00e7a alimentar da popula\u00e7\u00e3o, evidenciando a import\u00e2ncia de a\u00e7\u00f5es rigorosas para garantir que apenas produtos inspecionados e de proced\u00eancia comprovada sejam consumidos. A a\u00e7\u00e3o integra um conjunto de medidas do Servi\u00e7o de Inspe\u00e7\u00e3o Municipal (SIM) voltadas \u00e0 prote\u00e7\u00e3o da sa\u00fade p\u00fablica e dos direitos dos consumidores. (Portal Gerais \u2013 Divin\u00f3polis)<\/span><br \/><span><a href=\"https:\/\/portalgerais.com\/prefeitura-e-ministerio-publico-fiscalizam-abatedouro-clandestino-em-divinopolis\/\">https:\/\/portalgerais.com\/prefeitura-e-ministerio-publico-fiscalizam-abatedouro-clandestino-em-divinopolis\/<\/a><\/span><\/p>\n<p><strong><span>Formiga reduz infesta\u00e7\u00e3o da dengue<\/span><\/strong><br \/><span>Formiga reduziu o \u00edndice de infesta\u00e7\u00e3o do Aedes aegypti de 1,9% em 2024 para 1,5% em 2025, segundo o terceiro LIRAa feito em maio, mantendo o munic\u00edpio em m\u00e9dio risco de epidemia. Mais de 96% dos focos foram encontrados dentro das casas, principalmente em pratinhos de plantas, calhas e bebedouros. Bairros como Alvorada, Ros\u00e1rio e Nossa Senhora de Lourdes registraram maior n\u00famero de focos, com destaque para o Andorinhas, onde metade dos im\u00f3veis apresentava infesta\u00e7\u00e3o. (\u00daltimas Not\u00edcias \u2013 Formiga)<\/span><br \/><span><a href=\"https:\/\/ultimasnoticias.inf.br\/noticia\/formiga-reduz-o-indice-de-infestacao-da-dengue\/\">https:\/\/ultimasnoticias.inf.br\/noticia\/formiga-reduz-o-indice-de-infestacao-da-dengue\/<\/a><\/span><\/p>\n<p><strong><span>Para\u00edso investiga atestados<\/span><\/strong><br \/><span>O prefeito Marcelo Morais determinou, nesta quarta-feira (4), a abertura de auditoria municipal para apurar poss\u00edveis condutas fraudulentas na emiss\u00e3o e apresenta\u00e7\u00e3o de atestados m\u00e9dicos em S\u00e3o Sebasti\u00e3o do Para\u00edso. A medida visa investigar tanto a atua\u00e7\u00e3o de servidores quanto de profissionais que estariam emitindo atestados de forma aleat\u00f3ria, sem crit\u00e9rios t\u00e9cnicos ou respaldo adequado. A decis\u00e3o foi motivada ap\u00f3s notifica\u00e7\u00f5es de diversas empresas privadas, que relataram condutas suspeitas envolvendo tr\u00eas profissionais da sa\u00fade emitindo atestados para funcion\u00e1rios de diferentes empresas, sem justificativas plaus\u00edveis. (Jornal do Sudoeste \u2013 SS Para\u00edso)<\/span><br \/><span><a href=\"https:\/\/jornaldosudoeste.com.br\/noticia_detalhe.php?id=219276\">https:\/\/jornaldosudoeste.com.br\/noticia_detalhe.php?id=219276<\/a><\/span><\/p>\n<p><span><\/span><\/p>\n<p>\u00a0<\/p>","protected":false},"excerpt":{"rendered":"<p>Foto: Marcos Delamore \/ Liberal COLUNA MGPrincipais destaques dos jornais e portais integrantes da rede Sindijori MG\u00a0www.sindijorimg.com.br Casa da \u00d3pera comemora 225 anosA Casa da \u00d3pera, em Ouro Preto, completa 225 anos de legado hist\u00f3rico na Cidade Patrim\u00f4nio Mundial e nas Am\u00e9ricas. Em celebra\u00e7\u00e3o a esse marco, neste final de semana far\u00e1 encontros musicais comemorativos [&hellip;]<\/p>\n","protected":false},"author":0,"featured_media":30134,"comment_status":"open","ping_status":"open","sticky":false,"template":"","format":"standard","meta":{"rop_custom_images_group":[],"rop_custom_messages_group":[],"rop_publish_now":"initial","rop_publish_now_accounts":[],"rop_publish_now_history":[],"rop_publish_now_status":"pending","footnotes":""},"categories":[6745],"tags":[],"class_list":["post-30133","post","type-post","status-publish","format-standard","has-post-thumbnail","hentry","category-coluna-sindijori"],"_links":{"self":[{"href":"https:\/\/diariotribuna.com.br\/index.php?rest_route=\/wp\/v2\/posts\/30133"}],"collection":[{"href":"https:\/\/diariotribuna.com.br\/index.php?rest_route=\/wp\/v2\/posts"}],"about":[{"href":"https:\/\/diariotribuna.com.br\/index.php?rest_route=\/wp\/v2\/types\/post"}],"replies":[{"embeddable":true,"href":"https:\/\/diariotribuna.com.br\/index.php?rest_route=%2Fwp%2Fv2%2Fcomments&post=30133"}],"version-history":[{"count":0,"href":"https:\/\/diariotribuna.com.br\/index.php?rest_route=\/wp\/v2\/posts\/30133\/revisions"}],"wp:featuredmedia":[{"embeddable":true,"href":"https:\/\/diariotribuna.com.br\/index.php?rest_route=\/wp\/v2\/media\/30134"}],"wp:attachment":[{"href":"https:\/\/diariotribuna.com.br\/index.php?rest_route=%2Fwp%2Fv2%2Fmedia&parent=30133"}],"wp:term":[{"taxonomy":"category","embeddable":true,"href":"https:\/\/diariotribuna.com.br\/index.php?rest_route=%2Fwp%2Fv2%2Fcategories&post=30133"},{"taxonomy":"post_tag","embeddable":true,"href":"https:\/\/diariotribuna.com.br\/index.php?rest_route=%2Fwp%2Fv2%2Ftags&post=30133"}],"curies":[{"name":"wp","href":"https:\/\/api.w.org\/{rel}","templated":true}]}}