{"id":30156,"date":"2025-06-07T10:54:26","date_gmt":"2025-06-07T13:54:26","guid":{"rendered":"https:\/\/diariotribuna.com.br\/?p=30156"},"modified":"2025-06-07T10:54:26","modified_gmt":"2025-06-07T13:54:26","slug":"antt-aprova-concessao-da-br-116","status":"publish","type":"post","link":"https:\/\/diariotribuna.com.br\/?p=30156","title":{"rendered":"ANTT aprova concess\u00e3o da BR 116\u00a0"},"content":{"rendered":"<p><em><span>Foto: Reprodu\u00e7\u00e3o TM<\/span><\/em><\/p>\n<p><strong><span>COLUNA MG<\/span><\/strong><br \/><span>Principais destaques dos jornais e portais integrantes da rede Sindijori MG\u00a0<\/span><br \/><span><a href=\"http:\/\/www.sindijorimg.com.br\/\">www.sindijorimg.com.br<\/a><\/span><\/p>\n<p><strong><span>ANTT aprova concess\u00e3o da BR 116<\/span><\/strong><br \/><span>A Ag\u00eancia Nacional de Transportes Terrestres (ANTT) aprovou, na semana que passou, a concess\u00e3o de 735 quil\u00f4metros da BR-116\/251\/MG. Agora, o processo ser\u00e1 encaminhado para an\u00e1lise do Tribunal de Contas da Uni\u00e3o (TCU) e, se aprovado, os pr\u00f3ximos passos ser\u00e3o a publica\u00e7\u00e3o do edital, leil\u00e3o do projeto e assinatura do contrato. A rodovia passa por 13 munic\u00edpios mineiros: Governador Valadares, Te\u00f3filo Otoni, Itaobim, Padr\u00f5es de Medina, \u00c1guas Vermelhas, Divisa Alegre (fronteira com a Bahia), Montes Claros, Francisco S\u00e1, Gr\u00e3o Mogol, Salinas, Padre Carvalho, Curral de Dentro e Divisa Alegre (ponto de encontro com a BR-116\/MG). (Tribuna de Minas \u2013 Juiz de Fora)<\/span><br \/><span><a href=\"https:\/\/tribunademinas.com.br\/noticias\/minas\/06-06-2025\/concessao-2.html\">https:\/\/tribunademinas.com.br\/noticias\/minas\/06-06-2025\/concessao-2.html<\/a><\/span><\/p>\n<p><strong><span>Te\u00f3filo Otoni implanta SEI<\/span><\/strong><br \/><span>Te\u00f3filo Otoni \u00e9 a terceira cidade de Minas Gerais a concluir a implanta\u00e7\u00e3o do Sistema Eletr\u00f4nico de Informa\u00e7\u00f5es (SEI-MG), por meio da Secre taria de Estado de Planejamento e Gest\u00e3o A implanta\u00e7\u00e3o do Sistema foi anunciada oficialmente, na manh\u00e3 desta quarta-feira, 4, pelo prefeito F\u00e1bio Marinho dos Santos, durante solenidade na prefeitura. O SEI foi desenvolvido pelo Tribunal Regional Federal da 4\u00aa Regi\u00e3o, e integra o Processo Eletr\u00f4nico Nacional, coordenado pelo Minist\u00e9rio da Gest\u00e3o e da Inova\u00e7\u00e3o. (Di\u00e1rio Tribuna \u2013 Te\u00f3filo Otoni)<\/span><br \/><span><a href=\"https:\/\/diariotribuna.com.br\/?p=30135\">https:\/\/diariotribuna.com.br\/?p=30135<\/a><\/span><\/p>\n<p><strong><span>Arcoense cria projeto para o Ipem<\/span><\/strong><br \/><span>O arcoense Leonardo Silva Marafeli, de 32 anos, \u00e9 um dos idealizadores do projeto \u201cControle Patrimonial QR Code\u201d do Ipem-MG, criado para otimizar a gest\u00e3o de bens da institui\u00e7\u00e3o por meio da identifica\u00e7\u00e3o via QR Code. Com o novo sistema, mais de seis mil itens foram catalogados, reduzindo em cerca de 60% o tempo gasto com invent\u00e1rios e os custos operacionais. O projeto concorre ao Pr\u00eamio Nacional de Inova\u00e7\u00e3o do Inmetro e foi finalista do Pr\u00eamio Destaques do Controle da Controladoria-Geral do Estado em 2023. (Correio Centro Oeste \u2013 Arcos)<\/span><br \/><span><a href=\"https:\/\/www.jornalcco.com.br\/arcoense-e-um-dos-criadores-de-projeto-para-o-ipem-mg\">https:\/\/www.jornalcco.com.br\/arcoense-e-um-dos-criadores-de-projeto-para-o-ipem-mg<\/a><\/span><\/p>\n<p><strong><span>Nova Lima premiada por videomonitoramento<\/span><\/strong><br \/><span>Nova Lima, na Regi\u00e3o Metropolitana de Belo Horizonte, foi novamente premiada pelo Instituto Smart City Business Am\u00e9rica com o Pr\u00eamio InovaCidade, gra\u00e7as ao uso estrat\u00e9gico da tecnologia na seguran\u00e7a p\u00fablica por meio do Centro Integrado de A\u00e7\u00f5es Preventivas (CIAP). Com mais de 500 c\u00e2meras espalhadas pelo munic\u00edpio, a cidade se destaca pelo uso de bodycams na Guarda Municipal, drones operados por agentes capacitados, doa\u00e7\u00e3o do software Cellebrite \u00e0 Pol\u00edcia Civil e integra\u00e7\u00e3o entre as for\u00e7as de seguran\u00e7a. (Balc\u00e3o News \u2013 Belo Horizonte)<\/span><br \/><span><a href=\"https:\/\/balcaonews.com.br\/2025\/06\/05\/nova-lima-e-premiada-novamente-por-projeto-de-videomonitoramento\/\">https:\/\/balcaonews.com.br\/2025\/06\/05\/nova-lima-e-premiada-novamente-por-projeto-de-videomonitoramento\/<\/a><\/span><\/p>\n<p><strong><span>Congonhas firma tratado ambiental\u00a0<\/span><\/strong><br \/><span>No Dia Mundial do Meio Ambiente, celebrado em 5 de junho, Congonhas se tornou uma das primeiras cidades mineiras a assinar a Conven\u00e7\u00e3o de Edimburgo, tratado internacional voltado \u00e0 prote\u00e7\u00e3o da biodiversidade e ao enfrentamento das mudan\u00e7as clim\u00e1ticas. A ades\u00e3o, oficializada durante a Semana do Meio Ambiente, alinha o munic\u00edpio \u00e0s metas globais estabelecidas pela COP15, como a amplia\u00e7\u00e3o de \u00e1reas verdes, redu\u00e7\u00e3o de emiss\u00f5es e valoriza\u00e7\u00e3o de saberes tradicionais. Embora n\u00e3o vinculante, o tratado serve como guia estrat\u00e9gico para pol\u00edticas p\u00fablicas e possibilita o acesso a fundos clim\u00e1ticos internacionais. (Jornal Correio da Cidade \u2013 Lafaiete)<\/span><br \/><span><a href=\"https:\/\/jornalcorreiodacidade.com.br\/noticias\/42020-congonhas-firma-tratado-ambiental-internacional-e-reforca-compromisso-climatico\">https:\/\/jornalcorreiodacidade.com.br\/noticias\/42020-congonhas-firma-tratado-ambiental-internacional-e-reforca-compromisso-climatico<\/a><\/span><\/p>\n<p><strong><span>Divin\u00f3polis fortalece parceria<\/span><\/strong><br \/><span>A Prefeitura de Divin\u00f3polis, por meio da Secretaria Municipal de Desenvolvimento Econ\u00f4mico (Semde) e da Empresa Municipal de Obras P\u00fablicas (Emop), em parceria com a Associa\u00e7\u00e3o Comercial, Industrial, Agropecu\u00e1ria e Servi\u00e7os de Divin\u00f3polis (Acid), realizou, nesta sexta-feira, 6, o lan\u00e7amento oficial da coopera\u00e7\u00e3o t\u00e9cnica entre os setores p\u00fablico e privado \u2014 iniciativa considerada fundamental para o fortalecimento dos Centros Industriais da cidade. O evento integrou a programa\u00e7\u00e3o comemorativa pelos 113 anos de Divin\u00f3polis. O objetivo da a\u00e7\u00e3o foi promover um di\u00e1logo voltado \u00e0 melhoria da infraestrutura dos Centros Industriais, por meio da execu\u00e7\u00e3o de servi\u00e7os de manuten\u00e7\u00e3o das vias p\u00fablicas com m\u00e3o de obra j\u00e1 contratada. (Portal MPA \u2013 Divin\u00f3polis)<\/span><br \/><span><a href=\"https:\/\/www.sistemampa.com.br\/noticias\/divinopolis\/prefeitura-reforca-cooperacao-entre-poder-publico-e-empresarios-para-fortalecer-centros-industriais\/\">https:\/\/www.sistemampa.com.br\/noticias\/divinopolis\/prefeitura-reforca-cooperacao-entre-poder-publico-e-empresarios-para-fortalecer-centros-industriais\/<\/a><\/span><\/p>\n<p><span><\/span><\/p>\n<p>\u00a0<\/p>","protected":false},"excerpt":{"rendered":"<p>Foto: Reprodu\u00e7\u00e3o TM COLUNA MGPrincipais destaques dos jornais e portais integrantes da rede Sindijori MG\u00a0www.sindijorimg.com.br ANTT aprova concess\u00e3o da BR 116A Ag\u00eancia Nacional de Transportes Terrestres (ANTT) aprovou, na semana que passou, a concess\u00e3o de 735 quil\u00f4metros da BR-116\/251\/MG. Agora, o processo ser\u00e1 encaminhado para an\u00e1lise do Tribunal de Contas da Uni\u00e3o (TCU) e, se [&hellip;]<\/p>\n","protected":false},"author":0,"featured_media":30157,"comment_status":"open","ping_status":"open","sticky":false,"template":"","format":"standard","meta":{"rop_custom_images_group":[],"rop_custom_messages_group":[],"rop_publish_now":"initial","rop_publish_now_accounts":[],"rop_publish_now_history":[],"rop_publish_now_status":"pending","footnotes":""},"categories":[6745],"tags":[],"class_list":["post-30156","post","type-post","status-publish","format-standard","has-post-thumbnail","hentry","category-coluna-sindijori"],"_links":{"self":[{"href":"https:\/\/diariotribuna.com.br\/index.php?rest_route=\/wp\/v2\/posts\/30156"}],"collection":[{"href":"https:\/\/diariotribuna.com.br\/index.php?rest_route=\/wp\/v2\/posts"}],"about":[{"href":"https:\/\/diariotribuna.com.br\/index.php?rest_route=\/wp\/v2\/types\/post"}],"replies":[{"embeddable":true,"href":"https:\/\/diariotribuna.com.br\/index.php?rest_route=%2Fwp%2Fv2%2Fcomments&post=30156"}],"version-history":[{"count":0,"href":"https:\/\/diariotribuna.com.br\/index.php?rest_route=\/wp\/v2\/posts\/30156\/revisions"}],"wp:featuredmedia":[{"embeddable":true,"href":"https:\/\/diariotribuna.com.br\/index.php?rest_route=\/wp\/v2\/media\/30157"}],"wp:attachment":[{"href":"https:\/\/diariotribuna.com.br\/index.php?rest_route=%2Fwp%2Fv2%2Fmedia&parent=30156"}],"wp:term":[{"taxonomy":"category","embeddable":true,"href":"https:\/\/diariotribuna.com.br\/index.php?rest_route=%2Fwp%2Fv2%2Fcategories&post=30156"},{"taxonomy":"post_tag","embeddable":true,"href":"https:\/\/diariotribuna.com.br\/index.php?rest_route=%2Fwp%2Fv2%2Ftags&post=30156"}],"curies":[{"name":"wp","href":"https:\/\/api.w.org\/{rel}","templated":true}]}}