{"id":30169,"date":"2025-06-09T12:26:45","date_gmt":"2025-06-09T15:26:45","guid":{"rendered":"https:\/\/diariotribuna.com.br\/?p=30169"},"modified":"2025-06-09T12:26:45","modified_gmt":"2025-06-09T15:26:45","slug":"uberlandia-10-acidentes-com-motos-por-dia","status":"publish","type":"post","link":"https:\/\/diariotribuna.com.br\/?p=30169","title":{"rendered":"Uberl\u00e2ndia: 10 acidentes com motos por dia\u00a0"},"content":{"rendered":"<p><em><span>Foto: Marcelo Camargo\/Ag\u00eancia Brasil<\/span><\/em><\/p>\n<p><strong><span>COLUNA MG<\/span><\/strong><br \/><span>Principais destaques dos jornais e portais integrantes da rede Sindijori MG\u00a0<\/span><br \/><span><a href=\"http:\/\/www.sindijorimg.com.br\/\">www.sindijorimg.com.br<\/a><\/span><\/p>\n<p><strong><span>Uberl\u00e2ndia: 10 acidentes com motos por dia<\/span><\/strong><br \/><span>Mais de 1.440 acidentes envolvendo motocicletas j\u00e1 foram registrados em Uberl\u00e2ndia nos primeiros cinco meses de 2025, sendo uma m\u00e9dia de quase 10 ocorr\u00eancias por dia. Os dados, Do Observat\u00f3rio de Seguran\u00e7a P\u00fablica de Minas Gerais, mostram que em rela\u00e7\u00e3o ao mesmo per\u00edodo de 2024, quando foram registrados 1.459 acidentes do tipo, a cidade registrou uma leve queda de 1,2% na quantidade de ocorr\u00eancias neste ano. A m\u00e9dia mensal de 2025 ultrapassa os 288 registros, e o m\u00eas de maio foi o mais cr\u00edtico at\u00e9 o momento, com 305 ocorr\u00eancias. (Di\u00e1rio de Uberl\u00e2ndia)<\/span><br \/><span><a href=\"https:\/\/diariodeuberlandia.com.br\/noticia\/38180\/uberlandia-registra-media-quase-10-acidentes-motos\">https:\/\/diariodeuberlandia.com.br\/noticia\/38180\/uberlandia-registra-media-quase-10-acidentes-motos<\/a><\/span><\/p>\n<p><strong><span>Muria\u00e9 faz festival gastron\u00f4mico<\/span><\/strong><br \/><span>O charmoso distrito de Pirapanema foi palco de um dos eventos mais aguardados do calend\u00e1rio cultural de Muria\u00e9: o 13\u00ba Festival Gastronomia na Serra. A iniciativa, promovida pela Prefeitura de Muria\u00e9, por meio da Fundarte, marcou a abertura oficial das festividades de junho na cidade, consolidando-se como vitrine da cultura regional, da mineiridade e do empreendedorismo. A programa\u00e7\u00e3o foi marcada por oficinas gastron\u00f4micas, um emocionante open de parapente com atletas de diversas regi\u00f5es do Brasil, al\u00e9m de apresenta\u00e7\u00f5es musicais com ritmos que passearam pelo Jazz, Blues e MPB. (Gazeta de Muria\u00e9)<\/span><br \/><span><a href=\"https:\/\/gazetademuriae.com.br\/noticia\/detalhe\/16031\/13a-edicao-do-festival-gastronomia-na-serra-celebra-cultura-sabores-e-inovacao-em-muriae\">https:\/\/gazetademuriae.com.br\/noticia\/detalhe\/16031\/13a-edicao-do-festival-gastronomia-na-serra-celebra-cultura-sabores-e-inovacao-em-muriae<\/a><\/span><\/p>\n<p><strong><span>Conven\u00e7\u00e3o define trabalho em Divin\u00f3polis<\/span><\/strong><br \/><span>Por meio de uma Conven\u00e7\u00e3o Coletiva de Trabalho (CCT), o Sindicato do Com\u00e9rcio Varejista de Divin\u00f3polis (SinCom\u00e9rcio) e o Sindicato dos Empregados no Com\u00e9rcio Varejista e Atacadista de Divin\u00f3polis e Regi\u00e3o Centro-Oeste, estabeleceram as regras para o funcionamento de estabelecimentos do com\u00e9rcio varejista de alimentos em oito feriados em 2025. Essas regras n\u00e3o se aplicam aos demais setores do com\u00e9rcio varejista, os quais somente est\u00e3o autorizados a convocar m\u00e3o de obra no feriado de 20 de novembro de 2025. Portal G37 \u2013 Divin\u00f3polis)<\/span><br \/><span><a href=\"https:\/\/g37.com.br\/divinopolis\/convencao-coletiva-de-trabalho-define-regras-para-o-trabalho-em-feriados-em-divinopolis\/\">https:\/\/g37.com.br\/divinopolis\/convencao-coletiva-de-trabalho-define-regras-para-o-trabalho-em-feriados-em-divinopolis\/<\/a><\/span><\/p>\n<p><span><strong>Pouso Alegre ganha Orquestra<\/strong>\u00a0<\/span><br \/><span>Na semana passada, a estreia da Orquestra Experimental de Pouso Alegre\u00a0 se consolidou como um marco na hist\u00f3ria cultural da cidade. O Teatro Municipal ficou pequeno diante do grande p\u00fablico que lotou o espa\u00e7o para prestigiar o evento, considerado o in\u00edcio de uma nova era para a m\u00fasica local. O projeto, que une forma\u00e7\u00e3o art\u00edstica, inclus\u00e3o social e valoriza\u00e7\u00e3o do talento local, emocionou os presentes com a qualidade das apresenta\u00e7\u00f5es e o talento dos jovens m\u00fasicos. (Pouso Alegre em Foco)<\/span><br \/><span><a href=\"https:\/\/pousoalegreemfoco.com.br\/noticia\/2080\/orquestra-experimental-pouso-alegre-inaugurada-emociona-publico\">https:\/\/pousoalegreemfoco.com.br\/noticia\/2080\/orquestra-experimental-pouso-alegre-inaugurada-emociona-publico<\/a><\/span><\/p>\n<p><strong><span>Montes Claros receber\u00e1 novo laborat\u00f3rio<\/span><\/strong><br \/><span>A Prefeitura de Montes Claros recebeu a visita do presidente da Regional Norte da Fiemg e de diversos representantes do Laborat\u00f3rio Crist\u00e1lia. Eles se reuniram com o prefeito de Montes Claros, Guilherme Guimar\u00e3es, para discutir a expans\u00e3o das opera\u00e7\u00f5es do Laborat\u00f3rio Crist\u00e1lia em Montes Claros. A cria\u00e7\u00e3o de uma unidade do Laborat\u00f3rio Crist\u00e1lia em Montes Claros \u00e9 parte do verdadeiro boom que a cidade tem vivenciado nos \u00faltimos anos e que a consolidou como um verdadeiro polo industrial farmac\u00eautico no pa\u00eds, caminhando para ser o maior polo da ind\u00fastria farmac\u00eautica da Am\u00e9rica Latina. (Gazeta Norte Mineira \u2013 Montes Claros)<\/span><br \/><span><a href=\"https:\/\/gazetanm.com.br\/polo-farmaceutico-prefeitura-de-montes-claros-recebe-representantes-do-laboratorio-cristalia\/\">https:\/\/gazetanm.com.br\/polo-farmaceutico-prefeitura-de-montes-claros-recebe-representantes-do-laboratorio-cristalia\/<\/a><\/span><\/p>\n<p><strong><span>Prefeitura faz pesquisa em Valadares<\/span><\/strong><br \/><span>A Prefeitura de Governador Valadares, por meio do Departamento de Habita\u00e7\u00e3o da Secretaria Municipal de Planejamento, vai realizar no pr\u00f3ximo dia 16 de junho\u00a0 uma importante a\u00e7\u00e3o no bairro Santa Paula, com foco na identifica\u00e7\u00e3o e no levantamento socioecon\u00f4mico de fam\u00edlias que vivem em \u00e1reas verdes, de preserva\u00e7\u00e3o ambiental ou terrenos p\u00fablicos municipais. Na data, agentes p\u00fablicos da Prefeitura estar\u00e3o visitando os moradores do bairro. (Di\u00e1rio do Rio Doce)<\/span><br \/><span><a href=\"https:\/\/drd.com.br\/prefeitura-realizara-levantamento-socioeconomico-no-bairro-santa-paula-no-dia-16-de-junho\/\">https:\/\/drd.com.br\/prefeitura-realizara-levantamento-socioeconomico-no-bairro-santa-paula-no-dia-16-de-junho\/<\/a><\/span><\/p>\n<p><strong><span>JF valoriza plantas nativas<\/span><\/strong><br \/><span>Apesar de serem, muitas vezes, desconhecidas pela popula\u00e7\u00e3o, as plantas nativas est\u00e3o presentes no nosso dia a dia, como os ip\u00eas, a palmito-ju\u00e7ara e a ora-pro-n\u00f3bis. Al\u00e9m da import\u00e2ncia para o ecossistema, essas esp\u00e9cies podem ser verdadeiros aliados para a sa\u00fade e a economia, a partir de um manejo sustent\u00e1vel. \u00c9 o que tem acontecido em Juiz de Fora: iniciativas buscam valorizar o potencial das plantas nativas, ao mesmo tempo em que promovem gera\u00e7\u00e3o de renda. (Tribuna de Minas \u2013 Juiz de Fora)<\/span><br \/><span><a href=\"https:\/\/tribunademinas.com.br\/especiais\/biosfera\/07-06-2025\/plantas-nativas.html\">https:\/\/tribunademinas.com.br\/especiais\/biosfera\/07-06-2025\/plantas-nativas.html<\/a><\/span><\/p>\n<p><span><\/span><\/p>\n<p>\u00a0<\/p>","protected":false},"excerpt":{"rendered":"<p>Foto: Marcelo Camargo\/Ag\u00eancia Brasil COLUNA MGPrincipais destaques dos jornais e portais integrantes da rede Sindijori MG\u00a0www.sindijorimg.com.br Uberl\u00e2ndia: 10 acidentes com motos por diaMais de 1.440 acidentes envolvendo motocicletas j\u00e1 foram registrados em Uberl\u00e2ndia nos primeiros cinco meses de 2025, sendo uma m\u00e9dia de quase 10 ocorr\u00eancias por dia. Os dados, Do Observat\u00f3rio de Seguran\u00e7a P\u00fablica [&hellip;]<\/p>\n","protected":false},"author":0,"featured_media":30170,"comment_status":"open","ping_status":"open","sticky":false,"template":"","format":"standard","meta":{"rop_custom_images_group":[],"rop_custom_messages_group":[],"rop_publish_now":"initial","rop_publish_now_accounts":[],"rop_publish_now_history":[],"rop_publish_now_status":"pending","footnotes":""},"categories":[6745],"tags":[],"class_list":["post-30169","post","type-post","status-publish","format-standard","has-post-thumbnail","hentry","category-coluna-sindijori"],"_links":{"self":[{"href":"https:\/\/diariotribuna.com.br\/index.php?rest_route=\/wp\/v2\/posts\/30169"}],"collection":[{"href":"https:\/\/diariotribuna.com.br\/index.php?rest_route=\/wp\/v2\/posts"}],"about":[{"href":"https:\/\/diariotribuna.com.br\/index.php?rest_route=\/wp\/v2\/types\/post"}],"replies":[{"embeddable":true,"href":"https:\/\/diariotribuna.com.br\/index.php?rest_route=%2Fwp%2Fv2%2Fcomments&post=30169"}],"version-history":[{"count":0,"href":"https:\/\/diariotribuna.com.br\/index.php?rest_route=\/wp\/v2\/posts\/30169\/revisions"}],"wp:featuredmedia":[{"embeddable":true,"href":"https:\/\/diariotribuna.com.br\/index.php?rest_route=\/wp\/v2\/media\/30170"}],"wp:attachment":[{"href":"https:\/\/diariotribuna.com.br\/index.php?rest_route=%2Fwp%2Fv2%2Fmedia&parent=30169"}],"wp:term":[{"taxonomy":"category","embeddable":true,"href":"https:\/\/diariotribuna.com.br\/index.php?rest_route=%2Fwp%2Fv2%2Fcategories&post=30169"},{"taxonomy":"post_tag","embeddable":true,"href":"https:\/\/diariotribuna.com.br\/index.php?rest_route=%2Fwp%2Fv2%2Ftags&post=30169"}],"curies":[{"name":"wp","href":"https:\/\/api.w.org\/{rel}","templated":true}]}}