{"id":30171,"date":"2025-06-09T18:00:49","date_gmt":"2025-06-09T21:00:49","guid":{"rendered":"https:\/\/diariotribuna.com.br\/?p=30171"},"modified":"2025-06-09T18:00:49","modified_gmt":"2025-06-09T21:00:49","slug":"aproximar-a-amm-dos-municipios-afiliar-as-853-cidades-e-levar-capacitacao-a-todas-as-regioes-mineiras-sao-prioridades-da-gestao-do-presidente-falcao","status":"publish","type":"post","link":"https:\/\/diariotribuna.com.br\/?p=30171","title":{"rendered":"Aproximar a AMM dos munic\u00edpios, afiliar as 853 cidades e levar capacita\u00e7\u00e3o a todas as regi\u00f5es mineiras s\u00e3o prioridades da gest\u00e3o do presidente Falc\u00e3o\u00a0"},"content":{"rendered":"<p class=\"MsoNormal\"><span>AMM | Divulga\u00e7\u00e3o<\/span><span><\/span><\/p>\n<p><span><\/span><\/p>\n<h2><\/h2>\n<p>Uma gest\u00e3o pautada por a\u00e7\u00f5es municipalistas, voltadas a <strong>refor\u00e7ar os caixas das prefeituras<\/strong>, <strong>aproximar a entidade de todos os munic\u00edpios mineiros<\/strong> e <strong>oferecer capacita\u00e7\u00e3o a gestores e servidores p\u00fablicos<\/strong>. Esses s\u00e3o os principais compromissos do <strong>presidente da <a href=\"https:\/\/portalamm.com\/\">Associa\u00e7\u00e3o Mineira de Munic\u00edpios (AMM)<\/a><\/strong> e <strong>prefeito de Patos de Minas, Lu\u00eds Eduardo Falc\u00e3o<\/strong>, nos primeiros <strong>30 dias \u00e0 frente da entidade<\/strong>.<\/p>\n<p>Logo na <strong>primeira semana de trabalho<\/strong>, Falc\u00e3o anunciou duas conquistas importantes para os munic\u00edpios mineiros. O presidente da AMM formalizou a <strong>assinatura de um termo de coopera\u00e7\u00e3o com o Tribunal de Contas do Estado de Minas Gerais (TCEMG)<\/strong>, durante audi\u00eancia com o presidente do \u00f3rg\u00e3o, <strong>conselheiro Durval \u00c2ngelo<\/strong>, no dia <strong>7 de maio<\/strong>. O acordo prev\u00ea <strong>a\u00e7\u00f5es de capacita\u00e7\u00e3o e concilia\u00e7\u00e3o com os munic\u00edpios<\/strong>, al\u00e9m da solicita\u00e7\u00e3o de uma <strong>consulta ao TCE<\/strong> sobre a <strong>possibilidade de retirar da folha de pagamento as despesas com pessoal da \u00e1rea da sa\u00fade<\/strong>.<\/p>\n<p>Com o objetivo de <strong>afiliar os 853 munic\u00edpios mineiros \u00e0 AMM<\/strong>, a nova gest\u00e3o j\u00e1 come\u00e7ou a colher resultados: <strong>Lavras, Itaverava e Santa B\u00e1rbara do Monte Verde<\/strong> formalizaram sua ades\u00e3o ainda no primeiro m\u00eas, refor\u00e7ando a <strong>credibilidade da proposta da atual diretoria<\/strong>.<\/p>\n<h3><strong>Aten\u00e7\u00e3o especial aos pequenos munic\u00edpios<\/strong><\/h3>\n<p>Uma das principais bandeiras da nova gest\u00e3o \u00e9 atuar <strong>em benef\u00edcio de todos os munic\u00edpios<\/strong>, com <strong>aten\u00e7\u00e3o especial aos menores<\/strong>, que enfrentam maiores dificuldades. Entre as iniciativas, est\u00e1 a <strong>defesa da revis\u00e3o da distribui\u00e7\u00e3o dos recursos do Fundo de Participa\u00e7\u00e3o dos Munic\u00edpios (FPM)<\/strong>, visando beneficiar administra\u00e7\u00f5es com menor arrecada\u00e7\u00e3o.<\/p>\n<p>Atualmente, os munic\u00edpios com <strong>coeficiente 0,6 no FPM<\/strong> \u2014 ou seja, aqueles com at\u00e9 <strong>10.188 habitantes<\/strong> \u2014 representam <strong>57% das cidades mineiras<\/strong> e s\u00e3o os que mais dependem de apoio institucional para garantir a presta\u00e7\u00e3o de servi\u00e7os p\u00fablicos de qualidade.<\/p>\n\n<p><em>\u201cVamos trabalhar por todos os munic\u00edpios, principalmente pelos pequenos, que s\u00e3o a maioria e os que mais precisam desse suporte. Ningu\u00e9m faz nada sozinho, muito menos na pol\u00edtica. Vamos ouvir todos os prefeitos. Queremos, desejamos e precisamos da participa\u00e7\u00e3o de todos. O movimento municipalista \u00e9 um s\u00f3. Aqui, n\u00e3o temos partido pol\u00edtico. Desde o in\u00edcio, assumi um compromisso com todos os prefeitos e prefeitas: <strong>n\u00e3o haver\u00e1 colora\u00e7\u00e3o partid\u00e1ria na AMM<\/strong>\u201d<\/em>, enfatiza o presidente Falc\u00e3o.<\/p>\n<p>\u00a0<\/p>","protected":false},"excerpt":{"rendered":"<p>AMM | Divulga\u00e7\u00e3o Uma gest\u00e3o pautada por a\u00e7\u00f5es municipalistas, voltadas a refor\u00e7ar os caixas das prefeituras, aproximar a entidade de todos os munic\u00edpios mineiros e oferecer capacita\u00e7\u00e3o a gestores e servidores p\u00fablicos. Esses s\u00e3o os principais compromissos do presidente da Associa\u00e7\u00e3o Mineira de Munic\u00edpios (AMM) e prefeito de Patos de Minas, Lu\u00eds Eduardo Falc\u00e3o, nos [&hellip;]<\/p>\n","protected":false},"author":0,"featured_media":30172,"comment_status":"open","ping_status":"open","sticky":false,"template":"","format":"standard","meta":{"rop_custom_images_group":[],"rop_custom_messages_group":[],"rop_publish_now":"initial","rop_publish_now_accounts":[],"rop_publish_now_history":[],"rop_publish_now_status":"pending","footnotes":""},"categories":[6745],"tags":[],"class_list":["post-30171","post","type-post","status-publish","format-standard","has-post-thumbnail","hentry","category-coluna-sindijori"],"_links":{"self":[{"href":"https:\/\/diariotribuna.com.br\/index.php?rest_route=\/wp\/v2\/posts\/30171"}],"collection":[{"href":"https:\/\/diariotribuna.com.br\/index.php?rest_route=\/wp\/v2\/posts"}],"about":[{"href":"https:\/\/diariotribuna.com.br\/index.php?rest_route=\/wp\/v2\/types\/post"}],"replies":[{"embeddable":true,"href":"https:\/\/diariotribuna.com.br\/index.php?rest_route=%2Fwp%2Fv2%2Fcomments&post=30171"}],"version-history":[{"count":0,"href":"https:\/\/diariotribuna.com.br\/index.php?rest_route=\/wp\/v2\/posts\/30171\/revisions"}],"wp:featuredmedia":[{"embeddable":true,"href":"https:\/\/diariotribuna.com.br\/index.php?rest_route=\/wp\/v2\/media\/30172"}],"wp:attachment":[{"href":"https:\/\/diariotribuna.com.br\/index.php?rest_route=%2Fwp%2Fv2%2Fmedia&parent=30171"}],"wp:term":[{"taxonomy":"category","embeddable":true,"href":"https:\/\/diariotribuna.com.br\/index.php?rest_route=%2Fwp%2Fv2%2Fcategories&post=30171"},{"taxonomy":"post_tag","embeddable":true,"href":"https:\/\/diariotribuna.com.br\/index.php?rest_route=%2Fwp%2Fv2%2Ftags&post=30171"}],"curies":[{"name":"wp","href":"https:\/\/api.w.org\/{rel}","templated":true}]}}