{"id":30181,"date":"2025-06-10T12:00:27","date_gmt":"2025-06-10T15:00:27","guid":{"rendered":"https:\/\/diariotribuna.com.br\/?p=30181"},"modified":"2025-06-10T12:00:27","modified_gmt":"2025-06-10T15:00:27","slug":"justica-suspende-greve-em-ipatinga","status":"publish","type":"post","link":"https:\/\/diariotribuna.com.br\/?p=30181","title":{"rendered":"Justi\u00e7a suspende greve em Ipatinga\u00a0"},"content":{"rendered":"<p><em><span>Foto: Reprodu\u00e7\u00e3o JV<\/span><\/em><\/p>\n<p><strong><span>COLUNA MG<\/span><\/strong><br \/><span>Principais destaques dos jornais e portais integrantes da rede Sindijori MG\u00a0<\/span><br \/><span><a href=\"http:\/\/www.sindijorimg.com.br\/\">www.sindijorimg.com.br<\/a><\/span><\/p>\n<p><strong><span>Justi\u00e7a suspende greve em Ipatinga<\/span><\/strong><br \/><span>A Justi\u00e7a acatou pedido do Munic\u00edpio de Ipatinga e determinou, em decis\u00e3o liminar, a suspens\u00e3o da greve anunciada pelo Sindicato \u00danico dos Trabalhadores em Educa\u00e7\u00e3o de Minas Gerais &#8211; Subsede de Ipatinga (Sind-UTE). A decis\u00e3o foi proferida na segunda, 9, e considerou que o movimento grevista n\u00e3o cumpriu requisitos legais indispens\u00e1veis para sua deflagra\u00e7\u00e3o. Entre as falhas apontadas est\u00e3o a falta de apresenta\u00e7\u00e3o de ata de assembleia que comprove a delibera\u00e7\u00e3o da greve pela maioria da categoria e a n\u00e3o apresenta\u00e7\u00e3o de plano de manuten\u00e7\u00e3o dos servi\u00e7os educacionais durante a paralisa\u00e7\u00e3o. (Jornal dos Vales)<\/span><br \/><span><a href=\"https:\/\/www.jornaldosvales.com.br\/noticia\/55316\/aulas-mantidas-justica-determina-suspensao-da-greve-dos-professores-em-ipatinga\">https:\/\/www.jornaldosvales.com.br\/noticia\/55316\/aulas-mantidas-justica-determina-suspensao-da-greve-dos-professores-em-ipatinga<\/a><\/span><\/p>\n<p><strong><span>Uberaba ser\u00e1 tema da Tom Maior<\/span><\/strong><br \/><span>A prefeita Elisa Ara\u00fajo anunciou que Uberaba ser\u00e1 tema de escola de samba paulista no carnaval 2026. Quem homenagear\u00e1 a cidade ser\u00e1 a Tom Maior. O presidente da escola, Carlos Alves, tamb\u00e9m confirmou a novidade em evento na capital paulista, transmitido pelo canal oficial no YouTube. Este ano, a Tom Maior conquistou a primeira coloca\u00e7\u00e3o no Grupo de Acesso para garantir seu retorno \u00e0 elite no carnaval de S\u00e3o Paulo, em 2026. E nesse retorno, ela levar\u00e1 o Geoparque Uberaba para a Avenida, no Samb\u00f3dromo do Anhembi. (Jornal da Manh\u00e3 \u2013 Uberaba)<\/span><br \/><span><a href=\"https:\/\/jmonline.com.br\/politica\/uberaba-sera-o-tema-da-escola-de-samba-tom-maior-que-volta-a-elite-em-s-o-paulo-em-2026-1.511001\">https:\/\/jmonline.com.br\/politica\/uberaba-sera-o-tema-da-escola-de-samba-tom-maior-que-volta-a-elite-em-s-o-paulo-em-2026-1.511001<\/a><\/span><\/p>\n<p><strong><span>Autoridades v\u00edtimas de fake news<\/span><\/strong><br \/><span>Foi decretada pela Justi\u00e7a no s\u00e1bado, 7, a pris\u00e3o preventiva de uma mulher que est\u00e1 sendo investigada em Almenara, no Vale do Jequitinhonha, por fazer uma campanha difamat\u00f3ria nas redes sociais tendo como alvo um promotor de Justi\u00e7a e a esposa dele, uma delegada que est\u00e1 licenciada, e outros servidores p\u00fablicos: um do Tribunal de Justi\u00e7a de Minas Gerais e outro da C\u00e2mara Municipal de Almenara. As \u201cfake news\u201d, algumas delas relacionadas a acusa\u00e7\u00f5es falsas sobre concursos p\u00fablicos locais, associa\u00e7\u00e3o com fraudes e distor\u00e7\u00e3o com a\u00e7\u00e3o institucional. (Di\u00e1rio Tribuna \u2013 Te\u00f3filo Otoni)<\/span><br \/><span><a href=\"https:\/\/diariotribuna.com.br\/?p=30177\">https:\/\/diariotribuna.com.br\/?p=30177<\/a><\/span><\/p>\n<p><strong><span>Hospital inaugura oncologia<\/span><\/strong><br \/><span>O Hospital C\u00e9sar Leite inaugurou um novo espa\u00e7o destinado ao atendimento oncol\u00f3gico e homenageou o conselheiro Alberto Jos\u00e9 da Silva, um dos nomes mais emblem\u00e1ticos na hist\u00f3ria da institui\u00e7\u00e3o e de Manhua\u00e7u. A nova estrutura foi apresentada ao p\u00fablico em evento que teve in\u00edcio com ora\u00e7\u00e3o do pastor Davi Cerqueira, seguida pela exibi\u00e7\u00e3o de um v\u00eddeo institucional sobre o espa\u00e7o oncol\u00f3gico, dotado de dois consult\u00f3rios, recep\u00e7\u00e3o, sala para quimioterapia, equipamentos modernos e infraestrutura para garantir o acolhimento de qualidade aos pacientes e familiares. (Di\u00e1rio de Manhua\u00e7u)<\/span><br \/><span><a href=\"https:\/\/diariodemanhuacu.com.br\/2025\/cidade\/hospital-cesar-leite-inaugura-unidade-oncologica-e-homenageia-conselheiro\/\">https:\/\/diariodemanhuacu.com.br\/2025\/cidade\/hospital-cesar-leite-inaugura-unidade-oncologica-e-homenageia-conselheiro\/<\/a><\/span><\/p>\n<p><strong><span>IFTM sediar\u00e1 torneio de rob\u00f3tica<\/span><\/strong><br \/><span>O IFTM Campus Patroc\u00ednio sediar\u00e1 novamente a etapa mineira do Torneio Juvenil de Rob\u00f3tica (TJR) em 1\u00ba de novembro de 2025, refor\u00e7ando sua tradi\u00e7\u00e3o em eventos da \u00e1rea, ap\u00f3s edi\u00e7\u00f5es anteriores em 2018 e 2019. A competi\u00e7\u00e3o, que classifica equipes para fases nacional e internacional, reunir\u00e1 estudantes de escolas p\u00fablicas, privadas e equipes independentes, promovendo o interc\u00e2mbio de experi\u00eancias e o incentivo \u00e0 rob\u00f3tica na regi\u00e3o. Criado em 2009, o TJR ganhou proje\u00e7\u00e3o internacional e se conecta a eventos como o ITR OPEN, que em 2025 ser\u00e1 realizado no Chile. (Jornal de Patroc\u00ednio)<\/span><br \/><span><a href=\"https:\/\/www.jornaldepatrocinio.com\/iftm-campus-patrocinio-sediara-o-torneio-juvenil-de-robotica-etapa-minas-gerais-em-2025\">https:\/\/www.jornaldepatrocinio.com\/iftm-campus-patrocinio-sediara-o-torneio-juvenil-de-robotica-etapa-minas-gerais-em-2025<\/a><\/span><\/p>\n<p><strong><span>Pains renova com Emater\/MG\u00a0<\/span><\/strong><br \/><span>A Prefeitura de Pains renovou sua parceria com a Emater\/MG, fortalecendo o apoio ao desenvolvimento da agricultura e pecu\u00e1ria no munic\u00edpio. Em reuni\u00e3o com representantes da institui\u00e7\u00e3o e autoridades locais, foi destacada a import\u00e2ncia da atua\u00e7\u00e3o conjunta, que h\u00e1 68 anos contribui com resultados significativos para os produtores rurais da cidade. Al\u00e9m da renova\u00e7\u00e3o do contrato, foram discutidos novos projetos voltados \u00e0 inova\u00e7\u00e3o, produtividade e fortalecimento das cadeias produtivas. (\u00daltimas Not\u00edcias \u2013 Formiga)<\/span><br \/><span><a href=\"https:\/\/ultimasnoticias.inf.br\/noticia\/pains-renova-parceria-com-emater-mg-e-fortalece-futuro-da-agricultura-e-pecuaria-local\/\">https:\/\/ultimasnoticias.inf.br\/noticia\/pains-renova-parceria-com-emater-mg-e-fortalece-futuro-da-agricultura-e-pecuaria-local\/<\/a><\/span><\/p>\n<p><span><\/span><\/p>\n<p>\u00a0<\/p>","protected":false},"excerpt":{"rendered":"<p>Foto: Reprodu\u00e7\u00e3o JV COLUNA MGPrincipais destaques dos jornais e portais integrantes da rede Sindijori MG\u00a0www.sindijorimg.com.br Justi\u00e7a suspende greve em IpatingaA Justi\u00e7a acatou pedido do Munic\u00edpio de Ipatinga e determinou, em decis\u00e3o liminar, a suspens\u00e3o da greve anunciada pelo Sindicato \u00danico dos Trabalhadores em Educa\u00e7\u00e3o de Minas Gerais &#8211; Subsede de Ipatinga (Sind-UTE). A decis\u00e3o foi [&hellip;]<\/p>\n","protected":false},"author":0,"featured_media":30182,"comment_status":"open","ping_status":"open","sticky":false,"template":"","format":"standard","meta":{"rop_custom_images_group":[],"rop_custom_messages_group":[],"rop_publish_now":"initial","rop_publish_now_accounts":[],"rop_publish_now_history":[],"rop_publish_now_status":"pending","footnotes":""},"categories":[6745],"tags":[],"class_list":["post-30181","post","type-post","status-publish","format-standard","has-post-thumbnail","hentry","category-coluna-sindijori"],"_links":{"self":[{"href":"https:\/\/diariotribuna.com.br\/index.php?rest_route=\/wp\/v2\/posts\/30181"}],"collection":[{"href":"https:\/\/diariotribuna.com.br\/index.php?rest_route=\/wp\/v2\/posts"}],"about":[{"href":"https:\/\/diariotribuna.com.br\/index.php?rest_route=\/wp\/v2\/types\/post"}],"replies":[{"embeddable":true,"href":"https:\/\/diariotribuna.com.br\/index.php?rest_route=%2Fwp%2Fv2%2Fcomments&post=30181"}],"version-history":[{"count":0,"href":"https:\/\/diariotribuna.com.br\/index.php?rest_route=\/wp\/v2\/posts\/30181\/revisions"}],"wp:featuredmedia":[{"embeddable":true,"href":"https:\/\/diariotribuna.com.br\/index.php?rest_route=\/wp\/v2\/media\/30182"}],"wp:attachment":[{"href":"https:\/\/diariotribuna.com.br\/index.php?rest_route=%2Fwp%2Fv2%2Fmedia&parent=30181"}],"wp:term":[{"taxonomy":"category","embeddable":true,"href":"https:\/\/diariotribuna.com.br\/index.php?rest_route=%2Fwp%2Fv2%2Fcategories&post=30181"},{"taxonomy":"post_tag","embeddable":true,"href":"https:\/\/diariotribuna.com.br\/index.php?rest_route=%2Fwp%2Fv2%2Ftags&post=30181"}],"curies":[{"name":"wp","href":"https:\/\/api.w.org\/{rel}","templated":true}]}}