{"id":30183,"date":"2025-06-10T16:04:09","date_gmt":"2025-06-10T19:04:09","guid":{"rendered":"https:\/\/diariotribuna.com.br\/?p=30183"},"modified":"2025-06-10T16:07:10","modified_gmt":"2025-06-10T19:07:10","slug":"servidor-da-prefeitura-de-teofilo-otoni-morre-em-grave-acidente-na-br-116","status":"publish","type":"post","link":"https:\/\/diariotribuna.com.br\/?p=30183","title":{"rendered":"Servidor da prefeitura de Te\u00f3filo Otoni morre em grave acidente na BR 116"},"content":{"rendered":"\n<figure class=\"wp-block-image size-full is-resized\"><img loading=\"lazy\" decoding=\"async\" width=\"700\" height=\"394\" src=\"https:\/\/diariotribuna.com.br\/wp-content\/uploads\/2025\/06\/7.jpg\" alt=\"\" class=\"wp-image-30184\" style=\"width:482px;height:auto\" srcset=\"https:\/\/diariotribuna.com.br\/wp-content\/uploads\/2025\/06\/7.jpg 700w, https:\/\/diariotribuna.com.br\/wp-content\/uploads\/2025\/06\/7-300x169.jpg 300w, https:\/\/diariotribuna.com.br\/wp-content\/uploads\/2025\/06\/7-696x392.jpg 696w\" sizes=\"(max-width: 700px) 100vw, 700px\" \/><\/figure>\n\n\n\n<p>A Pol\u00edcia Rodovi\u00e1ria Federal (PRF) registrou um grave acidente no KM 257 da BR 116, em Te\u00f3filo Otoni, no entroncamento do distrito de Top\u00e1zio, na manh\u00e3 desta ter\u00e7a-feira (10\/6\/25). Uma colis\u00e3o frontal envolvendo duas pick-ups, sendo um ve\u00edculo oficial da Prefeitura de Te\u00f3filo Otoni. O condutor sofreu les\u00f5es leves, foi socorrido e encaminhado pelo Samu ao Hospital Santa Ros\u00e1lia. Lamentavelmente, o passageiro&nbsp;<strong>Elbio Neves Zimmerer, 44 anos<\/strong>, morreu no local.<\/p>\n\n\n\n<p>A v\u00edtima fatal ficou presa \u00e0s ferragens e foi feito o desencarceramento pela equipe do Corpo de Bombeiros. Elbio trabalhava como operador de m\u00e1quina leve na prefeitura de Te\u00f3filo Otoni. O policial rodovi\u00e1rio federal Guilherme Pozzi disse que a equipe de plant\u00e3o foi acionada \u00e0s 8h30 da manh\u00e3, pelo Samu, e o local trata-se de um trecho com alto \u00edndice de acidentes. Inclusive graves acidentes t\u00eam sido registrados nos \u00faltimos tempos.<\/p>\n\n\n\n<p>Estiveram no local, A PRF na seguran\u00e7a do tr\u00e2nsito e na per\u00edcia administrativa, equipe da per\u00edcia t\u00e9cnica da Pol\u00edcia Civil para levantar as causas e circunst\u00e2ncias do acidente, e o Corpo de Bombeiros que fez o desencarceramento do corpo da v\u00edtima fatal, que logo ap\u00f3s foi removido ao Instituto M\u00e9dico Legal (IML) de Te\u00f3filo Otoni, para ser necropsiado.<\/p>\n\n\n\n<p>Equipes da prefeitura estiveram no local acompanhando os trabalhos das for\u00e7as de seguran\u00e7a, e \u00e0 disposi\u00e7\u00e3o para prestar qualquer esclarecimento que fosse preciso. A assessoria de comunica\u00e7\u00e3o da emitiu nota de pesar, lamentando profundamente o falecimento do servidor, se solidarizando com familiares e amigos, nesse momento de dor.<\/p>\n","protected":false},"excerpt":{"rendered":"<p>A Pol\u00edcia Rodovi\u00e1ria Federal (PRF) registrou um grave acidente no KM 257 da BR 116, em Te\u00f3filo Otoni, no entroncamento do distrito de Top\u00e1zio, na manh\u00e3 desta ter\u00e7a-feira (10\/6\/25). Uma colis\u00e3o frontal envolvendo duas pick-ups, sendo um ve\u00edculo oficial da Prefeitura de Te\u00f3filo Otoni. O condutor sofreu les\u00f5es leves, foi socorrido e encaminhado pelo Samu [&hellip;]<\/p>\n","protected":false},"author":1,"featured_media":30184,"comment_status":"open","ping_status":"open","sticky":false,"template":"","format":"standard","meta":{"rop_custom_images_group":[],"rop_custom_messages_group":[],"rop_publish_now":"initial","rop_publish_now_accounts":[],"rop_publish_now_history":[],"rop_publish_now_status":"pending","footnotes":""},"categories":[25,19],"tags":[125,1382,7206,2151,3514,7205,75],"class_list":["post-30183","post","type-post","status-publish","format-standard","has-post-thumbnail","hentry","category-destaque","category-gerais","tag-acidente","tag-br-116-2","tag-elbio-neves","tag-fatal","tag-pmto","tag-servidor","tag-teofilo-otoni"],"_links":{"self":[{"href":"https:\/\/diariotribuna.com.br\/index.php?rest_route=\/wp\/v2\/posts\/30183"}],"collection":[{"href":"https:\/\/diariotribuna.com.br\/index.php?rest_route=\/wp\/v2\/posts"}],"about":[{"href":"https:\/\/diariotribuna.com.br\/index.php?rest_route=\/wp\/v2\/types\/post"}],"author":[{"embeddable":true,"href":"https:\/\/diariotribuna.com.br\/index.php?rest_route=\/wp\/v2\/users\/1"}],"replies":[{"embeddable":true,"href":"https:\/\/diariotribuna.com.br\/index.php?rest_route=%2Fwp%2Fv2%2Fcomments&post=30183"}],"version-history":[{"count":3,"href":"https:\/\/diariotribuna.com.br\/index.php?rest_route=\/wp\/v2\/posts\/30183\/revisions"}],"predecessor-version":[{"id":30187,"href":"https:\/\/diariotribuna.com.br\/index.php?rest_route=\/wp\/v2\/posts\/30183\/revisions\/30187"}],"wp:featuredmedia":[{"embeddable":true,"href":"https:\/\/diariotribuna.com.br\/index.php?rest_route=\/wp\/v2\/media\/30184"}],"wp:attachment":[{"href":"https:\/\/diariotribuna.com.br\/index.php?rest_route=%2Fwp%2Fv2%2Fmedia&parent=30183"}],"wp:term":[{"taxonomy":"category","embeddable":true,"href":"https:\/\/diariotribuna.com.br\/index.php?rest_route=%2Fwp%2Fv2%2Fcategories&post=30183"},{"taxonomy":"post_tag","embeddable":true,"href":"https:\/\/diariotribuna.com.br\/index.php?rest_route=%2Fwp%2Fv2%2Ftags&post=30183"}],"curies":[{"name":"wp","href":"https:\/\/api.w.org\/{rel}","templated":true}]}}