{"id":30188,"date":"2025-06-10T17:43:16","date_gmt":"2025-06-10T20:43:16","guid":{"rendered":"https:\/\/diariotribuna.com.br\/?p=30188"},"modified":"2025-06-10T17:43:16","modified_gmt":"2025-06-10T20:43:16","slug":"municipios-sobrecarregados-amm-e-tcemg-investigam-custos-indevidamente-repassados-as-prefeituras","status":"publish","type":"post","link":"https:\/\/diariotribuna.com.br\/?p=30188","title":{"rendered":"Munic\u00edpios sobrecarregados: AMM e TCEMG investigam custos indevidamente repassados \u00e0s prefeituras\u00a0"},"content":{"rendered":"<p class=\"MsoNormal\"><span>AMM | Divulga\u00e7\u00e3o<\/span><span><\/span><\/p>\n<p><span><\/span><\/p>\n<h2><\/h2>\n<p>A <a href=\"https:\/\/portalamm.com\/\"><strong>Associa\u00e7\u00e3o Mineira de Munic\u00edpios (AMM)<\/strong><\/a> e o <strong>Tribunal de Contas do Estado de Minas Gerais (TCEMG)<\/strong> v\u00e3o realizar um <strong>levantamento in\u00e9dito<\/strong> para mapear, com base em dados concretos, a <strong>sobrecarga financeira enfrentada pelos munic\u00edpios mineiros<\/strong>. O objetivo \u00e9 <strong>identificar gastos que, por lei, deveriam ser de responsabilidade dos governos estadual e federal<\/strong>, mas que v\u00eam sendo assumidos pelas administra\u00e7\u00f5es locais.<\/p>\n<p>A iniciativa foi definida em <strong>reuni\u00e3o realizada nesta ter\u00e7a-feira (10\/6), na sede do Tribunal<\/strong>, com a presen\u00e7a do <strong>presidente da AMM e prefeito de Patos de Minas, Lu\u00eds Eduardo Falc\u00e3o<\/strong>; do <strong>presidente do TCEMG, conselheiro Durval \u00c2ngelo<\/strong>; e de membros da diretoria da entidade municipalista.<\/p>\n<p>Entre os itens que ser\u00e3o analisados est\u00e3o:<\/p>\n<p><strong>Conv\u00eanios com repasses insuficientes<\/strong>;<\/p>\n<p><strong>Pagamentos de servidores cedidos por \u00f3rg\u00e3os estaduais e federais<\/strong>;<\/p>\n<p><strong>Despesas com servi\u00e7os essenciais<\/strong>, como sa\u00fade e educa\u00e7\u00e3o, que v\u00eam sendo <strong>integralmente custeadas pelos munic\u00edpios<\/strong>.<\/p>\n<p>A situa\u00e7\u00e3o tem afetado especialmente os <strong>munic\u00edpios de pequeno porte<\/strong>, que enfrentam <strong>grandes desafios para manter o equil\u00edbrio fiscal<\/strong>.<\/p>\n<p><em>\u201cNa pr\u00e1tica, o que vemos \u00e9 uma <strong>transfer\u00eancia silenciosa de responsabilidades para os munic\u00edpios<\/strong>, que est\u00e3o pagando a conta de servi\u00e7os que n\u00e3o s\u00e3o de sua compet\u00eancia. \u00c9 hora de dar visibilidade a esse problema e agir com base em evid\u00eancias. Por isso, a parceria com o Tribunal de Contas \u00e9 fundamental para construirmos um <strong>diagn\u00f3stico t\u00e9cnico e detalhado<\/strong> dessa realidade\u201d<\/em>, afirmou Falc\u00e3o.<\/p>\n<h3><strong>Mesa de Concilia\u00e7\u00e3o<\/strong><\/h3>\n<p>A pauta apresentada pela AMM tamb\u00e9m ser\u00e1 levada \u00e0 <strong>Mesa de Concilia\u00e7\u00e3o e Preven\u00e7\u00e3o de Conflitos do TCEMG<\/strong>, recentemente criada para promover a <strong>resolu\u00e7\u00e3o consensual de impasses entre entes p\u00fablicos<\/strong>. A proposta busca estabelecer <strong>um canal permanente de di\u00e1logo entre os munic\u00edpios e o Tribunal<\/strong>, viabilizando <strong>solu\u00e7\u00f5es conjuntas para desafios complexos da administra\u00e7\u00e3o p\u00fablica<\/strong>.<\/p>\n<h3><strong>Folha de pessoal e impacto fiscal<\/strong><\/h3>\n<p>Outro tema discutido no encontro foi a <strong>distor\u00e7\u00e3o no c\u00e1lculo do \u00edndice de gastos com pessoal<\/strong>, especialmente na \u00e1rea da sa\u00fade.<\/p>\n<p><em>\u201cAtualmente, muitos munic\u00edpios ultrapassam o limite legal de 54% devido \u00e0 inclus\u00e3o de profissionais custeados com recursos vinculados, o que compromete a gest\u00e3o fiscal e a presta\u00e7\u00e3o de servi\u00e7os \u00e0 popula\u00e7\u00e3o\u201d<\/em>, explicou Falc\u00e3o.<\/p>\n<p>O presidente do TCEMG, <strong>Durval \u00c2ngelo<\/strong>, destacou que h\u00e1 <strong>expectativa de corre\u00e7\u00e3o dessa distor\u00e7\u00e3o t\u00e9cnica<\/strong>, o que <strong>representaria um al\u00edvio fiscal significativo para as prefeituras<\/strong>:<\/p>\n<p><em>\u201cPor isso, essa parceria \u00e9 muito importante. Podemos e vamos instruir os munic\u00edpios. Queremos que os prefeitos e prefeitas saibam que essa parceria vai funcionar e trabalhar por cada um deles\u201d<\/em>, afirmou.<\/p>\n<h3><strong>Coopera\u00e7\u00e3o t\u00e9cnica e capacita\u00e7\u00e3o<\/strong><\/h3>\n<p>Al\u00e9m do levantamento financeiro, <strong>AMM e TCEMG firmar\u00e3o um termo de coopera\u00e7\u00e3o t\u00e9cnica<\/strong> para promover <strong>a\u00e7\u00f5es conjuntas de capacita\u00e7\u00e3o<\/strong> voltadas a temas estrat\u00e9gicos, como:<\/p>\n<p><strong>Reforma tribut\u00e1ria<\/strong>;<\/p>\n<p><strong>Melhoria da gest\u00e3o p\u00fablica municipal<\/strong>.<\/p>\n<p><em>\u201cA AMM assume uma <strong>lideran\u00e7a ativa nesse debate<\/strong>, e o TCEMG se coloca como um **parceiro essencial na constru\u00e7\u00e3o de solu\u00e7\u00f5es reais e efetivas para os munic\u00edpios mineiros\u201d<\/em>, concluiu Falc\u00e3o.<\/p>\n\n<p>Os <strong>primeiros resultados do estudo devem ser apresentados em breve<\/strong> e servir\u00e3o de base para o <strong>planejamento de medidas que fortale\u00e7am a autonomia, a sustentabilidade fiscal e a efici\u00eancia da gest\u00e3o municipal em Minas Gerais<\/strong>.<\/p>\n<p>\u00a0<\/p>","protected":false},"excerpt":{"rendered":"<p>AMM | Divulga\u00e7\u00e3o A Associa\u00e7\u00e3o Mineira de Munic\u00edpios (AMM) e o Tribunal de Contas do Estado de Minas Gerais (TCEMG) v\u00e3o realizar um levantamento in\u00e9dito para mapear, com base em dados concretos, a sobrecarga financeira enfrentada pelos munic\u00edpios mineiros. O objetivo \u00e9 identificar gastos que, por lei, deveriam ser de responsabilidade dos governos estadual e [&hellip;]<\/p>\n","protected":false},"author":0,"featured_media":30189,"comment_status":"open","ping_status":"open","sticky":false,"template":"","format":"standard","meta":{"rop_custom_images_group":[],"rop_custom_messages_group":[],"rop_publish_now":"initial","rop_publish_now_accounts":[],"rop_publish_now_history":[],"rop_publish_now_status":"pending","footnotes":""},"categories":[6745],"tags":[],"class_list":["post-30188","post","type-post","status-publish","format-standard","has-post-thumbnail","hentry","category-coluna-sindijori"],"_links":{"self":[{"href":"https:\/\/diariotribuna.com.br\/index.php?rest_route=\/wp\/v2\/posts\/30188"}],"collection":[{"href":"https:\/\/diariotribuna.com.br\/index.php?rest_route=\/wp\/v2\/posts"}],"about":[{"href":"https:\/\/diariotribuna.com.br\/index.php?rest_route=\/wp\/v2\/types\/post"}],"replies":[{"embeddable":true,"href":"https:\/\/diariotribuna.com.br\/index.php?rest_route=%2Fwp%2Fv2%2Fcomments&post=30188"}],"version-history":[{"count":0,"href":"https:\/\/diariotribuna.com.br\/index.php?rest_route=\/wp\/v2\/posts\/30188\/revisions"}],"wp:featuredmedia":[{"embeddable":true,"href":"https:\/\/diariotribuna.com.br\/index.php?rest_route=\/wp\/v2\/media\/30189"}],"wp:attachment":[{"href":"https:\/\/diariotribuna.com.br\/index.php?rest_route=%2Fwp%2Fv2%2Fmedia&parent=30188"}],"wp:term":[{"taxonomy":"category","embeddable":true,"href":"https:\/\/diariotribuna.com.br\/index.php?rest_route=%2Fwp%2Fv2%2Fcategories&post=30188"},{"taxonomy":"post_tag","embeddable":true,"href":"https:\/\/diariotribuna.com.br\/index.php?rest_route=%2Fwp%2Fv2%2Ftags&post=30188"}],"curies":[{"name":"wp","href":"https:\/\/api.w.org\/{rel}","templated":true}]}}