{"id":30194,"date":"2025-06-11T11:27:26","date_gmt":"2025-06-11T14:27:26","guid":{"rendered":"https:\/\/diariotribuna.com.br\/?p=30194"},"modified":"2025-06-11T11:27:26","modified_gmt":"2025-06-11T14:27:26","slug":"credito-rural-cai-5-em-mg","status":"publish","type":"post","link":"https:\/\/diariotribuna.com.br\/?p=30194","title":{"rendered":"Cr\u00e9dito rural cai 5% em MG\u00a0"},"content":{"rendered":"<p><em><span>Foto: Dusan Kostic Adobe Stock\/DC<\/span><\/em><\/p>\n\n\n<p><strong><span>COLUNA MG<\/span><\/strong><\/p>\n<p><span>Principais destaques dos jornais e portais integrantes da rede Sindijori MG\u00a0<\/span><\/p>\n<p><span><a href=\"http:\/\/www.sindijorimg.com.br\/\">www.sindijorimg.com.br<\/a><\/span><\/p>\n<p><span><\/span><\/p>\n\n<p><strong><span>Cr\u00e9dito rural cai 5% em MG<\/span><\/strong><\/p>\n<p><span>A demanda pelo cr\u00e9dito rural segue menor na safra 2024\/25 em Minas Gerais. O montante desembolsado nos 10 primeiros meses do Plano Safra 2024\/25 chegou a R$ 44,35 bilh\u00f5es, representando, assim, uma queda de 5% em rela\u00e7\u00e3o a igual per\u00edodo da safra passada. O valor desembolsado para o Estado representou 15% do volume total do cr\u00e9dito rural liberado para o Brasil, que somou R$ 301,64 bilh\u00f5es. Em \u00e2mbito nacional, os desembolsos retra\u00edram 31%. (Di\u00e1rio do Com\u00e9rcio \u2013 Belo Horizonte)<\/span><\/p>\n<p><span><a href=\"https:\/\/diariodocomercio.com.br\/agronegocio\/credito-rural-desembolso-chega-r-4435-bi-minas-gerais\/\">https:\/\/diariodocomercio.com.br\/agronegocio\/credito-rural-desembolso-chega-r-4435-bi-minas-gerais\/<\/a><\/span><\/p>\n<p><span><\/span><\/p>\n\n<p><strong><span>Sada vai se expandir em Sete Lagoas<\/span><\/strong><\/p>\n<p><span>A Prefeitura de Sete Lagoas segue fortalecendo parcerias para impulsionar o desenvolvimento econ\u00f4mico do munic\u00edpio. Nesta semana, o prefeito Douglas Melo se reuniu com o diretor-geral do Grupo Sada e da OMR Componentes Automotivos, o empres\u00e1rio Alberto Mediolli, para oficializar a expans\u00e3o das atividades do grupo na cidade. A expectativa \u00e9 que o novo investimento resulte na gera\u00e7\u00e3o de mais de 500 novos empregos para os sete-lagoanos. (Di\u00e1rio de Sete Lagoas)<\/span><\/p>\n<p><span><a href=\"https:\/\/www.diariosetelagoas.com.br\/grupo-sada-vai-expandir-em-sete-lagoas-com-apoio-da-prefeitura-e-deve-gerar-mais-de-500-empregos\">https:\/\/www.diariosetelagoas.com.br\/grupo-sada-vai-expandir-em-sete-lagoas-com-apoio-da-prefeitura-e-deve-gerar-mais-de-500-empregos<\/a><\/span><\/p>\n<p><span><\/span><\/p>\n\n<p><strong><span>Po\u00e7os investe na prote\u00e7\u00e3o \u00e0s mulheres<\/span><\/strong><\/p>\n<p><span>O munic\u00edpio de Po\u00e7os de Caldas investiu, no ano de 2024, cerca de R$ 500 mil em a\u00e7\u00f5es e pol\u00edticas p\u00fablicas para a garantia de direitos das mulheres, entre iniciativas de atendimento, orienta\u00e7\u00e3o e campanhas que englobam temas como o combate \u00e0 viol\u00eancia. <\/span><span>Po\u00e7os conta com o N\u00facleo da Mulher do Centro de Refer\u00eancia Especializado de Assist\u00eancia Social, o Creas. O Servi\u00e7o de Prote\u00e7\u00e3o e Atendimento Especializado a Fam\u00edlias e Indiv\u00edduos (Paefi Mulher) do Creas atua na preven\u00e7\u00e3o, promo\u00e7\u00e3o e garantia de direitos das mulheres e oferta apoio, orienta\u00e7\u00e3o e acompanhamento especializado. (Jornal Mantiqueira \u2013 Po\u00e7os de Caldas)<\/span><\/p>\n<p><span><a href=\"https:\/\/www.jornalmantiqueira.com.br\/2025\/06\/10\/pocos-de-caldas-investe-meio-milhao-de-reais-na-garantia-de-direitos-das-mulheres\/\">https:\/\/www.jornalmantiqueira.com.br\/2025\/06\/10\/pocos-de-caldas-investe-meio-milhao-de-reais-na-garantia-de-direitos-das-mulheres\/<\/a><\/span><\/p>\n<p><span><\/span><\/p>\n\n<p><strong><span>Passos faz feira de m\u00f3veis r\u00fasticos<\/span><\/strong><\/p>\n<p><span>Entre os dias 12 e 15 de junho de 2025, o Parque de Exposi\u00e7\u00f5es de Passos se transforma no grande palco da 7\u00aa ExpoM\u00f3veis R\u00fasticos, um dos maiores eventos do setor moveleiro r\u00fastico do Brasil. Com entrada gratuita e uma estrutura ainda mais completa, a feira deve receber milhares de visitantes e compradores de todo o pa\u00eds, consolidando a cidade de Passos como a verdadeira Capital Nacional dos M\u00f3veis R\u00fasticos. O evento \u00e9 realizado pela Associa\u00e7\u00e3o Comercial e Industrial de M\u00f3veis de Passos (Acimov). Nesta edi\u00e7\u00e3o, est\u00e3o confirmados cerca de 60 expositores. (Folha da Manh\u00e3 \u2013 Passos)<\/span><\/p>\n<p><span><a href=\"https:\/\/clicfolha.com.br\/7a-expomoveis-rusticos-reune-60-expositores-em-passos\/\">https:\/\/clicfolha.com.br\/7a-expomoveis-rusticos-reune-60-expositores-em-passos\/<\/a><\/span><\/p>\n<p><span><\/span><\/p>\n\n<p><strong><span>Mariana investe no Distrito<\/span><\/strong><\/p>\n<p><span>O prefeito de Mariana, Juliano Duarte, assinou a ordem de servi\u00e7o para a cria\u00e7\u00e3o de um Distrito Empresarial no munic\u00edpio, o objetivo \u00e9 impulsionar o crescimento econ\u00f4mico da cidade, atraindo empresas de diversos setores e gerando empregos. O novo espa\u00e7o, localizado na MG-129 sentido Mariana\/Samarco, ter\u00e1 14 lotes distribu\u00eddos em 54 mil metros quadrados e contar\u00e1 com um investimento de R$ 7 milh\u00f5es. Al\u00e9m disso, o local ter\u00e1 infraestrutura completa, incluindo terraplanagem, drenagem, acessibilidade, energia el\u00e9trica e sinaliza\u00e7\u00e3o. (O Liberal \u2013 Ouro Preto)<\/span><\/p>\n<p><span><a href=\"https:\/\/oliberalinconfidentes.com.br\/mariana\/mariana-investe-r-7-milhoes-para-a-criacao-de-um-distrito-empresarial\/\">https:\/\/oliberalinconfidentes.com.br\/mariana\/mariana-investe-r-7-milhoes-para-a-criacao-de-um-distrito-empresarial\/<\/a><\/span><\/p>\n<p><span><\/span><\/p>\n\n<p><strong><span>Recuperando de Caratinga faz curso<\/span><\/strong><\/p>\n<p><span>A Associa\u00e7\u00e3o de Prote\u00e7\u00e3o e Assist\u00eancia aos Condenados (Apac) de Caratinga realizou na manh\u00e3 de ter\u00e7a-feira, 10, a cerim\u00f4nia de certifica\u00e7\u00e3o do curso de macram\u00ea, t\u00e9cnica artesanal que une fios por meio de n\u00f3s. O curso foi oferecido pelo projeto Norteja, uma iniciativa do Instituto Federal do Norte de Minas Gerais \u2013 Campus Almenara, em parceria com a Apac. Ao todo, 28 recuperandos do Regime Fechado 1 conclu\u00edram a capacita\u00e7\u00e3o, que teve cerca de 150 horas de dura\u00e7\u00e3o e foi marcada n\u00e3o apenas pelo aprendizado t\u00e9cnico, mas tamb\u00e9m por um processo terap\u00eautico e de valoriza\u00e7\u00e3o pessoal. (Di\u00e1rio de Caratinga)<\/span><\/p>\n<p><span><a href=\"https:\/\/diariodecaratinga.com.br\/recuperandos-da-apac-caratinga-concluem-curso-de-macrame\/\">https:\/\/diariodecaratinga.com.br\/recuperandos-da-apac-caratinga-concluem-curso-de-macrame\/<\/a><\/span><\/p>\n<p><span><\/span><\/p>\n\n<p>\u00a0<\/p>","protected":false},"excerpt":{"rendered":"<p>Foto: Dusan Kostic Adobe Stock\/DC COLUNA MG Principais destaques dos jornais e portais integrantes da rede Sindijori MG\u00a0 www.sindijorimg.com.br Cr\u00e9dito rural cai 5% em MG A demanda pelo cr\u00e9dito rural segue menor na safra 2024\/25 em Minas Gerais. O montante desembolsado nos 10 primeiros meses do Plano Safra 2024\/25 chegou a R$ 44,35 bilh\u00f5es, representando, [&hellip;]<\/p>\n","protected":false},"author":0,"featured_media":30195,"comment_status":"open","ping_status":"open","sticky":false,"template":"","format":"standard","meta":{"rop_custom_images_group":[],"rop_custom_messages_group":[],"rop_publish_now":"initial","rop_publish_now_accounts":[],"rop_publish_now_history":[],"rop_publish_now_status":"pending","footnotes":""},"categories":[6745],"tags":[],"class_list":["post-30194","post","type-post","status-publish","format-standard","has-post-thumbnail","hentry","category-coluna-sindijori"],"_links":{"self":[{"href":"https:\/\/diariotribuna.com.br\/index.php?rest_route=\/wp\/v2\/posts\/30194"}],"collection":[{"href":"https:\/\/diariotribuna.com.br\/index.php?rest_route=\/wp\/v2\/posts"}],"about":[{"href":"https:\/\/diariotribuna.com.br\/index.php?rest_route=\/wp\/v2\/types\/post"}],"replies":[{"embeddable":true,"href":"https:\/\/diariotribuna.com.br\/index.php?rest_route=%2Fwp%2Fv2%2Fcomments&post=30194"}],"version-history":[{"count":0,"href":"https:\/\/diariotribuna.com.br\/index.php?rest_route=\/wp\/v2\/posts\/30194\/revisions"}],"wp:featuredmedia":[{"embeddable":true,"href":"https:\/\/diariotribuna.com.br\/index.php?rest_route=\/wp\/v2\/media\/30195"}],"wp:attachment":[{"href":"https:\/\/diariotribuna.com.br\/index.php?rest_route=%2Fwp%2Fv2%2Fmedia&parent=30194"}],"wp:term":[{"taxonomy":"category","embeddable":true,"href":"https:\/\/diariotribuna.com.br\/index.php?rest_route=%2Fwp%2Fv2%2Fcategories&post=30194"},{"taxonomy":"post_tag","embeddable":true,"href":"https:\/\/diariotribuna.com.br\/index.php?rest_route=%2Fwp%2Fv2%2Ftags&post=30194"}],"curies":[{"name":"wp","href":"https:\/\/api.w.org\/{rel}","templated":true}]}}