{"id":30198,"date":"2025-06-11T13:41:33","date_gmt":"2025-06-11T16:41:33","guid":{"rendered":"https:\/\/diariotribuna.com.br\/?p=30198"},"modified":"2025-06-11T13:41:33","modified_gmt":"2025-06-11T16:41:33","slug":"infrabusiness-expo-quer-impulsionar-mercado-de-construcao-pesada-no-brasil","status":"publish","type":"post","link":"https:\/\/diariotribuna.com.br\/?p=30198","title":{"rendered":"InfraBusiness Expo quer impulsionar mercado de constru\u00e7\u00e3o pesada no Brasil\u00a0"},"content":{"rendered":"<p class=\"MsoNormal\"><span>SICEPOT | Divulga\u00e7\u00e3o<\/span><span><\/span><\/p>\n<p><span><\/span><\/p>\n<h2><\/h2>\n<p><strong>Evento ser\u00e1 realizado em Belo Horizonte e reunir\u00e1 l\u00edderes do setor para fomentar neg\u00f3cios, inova\u00e7\u00e3o e solu\u00e7\u00f5es em infraestrutura<\/strong><\/p>\n<p>O setor brasileiro de infraestrutura ganhar\u00e1, a partir de 2025, um novo e estrat\u00e9gico ponto de encontro. Est\u00e1 confirmada a realiza\u00e7\u00e3o da <strong>InfraBusiness Expo<\/strong>, feira que pretende se firmar como um dos maiores eventos da cadeia produtiva da infraestrutura na Am\u00e9rica Latina. O encontro acontecer\u00e1 de <strong>12 a 14 de agosto<\/strong>, no <strong>Expominas<\/strong>, em <strong>Belo Horizonte (MG)<\/strong>.<\/p>\n<p>Idealizado por <strong>Emir Cadar Filho<\/strong>, engenheiro civil e refer\u00eancia no setor, o evento nasce com o prop\u00f3sito de <strong>integrar, qualificar e acelerar os neg\u00f3cios da \u00e1rea<\/strong>, que dever\u00e1 movimentar mais de <strong>R$ 100 bilh\u00f5es em investimentos em Minas Gerais at\u00e9 2032<\/strong>, segundo a Federa\u00e7\u00e3o das Ind\u00fastrias do Estado de Minas Gerais (FIEMG). Isso sem contar os aportes nacionais em concess\u00f5es, parcerias p\u00fablico-privadas e grandes obras estruturantes em curso.<\/p>\n<p>\u201cQueremos criar um ambiente prop\u00edcio \u00e0 gera\u00e7\u00e3o de neg\u00f3cios, articula\u00e7\u00e3o institucional e expans\u00e3o de parcerias. A InfraBusiness \u00e9 uma oportunidade concreta para fomentar a economia e fortalecer a infraestrutura nacional\u201d, afirma Emir, que \u00e9 vice-presidente da FIEMG e presidente do Conselho de Infraestrutura da entidade.<\/p>\n<p>Ele tamb\u00e9m atua em institui\u00e7\u00f5es como o <strong>SICEPOT-MG<\/strong> e a <strong>Brasinfra<\/strong>. Inspirado em grandes feiras internacionais e na necessidade de descentralizar o eixo Rio-SP, Emir aposta no protagonismo de <strong>Belo Horizonte<\/strong> como novo polo estrat\u00e9gico da constru\u00e7\u00e3o pesada no pa\u00eds.<\/p>\n<h3><strong>Mais que uma feira: um ecossistema de infraestrutura<\/strong><\/h3>\n<p>A <strong>InfraBusiness Expo<\/strong> vai al\u00e9m de uma simples vitrine de m\u00e1quinas e equipamentos. O evento prop\u00f5e-se a ser uma <strong>plataforma de conex\u00f5es<\/strong> entre todos os elos da infraestrutura: fabricantes de equipamentos pesados, fornecedores de insumos (cimento, a\u00e7o, pneus, lubrificantes), institui\u00e7\u00f5es financeiras, seguradoras, consultorias t\u00e9cnicas e grandes contratantes \u2014 p\u00fablicos e privados.<\/p>\n<p>A programa\u00e7\u00e3o incluir\u00e1 <strong>rodadas de neg\u00f3cios, apresenta\u00e7\u00f5es t\u00e9cnicas<\/strong> e um ambiente planejado para <strong>parcerias estrat\u00e9gicas reais<\/strong>.<\/p>\n<p>Outro destaque \u00e9 o <strong>Congresso InfraBusiness<\/strong> e os <strong>Infra Talks<\/strong>, que contar\u00e3o com especialistas nacionais e internacionais debatendo temas como <strong>sustentabilidade, inova\u00e7\u00e3o tecnol\u00f3gica, modelos de financiamento<\/strong> e <strong>gest\u00e3o de riscos em obras p\u00fablicas<\/strong>.<\/p>\n<p>Entre os nomes j\u00e1 confirmados est\u00e3o:<\/p>\n<p><strong>Ricardo Amorim<\/strong> (economista)<\/p>\n<p><strong>Rubens Menin<\/strong> (empres\u00e1rio)<\/p>\n<p><strong>Antonio Anastasia<\/strong> (ministro do TCU)<\/p>\n<p><strong>Eug\u00eanio Mattar<\/strong> (executivo da Localiza)<\/p>\n<p><strong>Romeu Zema<\/strong> (governador de Minas Gerais)<\/p>\n<h3><strong>Minas Gerais como centro da transforma\u00e7\u00e3o<\/strong><\/h3>\n<p>A escolha de <strong>Minas Gerais como sede<\/strong> do evento reflete o atual cen\u00e1rio positivo do estado, que vive um <strong>ciclo robusto de investimentos em infraestrutura<\/strong>. Entre os principais projetos est\u00e3o:<\/p>\n<p>As concess\u00f5es das BRs 040, 381 e 262<\/p>\n<p>O <strong>Rodoanel Metropolitano de BH<\/strong><\/p>\n<p>A expans\u00e3o do <strong>metr\u00f4 da capital<\/strong><\/p>\n<p>As a\u00e7\u00f5es estruturantes do <strong>Acordo de Mariana<\/strong>, com previs\u00e3o de mais de <strong>R$ 110 bilh\u00f5es em investimentos<\/strong><\/p>\n<p>A expectativa \u00e9 que esse movimento gere <strong>cerca de 730 mil empregos diretos e indiretos at\u00e9 2032<\/strong>.<\/p>\n<p>\u201cNesse cen\u00e1rio, a InfraBusiness Expo pretende consolidar Minas como protagonista da transforma\u00e7\u00e3o da infraestrutura nacional, com um evento \u00e0 altura dos desafios e das oportunidades do setor\u201d, refor\u00e7a Emir.<\/p>\n<h3><strong>Realiza\u00e7\u00e3o e informa\u00e7\u00f5es<\/strong><\/h3>\n<p>A feira \u00e9 uma realiza\u00e7\u00e3o da <strong>Cubo Eventos<\/strong>, especializada em grandes feiras e congressos, com <strong>apoio institucional da FIEMG e do SICEPOT-MG<\/strong>.<\/p>\n<p><span>. <\/span><strong>InfraBusiness Expo<\/strong><br \/>12 a 14 de agosto de 2025<br \/>Expominas, Belo Horizonte \u2013 MG<br \/>Inscri\u00e7\u00f5es e mais informa\u00e7\u00f5es: <a target=\"_new\" class=\"\" href=\"https:\/\/infrabusinessexpo.com.br\/\" rel=\"noopener\">www.infrabusinessexpo.com.br<\/a><\/p>\n\n<p><strong>Informa\u00e7\u00f5es para a imprensa:<\/strong><br \/>Saulo Penaforte \u2013 (31) 9 9683-5270<br \/>Karine Seimoha \u2013 (11) 9 6969-2774<\/p>\n<p>\u00a0<\/p>","protected":false},"excerpt":{"rendered":"<p>SICEPOT | Divulga\u00e7\u00e3o Evento ser\u00e1 realizado em Belo Horizonte e reunir\u00e1 l\u00edderes do setor para fomentar neg\u00f3cios, inova\u00e7\u00e3o e solu\u00e7\u00f5es em infraestrutura O setor brasileiro de infraestrutura ganhar\u00e1, a partir de 2025, um novo e estrat\u00e9gico ponto de encontro. Est\u00e1 confirmada a realiza\u00e7\u00e3o da InfraBusiness Expo, feira que pretende se firmar como um dos maiores [&hellip;]<\/p>\n","protected":false},"author":0,"featured_media":30199,"comment_status":"open","ping_status":"open","sticky":false,"template":"","format":"standard","meta":{"rop_custom_images_group":[],"rop_custom_messages_group":[],"rop_publish_now":"initial","rop_publish_now_accounts":[],"rop_publish_now_history":[],"rop_publish_now_status":"pending","footnotes":""},"categories":[6745],"tags":[],"class_list":["post-30198","post","type-post","status-publish","format-standard","has-post-thumbnail","hentry","category-coluna-sindijori"],"_links":{"self":[{"href":"https:\/\/diariotribuna.com.br\/index.php?rest_route=\/wp\/v2\/posts\/30198"}],"collection":[{"href":"https:\/\/diariotribuna.com.br\/index.php?rest_route=\/wp\/v2\/posts"}],"about":[{"href":"https:\/\/diariotribuna.com.br\/index.php?rest_route=\/wp\/v2\/types\/post"}],"replies":[{"embeddable":true,"href":"https:\/\/diariotribuna.com.br\/index.php?rest_route=%2Fwp%2Fv2%2Fcomments&post=30198"}],"version-history":[{"count":0,"href":"https:\/\/diariotribuna.com.br\/index.php?rest_route=\/wp\/v2\/posts\/30198\/revisions"}],"wp:featuredmedia":[{"embeddable":true,"href":"https:\/\/diariotribuna.com.br\/index.php?rest_route=\/wp\/v2\/media\/30199"}],"wp:attachment":[{"href":"https:\/\/diariotribuna.com.br\/index.php?rest_route=%2Fwp%2Fv2%2Fmedia&parent=30198"}],"wp:term":[{"taxonomy":"category","embeddable":true,"href":"https:\/\/diariotribuna.com.br\/index.php?rest_route=%2Fwp%2Fv2%2Fcategories&post=30198"},{"taxonomy":"post_tag","embeddable":true,"href":"https:\/\/diariotribuna.com.br\/index.php?rest_route=%2Fwp%2Fv2%2Ftags&post=30198"}],"curies":[{"name":"wp","href":"https:\/\/api.w.org\/{rel}","templated":true}]}}