{"id":30202,"date":"2025-06-11T16:13:43","date_gmt":"2025-06-11T19:13:43","guid":{"rendered":"https:\/\/diariotribuna.com.br\/?p=30202"},"modified":"2025-06-11T23:46:59","modified_gmt":"2025-06-12T02:46:59","slug":"pm-ambiental-apreende-6-armas-de-fogo-e-prende-3-pessoas-no-vale-do-jequitinhonha","status":"publish","type":"post","link":"https:\/\/diariotribuna.com.br\/?p=30202","title":{"rendered":"PM Ambiental apreende 6 armas de fogo e prende 3 pessoas no Vale do Jequitinhonha"},"content":{"rendered":"\n<figure class=\"wp-block-image size-full is-resized\"><img loading=\"lazy\" decoding=\"async\" width=\"700\" height=\"410\" src=\"https:\/\/diariotribuna.com.br\/wp-content\/uploads\/2025\/06\/Imagem-do-WhatsApp-de-2025-06-10-as-20.23.23_986d1e67.jpg\" alt=\"\" class=\"wp-image-30203\" style=\"width:464px;height:auto\" srcset=\"https:\/\/diariotribuna.com.br\/wp-content\/uploads\/2025\/06\/Imagem-do-WhatsApp-de-2025-06-10-as-20.23.23_986d1e67.jpg 700w, https:\/\/diariotribuna.com.br\/wp-content\/uploads\/2025\/06\/Imagem-do-WhatsApp-de-2025-06-10-as-20.23.23_986d1e67-300x176.jpg 300w, https:\/\/diariotribuna.com.br\/wp-content\/uploads\/2025\/06\/Imagem-do-WhatsApp-de-2025-06-10-as-20.23.23_986d1e67-696x408.jpg 696w\" sizes=\"(max-width: 700px) 100vw, 700px\" \/><\/figure>\n\n\n\n<p>A Pol\u00edcia Militar de Meio Ambiente do Vale do Jequitinhonha fazia patrulhamento na zona rural de Monte Formoso, na noite de ter\u00e7a-feira (10\/6), com o intuito de coibir a ca\u00e7a predat\u00f3ria. Com levantamento de informa\u00e7\u00f5es anteriormente, os militares prenderam 2 homens e 1 mulher, no povoado Barra da Alegria, por posse ilegal de 6 armas de fogo. Tamb\u00e9m foram apreendidas: 1 arma de press\u00e3o e 1 coronha artesanal.<\/p>\n\n\n\n<p>Os autores foram conduzidos \u00e0 delegacia de Pol\u00edcia Civil de Almenara para as devidas provid\u00eancias de pol\u00edcia judici\u00e1ria. <strong>Equipes:<\/strong> Comando Pelot\u00e3o, tenente Heberth, sargentos Colares e Al sargento Israel. Jequitinhonha: sargentos J\u00fania, Zuville e Fernandes. (Informa\u00e7\u00f5es\/Foto: Tenente Heberth Dias, comandante da Pol\u00edcia Militar de Meio Ambiente do Vale do Jequitinhonha).<\/p>\n","protected":false},"excerpt":{"rendered":"<p>A Pol\u00edcia Militar de Meio Ambiente do Vale do Jequitinhonha fazia patrulhamento na zona rural de Monte Formoso, na noite de ter\u00e7a-feira (10\/6), com o intuito de coibir a ca\u00e7a predat\u00f3ria. Com levantamento de informa\u00e7\u00f5es anteriormente, os militares prenderam 2 homens e 1 mulher, no povoado Barra da Alegria, por posse ilegal de 6 armas [&hellip;]<\/p>\n","protected":false},"author":1,"featured_media":30203,"comment_status":"open","ping_status":"open","sticky":false,"template":"","format":"standard","meta":{"rop_custom_images_group":[],"rop_custom_messages_group":[],"rop_publish_now":"initial","rop_publish_now_accounts":[],"rop_publish_now_history":[],"rop_publish_now_status":"pending","footnotes":""},"categories":[25,20],"tags":[3218,6682,6887,2138,3135],"class_list":["post-30202","post","type-post","status-publish","format-standard","has-post-thumbnail","hentry","category-destaque","category-policia","tag-3-presos","tag-6-armas-de-fogo","tag-monte-formoso","tag-pm-do-meio-ambiente","tag-vale-do-jequitinhonha"],"_links":{"self":[{"href":"https:\/\/diariotribuna.com.br\/index.php?rest_route=\/wp\/v2\/posts\/30202"}],"collection":[{"href":"https:\/\/diariotribuna.com.br\/index.php?rest_route=\/wp\/v2\/posts"}],"about":[{"href":"https:\/\/diariotribuna.com.br\/index.php?rest_route=\/wp\/v2\/types\/post"}],"author":[{"embeddable":true,"href":"https:\/\/diariotribuna.com.br\/index.php?rest_route=\/wp\/v2\/users\/1"}],"replies":[{"embeddable":true,"href":"https:\/\/diariotribuna.com.br\/index.php?rest_route=%2Fwp%2Fv2%2Fcomments&post=30202"}],"version-history":[{"count":1,"href":"https:\/\/diariotribuna.com.br\/index.php?rest_route=\/wp\/v2\/posts\/30202\/revisions"}],"predecessor-version":[{"id":30204,"href":"https:\/\/diariotribuna.com.br\/index.php?rest_route=\/wp\/v2\/posts\/30202\/revisions\/30204"}],"wp:featuredmedia":[{"embeddable":true,"href":"https:\/\/diariotribuna.com.br\/index.php?rest_route=\/wp\/v2\/media\/30203"}],"wp:attachment":[{"href":"https:\/\/diariotribuna.com.br\/index.php?rest_route=%2Fwp%2Fv2%2Fmedia&parent=30202"}],"wp:term":[{"taxonomy":"category","embeddable":true,"href":"https:\/\/diariotribuna.com.br\/index.php?rest_route=%2Fwp%2Fv2%2Fcategories&post=30202"},{"taxonomy":"post_tag","embeddable":true,"href":"https:\/\/diariotribuna.com.br\/index.php?rest_route=%2Fwp%2Fv2%2Ftags&post=30202"}],"curies":[{"name":"wp","href":"https:\/\/api.w.org\/{rel}","templated":true}]}}