{"id":30206,"date":"2025-06-12T11:34:58","date_gmt":"2025-06-12T14:34:58","guid":{"rendered":"https:\/\/diariotribuna.com.br\/?p=30206"},"modified":"2025-06-12T11:34:58","modified_gmt":"2025-06-12T14:34:58","slug":"investimentos-em-granjas-na-zona-da-mata","status":"publish","type":"post","link":"https:\/\/diariotribuna.com.br\/?p=30206","title":{"rendered":"Investimentos em granjas na Zona da Mata\u00a0"},"content":{"rendered":"<p><span>Foto: Reprodu\u00e7\u00e3o\/NewTrade<\/span><\/p>\n\n<p><strong><span>COLUNA MG<\/span><\/strong><\/p>\n<p><span>Principais destaques dos jornais e portais integrantes da rede Sindijori MG\u00a0<\/span><\/p>\n<p><span><a href=\"http:\/\/www.sindijorimg.com.br\/\">www.sindijorimg.com.br<\/a><\/span><\/p>\n<p><span><\/span><\/p>\n\n<p><strong><span>Investimentos em granjas na Zona da Mata<\/span><\/strong><\/p>\n<p><span>A Pif Paf Alimentos anunciou um novo pacote de investimentos voltado \u00e0 moderniza\u00e7\u00e3o das granjas integradas da unidade de Visconde do Rio Branco,\u00a0 com o objetivo de ampliar em cerca de 10% sua capacidade de abates j\u00e1 em 2025. O an\u00fancio foi feito durante encontros realizados nas cidades de Erv\u00e1lia, S\u00e3o Miguel do Anta e Teixeiras, com a presen\u00e7a de produtores integrados e executivos da companhia. (Tribuna de Minas \u2013 Juiz de Fora)<\/span><\/p>\n<p><span><a href=\"https:\/\/tribunademinas.com.br\/noticias\/regiao\/11-06-2025\/pif-paf-projeta-visconde-do-rio-branco.html\">https:\/\/tribunademinas.com.br\/noticias\/regiao\/11-06-2025\/pif-paf-projeta-visconde-do-rio-branco.html<\/a><\/span><\/p>\n<p><span><\/span><\/p>\n\n<p><strong><span>Montes Claros no sistema digital<\/span><\/strong><\/p>\n<p><span>A Prefeitura de Montes Claros deu um grande passo para a moderniza\u00e7\u00e3o de sua gest\u00e3o ao lan\u00e7ar a plataforma digital \u201cConectaMoc\u201d, que visa otimizar processos e documentos de forma totalmente digital, garantindo mais efici\u00eancia, seguran\u00e7a e transpar\u00eancia. A ferramenta, que inclui o uso do sistema 1Doc para processos como alvar\u00e1s, protocolos e memorandos, elimina o uso de papel e promete economia de tempo e recursos. Al\u00e9m disso, a prefeitura lan\u00e7ou um aplicativo para facilitar a solicita\u00e7\u00e3o de servi\u00e7os municipais diretamente pelo celular, evitando filas. (Rede Gazeta \u2013 Montes Claros)<\/span><\/p>\n<p><span><a href=\"https:\/\/gazetanm.com.br\/prefeitura-de-montes-claros-sai-da-era-analogica-e-entra-para-o-sistema-digital-atraves-do-conectamoc\/\">https:\/\/gazetanm.com.br\/prefeitura-de-montes-claros-sai-da-era-analogica-e-entra-para-o-sistema-digital-atraves-do-conectamoc\/<\/a><\/span><\/p>\n<p><span><\/span><\/p>\n\n<p><strong><span>500 bailarinos na Mostra de Vi\u00e7osa<\/span><\/strong><\/p>\n<p><span>Nos dias 20, 21 e 22 de junho, Vi\u00e7osa ser\u00e1 o grande palco da 31\u00aa edi\u00e7\u00e3o da Mostra Diversidade em Dan\u00e7a. Ser\u00e3o mais de 500 bailarinos em cena, entre estudantes, amadores e profissionais, em um evento gratuito realizado pelo N\u00facleo de Arte e Dan\u00e7a. Estar\u00e3o presentes representantes da pujante dan\u00e7a vi\u00e7osense, como o Grupo Impacto de Dan\u00e7a, que prepara a sua quarta turn\u00ea internacional, o Neparc que estar\u00e1 presente com trabalhos de videodan\u00e7a e o Grupo Sinergia, ambos ligados ao curso de Dan\u00e7a &#8211; UFV. (Folha da Mata \u2013 Vi\u00e7osa)<\/span><\/p>\n<p><span><a href=\"https:\/\/www.folhadamata.com.br\/mais-de-500-bailarinos-estarao-na-31a-mostra-diversidade-em-danca-na-ufv\">https:\/\/www.folhadamata.com.br\/mais-de-500-bailarinos-estarao-na-31a-mostra-diversidade-em-danca-na-ufv<\/a><\/span><\/p>\n<p><span><\/span><\/p>\n\n<p><strong><span>PBH assume gest\u00e3o do Novo Anel\u00a0<\/span><\/strong><\/p>\n<p><span>A Prefeitura de Belo Horizonte (PBH) assumiu a gest\u00e3o de 22,4 km do Novo Anel Rodovi\u00e1rio, com foco em aumentar a seguran\u00e7a, reduzir acidentes e melhorar a mobilidade. A \u00e1rea, que registrou 1.474 acidentes entre janeiro e abril de 2025, passar\u00e1 por obras de moderniza\u00e7\u00e3o, com investimentos federais, incluindo a constru\u00e7\u00e3o de viadutos e novos acessos. A PBH tamb\u00e9m implementar\u00e1 videomonitoramento, sinaliza\u00e7\u00e3o, fiscaliza\u00e7\u00e3o e manuten\u00e7\u00e3o cont\u00ednua, al\u00e9m de refor\u00e7ar o atendimento emergencial e a opera\u00e7\u00e3o vi\u00e1ria. (Jornal Esplanada \u2013 Belo Horizonte)<\/span><\/p>\n<p><span><a href=\"https:\/\/www.jornalesplanada.com.br\/pbh-assume-gestao-do-novo-anel-e-promete-mais-seguranca-e-reducao-de-acidentes\">https:\/\/www.jornalesplanada.com.br\/pbh-assume-gestao-do-novo-anel-e-promete-mais-seguranca-e-reducao-de-acidentes<\/a><\/span><\/p>\n<p><span><\/span><\/p>\n\n<p><strong><span>Sala do Empreendedor em Itapecerica<\/span><\/strong><\/p>\n<p><span>Itapecerica inaugurou a Sala Mineira do Empreendedor (SME), um espa\u00e7o dedicado a apoiar os pequenos neg\u00f3cios locais. A iniciativa, fruto de uma parceria entre o Sebrae Minas, a Prefeitura e a CDL, oferece servi\u00e7os essenciais como orienta\u00e7\u00e3o para abertura e regulariza\u00e7\u00e3o de empresas, consulta de viabilidade, emiss\u00e3o de alvar\u00e1s e apoio a Microempreendedores Individuais (MEIs) e Microempresas. A SME visa fortalecer o ambiente de neg\u00f3cios da cidade, oferecendo suporte direto aos empreendedores e ajudando no crescimento e desenvolvimento da economia local. (Portal Gerais \u2013 Divin\u00f3polis)<\/span><\/p>\n<p><span><a href=\"https:\/\/portalgerais.com\/itapecerica-inaugura-sala-do-empreendedor-e-amplia-suporte-aos-pequenos-negocios\/\">https:\/\/portalgerais.com\/itapecerica-inaugura-sala-do-empreendedor-e-amplia-suporte-aos-pequenos-negocios\/<\/a><\/span><\/p>\n<p><span><\/span><\/p>\n\n<p><strong><span>Associa\u00e7\u00e3o do Vale do A\u00e7o protege idosos<\/span><\/strong><\/p>\n<p><span>A Associa\u00e7\u00e3o Cuidado Humano, com unidades em Ipatinga e Santana do Para\u00edso, desenvolve um trabalho preventivo de combate \u00e0 viol\u00eancia contra a pessoa idosa, por meio do Servi\u00e7o de Conviv\u00eancia e Fortalecimento de V\u00ednculos Familiares e Comunit\u00e1rios. A institui\u00e7\u00e3o oferece atividades como artesanato, rodas de conversa e atividades cognitivas, enquanto promove a preven\u00e7\u00e3o e conscientiza\u00e7\u00e3o sobre a viol\u00eancia, identificando casos por meio de escuta qualificada. (Di\u00e1rio do A\u00e7o \u2013 Ipatinga)<\/span><\/p>\n<p><span><a href=\"https:\/\/diariodoaco.com.br\/noticia\/0125203-associacao-do-vale-do-aco-promove-trabalho-preventivo-de-violencia-contra-pessoa-idosa\">https:\/\/diariodoaco.com.br\/noticia\/0125203-associacao-do-vale-do-aco-promove-trabalho-preventivo-de-violencia-contra-pessoa-idosa<\/a><\/span><\/p>\n<p><span><\/span><\/p>\n\n<p><strong><span>Registros de Ovni\u2019s em Uberaba<\/span><\/strong><\/p>\n<p><span>Poucos assuntos despertam tanto fasc\u00ednio, especula\u00e7\u00e3o e curiosidade quanto os relatos de Objetos Voadores N\u00e3o Identificados, o OVNI&#8217;s. Sempre que um novo documento \u00e9 revelado, reacende-se o mist\u00e9rio: o que, afinal, foi visto nos c\u00e9us? E claro, como n\u00e3o poderia deixar de ser, Uberaba tamb\u00e9m tem sua parcela nessa hist\u00f3ria enigm\u00e1tica. Dois registros envolvendo a cidade foram recentemente divulgados pelo Arquivo Nacional. Os epis\u00f3dios aconteceram em 1986 e em 2023, ambos protagonizados por pilotos de voos comerciais em pleno espa\u00e7o a\u00e9reo mineiro. (Jornal da Manh\u00e3 \u2013 Uberaba)<\/span><\/p>\n<p><span>\u00a0<a href=\"https:\/\/jmonline.com.br\/cidade\/documentos-militares-trazem-a-tona-relatos-misteriosos-de-ovnis-em-uberaba-1.511965\">https:\/\/jmonline.com.br\/cidade\/documentos-militares-trazem-a-tona-relatos-misteriosos-de-ovnis-em-uberaba-1.511965<\/a><\/span><\/p>\n<p><span><\/span><\/p>\n\n<p>\u00a0<\/p>","protected":false},"excerpt":{"rendered":"<p>Foto: Reprodu\u00e7\u00e3o\/NewTrade COLUNA MG Principais destaques dos jornais e portais integrantes da rede Sindijori MG\u00a0 www.sindijorimg.com.br Investimentos em granjas na Zona da Mata A Pif Paf Alimentos anunciou um novo pacote de investimentos voltado \u00e0 moderniza\u00e7\u00e3o das granjas integradas da unidade de Visconde do Rio Branco,\u00a0 com o objetivo de ampliar em cerca de 10% [&hellip;]<\/p>\n","protected":false},"author":0,"featured_media":30207,"comment_status":"open","ping_status":"open","sticky":false,"template":"","format":"standard","meta":{"rop_custom_images_group":[],"rop_custom_messages_group":[],"rop_publish_now":"initial","rop_publish_now_accounts":[],"rop_publish_now_history":[],"rop_publish_now_status":"pending","footnotes":""},"categories":[6745],"tags":[],"class_list":["post-30206","post","type-post","status-publish","format-standard","has-post-thumbnail","hentry","category-coluna-sindijori"],"_links":{"self":[{"href":"https:\/\/diariotribuna.com.br\/index.php?rest_route=\/wp\/v2\/posts\/30206"}],"collection":[{"href":"https:\/\/diariotribuna.com.br\/index.php?rest_route=\/wp\/v2\/posts"}],"about":[{"href":"https:\/\/diariotribuna.com.br\/index.php?rest_route=\/wp\/v2\/types\/post"}],"replies":[{"embeddable":true,"href":"https:\/\/diariotribuna.com.br\/index.php?rest_route=%2Fwp%2Fv2%2Fcomments&post=30206"}],"version-history":[{"count":0,"href":"https:\/\/diariotribuna.com.br\/index.php?rest_route=\/wp\/v2\/posts\/30206\/revisions"}],"wp:featuredmedia":[{"embeddable":true,"href":"https:\/\/diariotribuna.com.br\/index.php?rest_route=\/wp\/v2\/media\/30207"}],"wp:attachment":[{"href":"https:\/\/diariotribuna.com.br\/index.php?rest_route=%2Fwp%2Fv2%2Fmedia&parent=30206"}],"wp:term":[{"taxonomy":"category","embeddable":true,"href":"https:\/\/diariotribuna.com.br\/index.php?rest_route=%2Fwp%2Fv2%2Fcategories&post=30206"},{"taxonomy":"post_tag","embeddable":true,"href":"https:\/\/diariotribuna.com.br\/index.php?rest_route=%2Fwp%2Fv2%2Ftags&post=30206"}],"curies":[{"name":"wp","href":"https:\/\/api.w.org\/{rel}","templated":true}]}}