{"id":30210,"date":"2025-06-13T11:59:27","date_gmt":"2025-06-13T14:59:27","guid":{"rendered":"https:\/\/diariotribuna.com.br\/?p=30210"},"modified":"2025-06-13T11:59:27","modified_gmt":"2025-06-13T14:59:27","slug":"compete-minas-chega-ao-sul-de-minas","status":"publish","type":"post","link":"https:\/\/diariotribuna.com.br\/?p=30210","title":{"rendered":"&quot;Compete Minas&quot; chega ao Sul de Minas\u00a0"},"content":{"rendered":"<p><span>Foto: Divulga\u00e7\u00e3o<\/span><\/p>\n\n\n<p><strong><span>COLUNA MG<\/span><\/strong><\/p>\n<p><span>Principais destaques dos jornais e portais integrantes da rede Sindijori MG\u00a0<\/span><\/p>\n<p><span><a href=\"http:\/\/www.sindijorimg.com.br\/\">www.sindijorimg.com.br<\/a><\/span><\/p>\n<p><span><\/span><\/p>\n\n<p><strong><span>&#8220;Compete Minas&#8221; chega ao Sul de Minas<\/span><\/strong><\/p>\n<p><span>A Acipa (Associa\u00e7\u00e3o Comercial e Industrial de Pouso Alegre) recebeu o Secret\u00e1rio Executivo de Desenvolvimento Econ\u00f4mico de Minas Gerais, Bruno Ara\u00fajo, para o lan\u00e7amento do projeto \u201cCompete Minas\u201d, uma iniciativa do Governo do Estado que vai destinar R$ 50 milh\u00f5es para o financiamento de projetos de desenvolvimento tecnol\u00f3gico e inova\u00e7\u00e3o em Minas Gerais. O evento contou com a presen\u00e7a de empres\u00e1rios, representantes do setor produtivo, startups e institui\u00e7\u00f5es acad\u00eamicas da regi\u00e3o, refor\u00e7ando o interesse crescente da comunidade local nas oportunidades de inova\u00e7\u00e3o e desenvolvimento sustent\u00e1vel. (Pouso Alegre em Foco)<\/span><\/p>\n<p><span><a href=\"https:\/\/pousoalegreemfoco.com.br\/noticia\/2117\/projeto-estadual-compete-minas-chega-regiao-investimento\">https:\/\/pousoalegreemfoco.com.br\/noticia\/2117\/projeto-estadual-compete-minas-chega-regiao-investimento<\/a><\/span><\/p>\n<p><span><\/span><\/p>\n\n<p><strong><span>Hospital realiza procedimento in\u00e9dito\u00a0<\/span><\/strong><\/p>\n<p><span>Neste m\u00eas de junho, a Rede Mater Dei de Sa\u00fade celebra 45 anos de hist\u00f3ria, consolidando-se como refer\u00eancia nacional em inova\u00e7\u00e3o e excel\u00eancia no cuidado ao paciente. As unidades do hospital Contorno e Betim-Contagem realizaram dois procedimentos hemodin\u00e2micos utilizando em primeira m\u00e3o o avan\u00e7ado sistema CoroFlow. Essa tecnologia, in\u00e9dita em Minas Gerais, detecta altera\u00e7\u00f5es n\u00e3o percept\u00edveis em um cateterismo card\u00edaco padr\u00e3o. (Cidade Conecta \u2013 Nova Lima)<\/span><span><\/span><\/p>\n<p><span><a href=\"https:\/\/www.cidadeconecta.com\/bem-estar\/hospital-realiza-procedimento-inedito-em-minas-para-diagnostico-de-doenca-cardiaca\/\">https:\/\/www.cidadeconecta.com\/bem-estar\/hospital-realiza-procedimento-inedito-em-minas-para-diagnostico-de-doenca-cardiaca\/<\/a><\/span><\/p>\n<p><span><\/span><\/p>\n\n<p><strong><span>Vacim\u00f3vel atua em Patroc\u00ednio<\/span><\/strong><\/p>\n<p><span>A Secretaria Municipal de Sa\u00fade de Patroc\u00ednio lan\u00e7ou o Vacim\u00f3vel, um ve\u00edculo itinerante adaptado para oferecer vacina\u00e7\u00e3o em diferentes regi\u00f5es da cidade, incluindo bairros afastados e distritos. A iniciativa, que conta com o apoio do Governo de Minas Gerais, visa aumentar a cobertura vacinal, especialmente para pessoas com dificuldades de acesso \u00e0s unidades de sa\u00fade. O Vacim\u00f3vel est\u00e1 equipado para aplicar todas as vacinas do calend\u00e1rio nacional e atender\u00e1 todas as idades. (Jornal de Patroc\u00ednio)<\/span><\/p>\n<p><span><a href=\"https:\/\/www.jornaldepatrocinio.com\/veiculo-vacimovel-levara-vacinacao-as-varias-regioes-de-patrocinio\">https:\/\/www.jornaldepatrocinio.com\/veiculo-vacimovel-levara-vacinacao-as-varias-regioes-de-patrocinio<\/a><\/span><\/p>\n<p><span><\/span><\/p>\n\n<p><strong><span>UPA Arax\u00e1 ser\u00e1 reformada\u00a0<\/span><\/strong><\/p>\n<p><span>A Unidade de Pronto Atendimento (UPA) de Arax\u00e1 ser\u00e1 reformada com um investimento de R$ 1 milh\u00e3o, proveniente de uma emenda parlamentar. O recurso foi inclu\u00eddo no Or\u00e7amento Geral da Uni\u00e3o de 2025. A iniciativa visa aprimorar as condi\u00e7\u00f5es estruturais para o atendimento de urg\u00eancia e emerg\u00eancia, qualificando a assist\u00eancia \u00e0 popula\u00e7\u00e3o. O prefeito Robson Magela ressaltou a import\u00e2ncia do investimento, afirmando que a reforma garantir\u00e1 \u201cmais conforto, efici\u00eancia e dignidade para os usu\u00e1rios e aos nossos profissionais de sa\u00fade\u201d (Clarim.Net \u2013 Arax\u00e1)<\/span><\/p>\n<p><span><a href=\"https:\/\/clarim.net.br\/upa-araxa-sera-reformada-com-investimento-de-r-1-milhao-de-emenda-parlamentar\/\">https:\/\/clarim.net.br\/upa-araxa-sera-reformada-com-investimento-de-r-1-milhao-de-emenda-parlamentar\/<\/a><\/span><\/p>\n<p><span><\/span><\/p>\n\n<p><strong><span>Copasa e Prefeitura alinham a\u00e7\u00f5es<\/span><\/strong><\/p>\n<p><span>O vice-prefeito Marcelo Martins esteve reunido com a ger\u00eancia regional Vale do A\u00e7o e equipe t\u00e9cnica da concession\u00e1ria prestadora dos servi\u00e7os de distribui\u00e7\u00e3o de \u00e1gua pot\u00e1vel e tratamento de esgoto de Tim\u00f3teo, a Copasa, para alinhar algumas a\u00e7\u00f5es que precisam de uma aten\u00e7\u00e3o redobrada por parte da empresa no munic\u00edpio. Na pauta, os buracos deixados em vias, ap\u00f3s as interven\u00e7\u00f5es da empresa, e a fase de conclus\u00e3o da obra que envolveu a troca de 96 metros de rede de esgoto na Pra\u00e7a 29 de Abril. (Jornal da Cidade)<\/span><\/p>\n<p><span><a href=\"https:\/\/jornaldacidadegv.com.br\/leste-de-minas\/prefeitura-de-timoteo-se-reune-com-copasa-para-alinhamento-de-acoes-necessarias-no-municipio\/\">https:\/\/jornaldacidadegv.com.br\/leste-de-minas\/prefeitura-de-timoteo-se-reune-com-copasa-para-alinhamento-de-acoes-necessarias-no-municipio\/<\/a><\/span><\/p>\n<p><span><\/span><\/p>\n\n<p><strong><span>Tarifas de ped\u00e1gio na MG-050 sobem\u00a0<\/span><\/strong><\/p>\n<p><span>Desde a meia-noite desta sexta-feira, 13 de junho, as tarifas de ped\u00e1gio nas rodovias MG-050, BR-265 e BR-491, administradas pela concession\u00e1ria Via Nascentes, sofreram um reajuste m\u00e9dio de 7%. Com a mudan\u00e7a, os valores para autom\u00f3veis sobem de R$ 8,20 para R$ 8,80, enquanto motocicletas passam de R$ 4,10 para R$ 4,40, e ve\u00edculos de grande porte poder\u00e3o pagar at\u00e9 R$ 52,80. O aumento anual, previsto no contrato de Parceria P\u00fablico-Privada em vigor desde 2008, considera a infla\u00e7\u00e3o pelo IPCA e visa garantir a continuidade dos investimentos em infraestrutura j\u00e1 realizados (Correio Centro Oeste \u2013 Arcos)<\/span><\/p>\n<p><span><a href=\"https:\/\/www.jornalcco.com.br\/tarifas-de-pedagio-na-mg-050-sobem-a-partir-de-sexta-feira-dia-13-com-reajuste-medio-de-7\">https:\/\/www.jornalcco.com.br\/tarifas-de-pedagio-na-mg-050-sobem-a-partir-de-sexta-feira-dia-13-com-reajuste-medio-de-7<\/a><\/span><\/p>\n<p><span><\/span><\/p>\n\n<p><strong><span>Mudan\u00e7as no licenciamento ambiental<\/span><\/strong><\/p>\n<p><span>O governo de Minas Gerais anunciou a dispensa do licenciamento ambiental para propriedades rurais de at\u00e9 1 mil hectares voltadas \u00e0 pecu\u00e1ria extensiva e culturas anuais, medida que agradou o setor produtivo por reduzir burocracias e facilitar o acesso ao cr\u00e9dito e \u00e0 regulariza\u00e7\u00e3o, especialmente para pequenos e m\u00e9dios produtores. Segundo o governo, a mudan\u00e7a visa aliar desenvolvimento \u00e0 sustentabilidade e ser\u00e1 ainda submetida ao Conselho Estadual de Pol\u00edtica Ambiental (Copam). (Di\u00e1rio do Com\u00e9rcio \u2013 Belo Horizonte)<\/span><\/p>\n<p><span><a href=\"https:\/\/diariodocomercio.com.br\/agronegocio\/dispensa-licenciamento-ambiental-propriedades-agrada-setor-produtivo\/\">https:\/\/diariodocomercio.com.br\/agronegocio\/dispensa-licenciamento-ambiental-propriedades-agrada-setor-produtivo\/<\/a><\/span><\/p>\n<p><span><\/span><\/p>\n\n<p>\u00a0<\/p>","protected":false},"excerpt":{"rendered":"<p>Foto: Divulga\u00e7\u00e3o COLUNA MG Principais destaques dos jornais e portais integrantes da rede Sindijori MG\u00a0 www.sindijorimg.com.br &#8220;Compete Minas&#8221; chega ao Sul de Minas A Acipa (Associa\u00e7\u00e3o Comercial e Industrial de Pouso Alegre) recebeu o Secret\u00e1rio Executivo de Desenvolvimento Econ\u00f4mico de Minas Gerais, Bruno Ara\u00fajo, para o lan\u00e7amento do projeto \u201cCompete Minas\u201d, uma iniciativa do Governo [&hellip;]<\/p>\n","protected":false},"author":0,"featured_media":30211,"comment_status":"open","ping_status":"open","sticky":false,"template":"","format":"standard","meta":{"rop_custom_images_group":[],"rop_custom_messages_group":[],"rop_publish_now":"initial","rop_publish_now_accounts":[],"rop_publish_now_history":[],"rop_publish_now_status":"pending","footnotes":""},"categories":[6745],"tags":[],"class_list":["post-30210","post","type-post","status-publish","format-standard","has-post-thumbnail","hentry","category-coluna-sindijori"],"_links":{"self":[{"href":"https:\/\/diariotribuna.com.br\/index.php?rest_route=\/wp\/v2\/posts\/30210"}],"collection":[{"href":"https:\/\/diariotribuna.com.br\/index.php?rest_route=\/wp\/v2\/posts"}],"about":[{"href":"https:\/\/diariotribuna.com.br\/index.php?rest_route=\/wp\/v2\/types\/post"}],"replies":[{"embeddable":true,"href":"https:\/\/diariotribuna.com.br\/index.php?rest_route=%2Fwp%2Fv2%2Fcomments&post=30210"}],"version-history":[{"count":0,"href":"https:\/\/diariotribuna.com.br\/index.php?rest_route=\/wp\/v2\/posts\/30210\/revisions"}],"wp:featuredmedia":[{"embeddable":true,"href":"https:\/\/diariotribuna.com.br\/index.php?rest_route=\/wp\/v2\/media\/30211"}],"wp:attachment":[{"href":"https:\/\/diariotribuna.com.br\/index.php?rest_route=%2Fwp%2Fv2%2Fmedia&parent=30210"}],"wp:term":[{"taxonomy":"category","embeddable":true,"href":"https:\/\/diariotribuna.com.br\/index.php?rest_route=%2Fwp%2Fv2%2Fcategories&post=30210"},{"taxonomy":"post_tag","embeddable":true,"href":"https:\/\/diariotribuna.com.br\/index.php?rest_route=%2Fwp%2Fv2%2Ftags&post=30210"}],"curies":[{"name":"wp","href":"https:\/\/api.w.org\/{rel}","templated":true}]}}