{"id":30216,"date":"2025-06-14T11:04:40","date_gmt":"2025-06-14T14:04:40","guid":{"rendered":"https:\/\/diariotribuna.com.br\/?p=30216"},"modified":"2025-06-14T11:04:40","modified_gmt":"2025-06-14T14:04:40","slug":"projeto-araxa-projeta-200-empregos","status":"publish","type":"post","link":"https:\/\/diariotribuna.com.br\/?p=30216","title":{"rendered":"Projeto Arax\u00e1 projeta 200 empregos\u00a0"},"content":{"rendered":"<p><span>Foto: Reprodu\u00e7\u00e3o<\/span><\/p>\n\n<p><strong><span>COLUNA MG<\/span><\/strong><\/p>\n<p><span>Principais destaques dos jornais e portais integrantes da rede Sindijori MG\u00a0<\/span><\/p>\n<p><span><a href=\"http:\/\/www.sindijorimg.com.br\/\">www.sindijorimg.com.br<\/a>\u00a0<\/span><\/p>\n\n<p><strong><span>Projeto Arax\u00e1 projeta 200 empregos<\/span><\/strong><\/p>\n<p><span>A Prefeitura de Arax\u00e1 recebeu representantes da mineradora australiana St George Mining para tratar do avan\u00e7o do Projeto Arax\u00e1, que prev\u00ea a produ\u00e7\u00e3o de ni\u00f3bio e elementos de terras-raras (REE) no munic\u00edpio. Com sede em Perth, na Austr\u00e1lia, a St George concluiu recentemente a aquisi\u00e7\u00e3o do Projeto Arax\u00e1, de alto teor de ni\u00f3bio e terras-raras. A empresa j\u00e1 iniciou os processos para come\u00e7ar as obras de instala\u00e7\u00e3o previstas para 2026. A proje\u00e7\u00e3o \u00e9 de gera\u00e7\u00e3o de 200 empregos diretos, com 90% dos servi\u00e7os prestados por empresas locais. ((Jornal Intera\u00e7\u00e3o \u2013 Arax\u00e1)<\/span><\/p>\n<p><span><a href=\"https:\/\/www.jornalinteracao.com.br\/araxa-projeta-200-novos-empregos-com-implantacao-do-projeto-de-niobio-e-terras-raras\">https:\/\/www.jornalinteracao.com.br\/araxa-projeta-200-novos-empregos-com-implantacao-do-projeto-de-niobio-e-terras-raras<\/a>\u00a0<\/span><\/p>\n\n<p><strong><span>Uberaba faz boletim sobre viol\u00eancia no tr\u00e2nsito<\/span><\/strong><\/p>\n<p><span>O Departamento de Vigil\u00e2ncia Epidemiol\u00f3gica da Secretaria Municipal de Sa\u00fade de Uberaba publicou o primeiro boletim epidemiol\u00f3gico sobre os casos de viol\u00eancia no tr\u00e2nsito no munic\u00edpio. A publica\u00e7\u00e3o, que marca a inclus\u00e3o oficial do tema como agravo de notifica\u00e7\u00e3o municipal, traz uma an\u00e1lise detalhada das notifica\u00e7\u00f5es registradas entre janeiro de 2023 e dezembro de 2024. Segundo o levantamento, foram registradas 3.059 notifica\u00e7\u00f5es de v\u00edtimas de sinistros de tr\u00e2nsito atendidas nos hospitais e unidades de pronto atendimento de Uberaba durante os 24 meses analisados. (Jornal de Uberaba)<\/span><\/p>\n<p><span><a href=\"https:\/\/www.jornaldeuberaba.com.br\/noticia\/112552\/uberaba-divulga-primeiro-boletim-epidemiologico-sobre-violencia-no-transito-n\">https:\/\/www.jornaldeuberaba.com.br\/noticia\/112552\/uberaba-divulga-primeiro-boletim-epidemiologico-sobre-violencia-no-transito-n<\/a>\u00a0<\/span><\/p>\n\n<p><strong><span>Pirapora apoia empreendedores<\/span><\/strong><\/p>\n<p><span>O munic\u00edpio de Pirapora abriga cerca de cinco mil empresas, entre Microempreendedores Individuais (MEI), Microempresas (ME) e Empresas de Pequeno Porte (EPP). Pensando em fomentar o desenvolvimento desses neg\u00f3cios e incentivar novos empreendedores, o Sebrae Minas, em parceria com a Prefeitura Municipal e a Sala Mineira do Empreendedor, lan\u00e7a no pr\u00f3ximo dia 17 de junho o programa Impulsiona Neg\u00f3cios. O programa traz um conjunto de a\u00e7\u00f5es externas ao fortalecimento empresarial, incluindo cursos, capacita\u00e7\u00f5es, rodadas de neg\u00f3cios e consultorias especializadas. (Gazeta Norte Mineira \u2013 Montes Claros)<\/span><\/p>\n<p><span><a href=\"https:\/\/gazetanm.com.br\/sebrae-minas-e-prefeitura-lancam-programa-impulsao-negocios-em-pirapora\/\">https:\/\/gazetanm.com.br\/sebrae-minas-e-prefeitura-lancam-programa-impulsao-negocios-em-pirapora\/<\/a>\u00a0<\/span><\/p>\n\n<p><strong><span>Parque recebe o Arrai\u00e1 de Po\u00e7os<\/span><\/strong><\/p>\n<p><span>O Parque Municipal Ant\u00f4nio Molinari, em Po\u00e7os de Caldas, sedia at\u00e9 este domingo, 15, o Arrai\u00e1 de Po\u00e7os 2025, que come\u00e7ou dia 13. A festa re\u00fane gastronomia t\u00edpica, m\u00fasica ao vivo e o tradicional Concurso de Quadrilhas, com participa\u00e7\u00e3o de escolas, CEIs e o Projeto Municipal da Juventude, que tamb\u00e9m atuam nas barracas de alimenta\u00e7\u00e3o, cuja renda ser\u00e1 destinada a melhorias nas institui\u00e7\u00f5es. H\u00e1 ainda estandes de cervejarias artesanais locais, \u00e1rea kids e espa\u00e7o acess\u00edvel para pessoas com defici\u00eancia. (Jornal Mantiqueira \u2013 Po\u00e7os de Caldas)<\/span><\/p>\n<p><span><a href=\"https:\/\/www.jornalmantiqueira.com.br\/2025\/06\/12\/parque-municipal-ja-recebe-montagem-da-estrutura-para-o-arraia-de-pocos-2025\/\">https:\/\/www.jornalmantiqueira.com.br\/2025\/06\/12\/parque-municipal-ja-recebe-montagem-da-estrutura-para-o-arraia-de-pocos-2025\/<\/a>\u00a0<\/span><\/p>\n\n<p><strong><span>Andradas zera filas de exames\u00a0<\/span><\/strong><\/p>\n<p><span>A Prefeitura de Andradas anunciou que conseguiu zerar as filas para exames laboratoriais na rede p\u00fablica, proporcionando mais agilidade e organiza\u00e7\u00e3o no atendimento. A iniciativa, resultado de a\u00e7\u00f5es da Secretaria Municipal de Sa\u00fade, tem garantido que os pacientes j\u00e1 saiam das consultas com os pedidos autorizados, acelerando diagn\u00f3sticos e tratamentos. Al\u00e9m disso, o munic\u00edpio j\u00e1 realizou mais de 2.500 exames de imagem em 2025. (Jornal Andradas Hoje)<\/span><\/p>\n<p><span><a href=\"https:\/\/www.jornalandradashoje.com.br\/andradas-zera-filas-para-exames-laboratoriais-e-avanca-em-exames-de-imagem\">https:\/\/www.jornalandradashoje.com.br\/andradas-zera-filas-para-exames-laboratoriais-e-avanca-em-exames-de-imagem<\/a>\u00a0<\/span><\/p>\n\n<p><strong><span>Ipatinga promove Escutas P\u00fablicas<\/span><\/strong><\/p>\n<p><span>A Prefeitura de Ipatinga iniciou, neste s\u00e1bado (14), uma s\u00e9rie de Escutas P\u00fablicas para definir, junto \u00e0 comunidade cultural, como ser\u00e3o utilizados mais de R$ 1,5 milh\u00e3o oriundos da Pol\u00edtica Nacional Aldir Blanc de Fomento \u00e0 Cultura (PNAB \u2013 Ciclo 2). At\u00e9 18 de junho, artistas, coletivos e institui\u00e7\u00f5es participar\u00e3o de f\u00f3runs setoriais \u2014 presenciais e virtuais \u2014 para elaborar o Plano de Aplica\u00e7\u00e3o dos Recursos, que ser\u00e1 submetido \u00e0 plataforma federal Transferegov.br. As propostas ser\u00e3o consolidadas em um encontro na Esta\u00e7\u00e3o Mem\u00f3ria Zeza Souto, no dia 25, e debatidas na 9\u00aa Confer\u00eancia Municipal de Cultura, de 27 a 29 de junho. (Jornal da Cidade \u2013 Governador Valadares)<\/span><\/p>\n<p><span><a href=\"https:\/\/jornaldacidadegv.com.br\/leste-de-minas\/ipatinga-promove-escutas-publicas-para-planejar-uso-de-recursos-da-pnab-ciclo-2\/\">https:\/\/jornaldacidadegv.com.br\/leste-de-minas\/ipatinga-promove-escutas-publicas-para-planejar-uso-de-recursos-da-pnab-ciclo-2\/<\/a>\u00a0<\/span><\/p>\n\n<p><strong><span>Secret\u00e1rios defendem Propag na Assembleia<\/span><\/strong><\/p>\n<p><span>Os titulares das secretarias de Planejamento e Gest\u00e3o (Seplag), Silvia Listgarten, e da Fazenda, Luiz Claudio Gomes, compareceram \u00e0 Assembleia Legislativa de Minas Gerais (ALMG) para apresentar aos deputados as a\u00e7\u00f5es realizadas pelas duas pastas ao longo dos quatro primeiros meses de 2025. A audi\u00eancia p\u00fablica integrou o 1\u00ba ciclo de presta\u00e7\u00e3o de contas no \u00e2mbito do Assembleia Fiscaliza neste ano. (Edi\u00e7\u00e3o do Brasil \u2013 Belo Horizonte)<\/span><\/p>\n<p><span><a href=\"https:\/\/edicaodobrasil.com.br\/2025\/06\/13\/secretarios-apresentam-acoes-e-defendem-o-propag-na-almg\/\">https:\/\/edicaodobrasil.com.br\/2025\/06\/13\/secretarios-apresentam-acoes-e-defendem-o-propag-na-almg\/<\/a>\u00a0<\/span><\/p>\n\n<p>\u00a0<\/p>","protected":false},"excerpt":{"rendered":"<p>Foto: Reprodu\u00e7\u00e3o COLUNA MG Principais destaques dos jornais e portais integrantes da rede Sindijori MG\u00a0 www.sindijorimg.com.br\u00a0 Projeto Arax\u00e1 projeta 200 empregos A Prefeitura de Arax\u00e1 recebeu representantes da mineradora australiana St George Mining para tratar do avan\u00e7o do Projeto Arax\u00e1, que prev\u00ea a produ\u00e7\u00e3o de ni\u00f3bio e elementos de terras-raras (REE) no munic\u00edpio. Com sede [&hellip;]<\/p>\n","protected":false},"author":0,"featured_media":30217,"comment_status":"open","ping_status":"open","sticky":false,"template":"","format":"standard","meta":{"rop_custom_images_group":[],"rop_custom_messages_group":[],"rop_publish_now":"initial","rop_publish_now_accounts":[],"rop_publish_now_history":[],"rop_publish_now_status":"pending","footnotes":""},"categories":[6745],"tags":[],"class_list":["post-30216","post","type-post","status-publish","format-standard","has-post-thumbnail","hentry","category-coluna-sindijori"],"_links":{"self":[{"href":"https:\/\/diariotribuna.com.br\/index.php?rest_route=\/wp\/v2\/posts\/30216"}],"collection":[{"href":"https:\/\/diariotribuna.com.br\/index.php?rest_route=\/wp\/v2\/posts"}],"about":[{"href":"https:\/\/diariotribuna.com.br\/index.php?rest_route=\/wp\/v2\/types\/post"}],"replies":[{"embeddable":true,"href":"https:\/\/diariotribuna.com.br\/index.php?rest_route=%2Fwp%2Fv2%2Fcomments&post=30216"}],"version-history":[{"count":0,"href":"https:\/\/diariotribuna.com.br\/index.php?rest_route=\/wp\/v2\/posts\/30216\/revisions"}],"wp:featuredmedia":[{"embeddable":true,"href":"https:\/\/diariotribuna.com.br\/index.php?rest_route=\/wp\/v2\/media\/30217"}],"wp:attachment":[{"href":"https:\/\/diariotribuna.com.br\/index.php?rest_route=%2Fwp%2Fv2%2Fmedia&parent=30216"}],"wp:term":[{"taxonomy":"category","embeddable":true,"href":"https:\/\/diariotribuna.com.br\/index.php?rest_route=%2Fwp%2Fv2%2Fcategories&post=30216"},{"taxonomy":"post_tag","embeddable":true,"href":"https:\/\/diariotribuna.com.br\/index.php?rest_route=%2Fwp%2Fv2%2Ftags&post=30216"}],"curies":[{"name":"wp","href":"https:\/\/api.w.org\/{rel}","templated":true}]}}