{"id":30224,"date":"2025-06-15T09:17:02","date_gmt":"2025-06-15T12:17:02","guid":{"rendered":"https:\/\/diariotribuna.com.br\/?p=30224"},"modified":"2025-06-15T09:21:41","modified_gmt":"2025-06-15T12:21:41","slug":"70o-bpm-promove-evento-de-integracao-e-valorizacao-da-saude-e-tecnica-policial","status":"publish","type":"post","link":"https:\/\/diariotribuna.com.br\/?p=30224","title":{"rendered":"70\u00ba BPM promove evento de integra\u00e7\u00e3o e valoriza\u00e7\u00e3o da sa\u00fade e t\u00e9cnica policial"},"content":{"rendered":"\n<figure class=\"wp-block-image size-full is-resized\"><img loading=\"lazy\" decoding=\"async\" width=\"700\" height=\"402\" src=\"https:\/\/diariotribuna.com.br\/wp-content\/uploads\/2025\/06\/1.jpg\" alt=\"\" class=\"wp-image-30225\" style=\"width:562px;height:auto\" srcset=\"https:\/\/diariotribuna.com.br\/wp-content\/uploads\/2025\/06\/1.jpg 700w, https:\/\/diariotribuna.com.br\/wp-content\/uploads\/2025\/06\/1-300x172.jpg 300w, https:\/\/diariotribuna.com.br\/wp-content\/uploads\/2025\/06\/1-696x400.jpg 696w\" sizes=\"(max-width: 700px) 100vw, 700px\" \/><\/figure>\n\n\n\n<p>O 70\u00ba Batalh\u00e3o de Pol\u00edcia Militar de Ara\u00e7ua\u00ed realizou na ter\u00e7a-feira (10\/6) um evento que uniu sa\u00fade, capacita\u00e7\u00e3o e integra\u00e7\u00e3o entre for\u00e7as de seguran\u00e7a e atendimento emergencial. A programa\u00e7\u00e3o contou com a realiza\u00e7\u00e3o do projeto Pr\u00f3-Sa\u00fade, em parceria com a Farm\u00e1cia Indiana, al\u00e9m da presen\u00e7a da equipe do Samu, Corpo de Bombeiros e da Pol\u00edcia Civil, representada pelo Delegado Regional Thiago Carvalho Passos.<\/p>\n\n\n\n<p>Os militares participaram de aferi\u00e7\u00e3o de press\u00e3o, teste de glicemia, orienta\u00e7\u00e3o farmac\u00eautica e exposi\u00e7\u00e3o dos principais equipamentos de atendimento pr\u00e9-hospitalar, promovida pela equipe do Samu. Um dos destaques da programa\u00e7\u00e3o foi o Campeonato de Abordagem Policial, que reuniu equipes do 70\u00ba BPM em uma competi\u00e7\u00e3o saud\u00e1vel e altamente t\u00e9cnica, com foco na padroniza\u00e7\u00e3o de procedimentos e no aperfei\u00e7oamento das a\u00e7\u00f5es operacionais.<\/p>\n\n\n\n<figure class=\"wp-block-gallery has-nested-images columns-default is-cropped wp-block-gallery-1 is-layout-flex wp-block-gallery-is-layout-flex\">\n<figure class=\"wp-block-image size-large\"><img loading=\"lazy\" decoding=\"async\" width=\"700\" height=\"391\" data-id=\"30226\" src=\"https:\/\/diariotribuna.com.br\/wp-content\/uploads\/2025\/06\/3.jpg\" alt=\"\" class=\"wp-image-30226\" srcset=\"https:\/\/diariotribuna.com.br\/wp-content\/uploads\/2025\/06\/3.jpg 700w, https:\/\/diariotribuna.com.br\/wp-content\/uploads\/2025\/06\/3-300x168.jpg 300w, https:\/\/diariotribuna.com.br\/wp-content\/uploads\/2025\/06\/3-696x389.jpg 696w\" sizes=\"(max-width: 700px) 100vw, 700px\" \/><\/figure>\n\n\n\n<figure class=\"wp-block-image size-large\"><img loading=\"lazy\" decoding=\"async\" width=\"700\" height=\"417\" data-id=\"30227\" src=\"https:\/\/diariotribuna.com.br\/wp-content\/uploads\/2025\/06\/2.jpg\" alt=\"\" class=\"wp-image-30227\" srcset=\"https:\/\/diariotribuna.com.br\/wp-content\/uploads\/2025\/06\/2.jpg 700w, https:\/\/diariotribuna.com.br\/wp-content\/uploads\/2025\/06\/2-300x179.jpg 300w, https:\/\/diariotribuna.com.br\/wp-content\/uploads\/2025\/06\/2-696x415.jpg 696w\" sizes=\"(max-width: 700px) 100vw, 700px\" \/><\/figure>\n<\/figure>\n\n\n\n<p>As equipes classificadas em 1\u00ba, 2\u00ba e 3\u00ba lugares foram premiadas e reconhecidas pelo excelente desempenho. \u201cO evento refor\u00e7a o compromisso do 70\u00ba BPM com o bem-estar dos seus profissionais e a constante busca pela excel\u00eancia no servi\u00e7o prestado \u00e0 sociedade\u201d, disseram os organizadores. (Informa\u00e7\u00f5es\/Fotos: assessoria de comunica\u00e7\u00e3o do 70\u00ba BPM, Ara\u00e7ua\u00ed).<\/p>\n","protected":false},"excerpt":{"rendered":"<p>O 70\u00ba Batalh\u00e3o de Pol\u00edcia Militar de Ara\u00e7ua\u00ed realizou na ter\u00e7a-feira (10\/6) um evento que uniu sa\u00fade, capacita\u00e7\u00e3o e integra\u00e7\u00e3o entre for\u00e7as de seguran\u00e7a e atendimento emergencial. A programa\u00e7\u00e3o contou com a realiza\u00e7\u00e3o do projeto Pr\u00f3-Sa\u00fade, em parceria com a Farm\u00e1cia Indiana, al\u00e9m da presen\u00e7a da equipe do Samu, Corpo de Bombeiros e da Pol\u00edcia [&hellip;]<\/p>\n","protected":false},"author":1,"featured_media":30225,"comment_status":"open","ping_status":"open","sticky":false,"template":"","format":"standard","meta":{"rop_custom_images_group":[],"rop_custom_messages_group":[],"rop_publish_now":"initial","rop_publish_now_accounts":[],"rop_publish_now_history":[],"rop_publish_now_status":"pending","footnotes":""},"categories":[25,20],"tags":[4257,380,3558,292,76,243,7213],"class_list":["post-30224","post","type-post","status-publish","format-standard","has-post-thumbnail","hentry","category-destaque","category-policia","tag-70o-bpm","tag-aracuai","tag-integracao","tag-policia-civil","tag-policia-militar","tag-saude","tag-tecnica-policial"],"_links":{"self":[{"href":"https:\/\/diariotribuna.com.br\/index.php?rest_route=\/wp\/v2\/posts\/30224"}],"collection":[{"href":"https:\/\/diariotribuna.com.br\/index.php?rest_route=\/wp\/v2\/posts"}],"about":[{"href":"https:\/\/diariotribuna.com.br\/index.php?rest_route=\/wp\/v2\/types\/post"}],"author":[{"embeddable":true,"href":"https:\/\/diariotribuna.com.br\/index.php?rest_route=\/wp\/v2\/users\/1"}],"replies":[{"embeddable":true,"href":"https:\/\/diariotribuna.com.br\/index.php?rest_route=%2Fwp%2Fv2%2Fcomments&post=30224"}],"version-history":[{"count":1,"href":"https:\/\/diariotribuna.com.br\/index.php?rest_route=\/wp\/v2\/posts\/30224\/revisions"}],"predecessor-version":[{"id":30228,"href":"https:\/\/diariotribuna.com.br\/index.php?rest_route=\/wp\/v2\/posts\/30224\/revisions\/30228"}],"wp:featuredmedia":[{"embeddable":true,"href":"https:\/\/diariotribuna.com.br\/index.php?rest_route=\/wp\/v2\/media\/30225"}],"wp:attachment":[{"href":"https:\/\/diariotribuna.com.br\/index.php?rest_route=%2Fwp%2Fv2%2Fmedia&parent=30224"}],"wp:term":[{"taxonomy":"category","embeddable":true,"href":"https:\/\/diariotribuna.com.br\/index.php?rest_route=%2Fwp%2Fv2%2Fcategories&post=30224"},{"taxonomy":"post_tag","embeddable":true,"href":"https:\/\/diariotribuna.com.br\/index.php?rest_route=%2Fwp%2Fv2%2Ftags&post=30224"}],"curies":[{"name":"wp","href":"https:\/\/api.w.org\/{rel}","templated":true}]}}