{"id":30246,"date":"2025-06-16T11:50:06","date_gmt":"2025-06-16T14:50:06","guid":{"rendered":"https:\/\/diariotribuna.com.br\/?p=30246"},"modified":"2025-06-16T11:50:06","modified_gmt":"2025-06-16T14:50:06","slug":"ipatinga-investe-68-milhoes-no-transporte","status":"publish","type":"post","link":"https:\/\/diariotribuna.com.br\/?p=30246","title":{"rendered":"Ipatinga investe 68 milh\u00f5es no transporte\u00a0"},"content":{"rendered":"<p><span>Foto: Reprodu\u00e7\u00e3o JV<\/span><\/p>\n\n<p><strong><span>COLUNA MG<\/span><\/strong><\/p>\n<p><span>Principais destaques dos jornais e portais integrantes da rede Sindijori MG\u00a0<\/span><\/p>\n<p><span><a href=\"http:\/\/www.sindijorimg.com.br\/\">www.sindijorimg.com.br<\/a>\u00a0<\/span><\/p>\n\n\n<p><strong><span>Ipatinga investe 68 milh\u00f5es no transporte<\/span><\/strong><\/p>\n<p><span>O prefeito Gustavo Nunes, de Ipatinga, assinou com a Caixa Econ\u00f4mica Federal a contrata\u00e7\u00e3o de cr\u00e9dito para aquisi\u00e7\u00e3o de 80 novos \u00f4nibus para o transporte p\u00fablico municipal. No dia 13\/05, a C\u00e2mara Municipal aprovou por unanimidade o projeto de lei que permite a opera\u00e7\u00e3o de cr\u00e9dito para a compra dos novos \u00f4nibus. Todos os ve\u00edculos novos ser\u00e3o comprados com sistema de ar condicionado e wi fi.\u00a0 Ser\u00e3o mais de 68 milh\u00f5es investidos na compra desses ve\u00edculos, sendo que 65 milh\u00f5es s\u00e3o provenientes de recursos do Novo PAC do governo federal. (Jornal dos Vales)<\/span><\/p>\n<p><span><a href=\"https:\/\/www.jornaldosvales.com.br\/noticia\/55468\/prefeitura-de-ipatinga-inicia-compra-de-80-novos-onibus-com-ar-condicionado\">https:\/\/www.jornaldosvales.com.br\/noticia\/55468\/prefeitura-de-ipatinga-inicia-compra-de-80-novos-onibus-com-ar-condicionado<\/a>\u00a0<\/span><\/p>\n\n<p><strong><span>Rede Ibis chega a Varginha\u00a0<\/span><\/strong><\/p>\n<p><span>A cidade de Varginha acaba de receber uma importante novidade no setor de turismo e hospedagem. Trata-se da chegada da bandeira Ibis, da rede internacional Accor, em um movimento estrat\u00e9gico voltado para o fortalecimento do polo hoteleiro local. O novo empreendimento promete oferecer estrutura moderna e completa, contando com bar, restaurante, sala de conven\u00e7\u00f5es, academia e um deck externo, ideal para momentos de lazer e eventos sociais. (O Debate \u2013 Varginha)<\/span><\/p>\n<p><span><a href=\"https:\/\/www.odebatenoticias.com.br\/post\/rede-ibis-chega-a-varginha-com-projeto-ousado-para-impulsionar-polo-hoteleiro\">https:\/\/www.odebatenoticias.com.br\/post\/rede-ibis-chega-a-varginha-com-projeto-ousado-para-impulsionar-polo-hoteleiro<\/a>\u00a0<\/span><\/p>\n\n<p><strong><span>Sul de Minas produzir\u00e1 ma\u00e7\u00e3s<\/span><\/strong><\/p>\n<p><span>Produzir ma\u00e7\u00e3s no Sul de Minas \u00e9 uma atividade recente, mas que est\u00e1 chamando cada vez mais a aten\u00e7\u00e3o dos produtores. A \u00e1rea plantada, que atualmente \u00e9 de 7,2 hectares, deve passar para 10,2 hectares no segundo semestre. Um crescimento de quase 42%. O aumento \u00e9 explicado pela recente aquisi\u00e7\u00e3o de 2 mil mudas de ma\u00e7\u00e3s, feita em conjunto por um grupo de 20 produtores dos munic\u00edpios de Arceburgo, Areado, Alfenas, Botelhos, Bom Jesus da Penha, Carvalh\u00f3polis, C\u00e1ssia, Guaran\u00e9sia, Guaxup\u00e9, Itamogi, Machado, Monte Santo de Minas, Paragua\u00e7u, Po\u00e7o Fundo e S\u00e3o Pedro da Uni\u00e3o. As mudas, provenientes de viveiros do sul do pa\u00eds, chegam em julho. (Estrada Nacional)<\/span><\/p>\n<p><span><a href=\"https:\/\/www.estradanacional.info\/post\/%C3%A1rea-plantada-com-ma%C3%A7%C3%A3s-no-sul-de-minas-deve-crescer-mais-de-40-este-ano\">https:\/\/www.estradanacional.info\/post\/%C3%A1rea-plantada-com-ma%C3%A7%C3%A3s-no-sul-de-minas-deve-crescer-mais-de-40-este-ano<\/a>\u00a0<\/span><\/p>\n\n<p><strong><span>35 milh\u00f5es em neg\u00f3cios na Expass Agro<\/span><\/strong><\/p>\n<p><span>A Expass Agro, uma das mais relevantes feiras do agroneg\u00f3cio no Sul de Minas, chega \u00e0 sua edi\u00e7\u00e3o 2025 com expectativa de bater recordes de p\u00fablico, no Torneio Leiteiro e no volume de neg\u00f3cios. Promovida pelo Sindicato dos Produtores Rurais de Passos (SinRural), a feira ser\u00e1 realizada de 25 a 28 de junho, no Parque de Exposi\u00e7\u00f5es Adolpho Coelho Lemos. Com uma programa\u00e7\u00e3o diversificada e voltada ao produtor rural, t\u00e9cnicos, empreendedores e estudantes, a Expass Agro reunir\u00e1 mais de 50 empresas expositoras, que apresentar\u00e3o as \u00faltimas inova\u00e7\u00f5es em produtos, servi\u00e7os e tecnologias para o setor. A expectativa \u00e9 receber cerca de 70 mil visitantes durante os oito dias do evento (contando com os torneios leiteiros que come\u00e7am dia 23 de junho) e movimentar mais de R$ 35 milh\u00f5es em neg\u00f3cios, superando os n\u00fameros de 2024. (Folha da Manh\u00e3 \u2013 Passos)<\/span><\/p>\n<p><span><a href=\"https:\/\/clicfolha.com.br\/expass-agro-2025-deve-movimentar-mais-de-r-35-milhoes-em-negocios\/\">https:\/\/clicfolha.com.br\/expass-agro-2025-deve-movimentar-mais-de-r-35-milhoes-em-negocios\/<\/a>\u00a0<\/span><\/p>\n\n<p><strong><span>Medina tem agendamento de identidade<\/span><\/strong><\/p>\n<p><span>A Pol\u00edcia Civil de Minas Gerais implantou, em Medina, no o agendamento online para emiss\u00e3o da carteira de identidade. A emiss\u00e3o do documento, oferecida por meio do Instituto de Identifica\u00e7\u00e3o, est\u00e1 dispon\u00edvel \u00e0 popula\u00e7\u00e3o de Medina na sede da delegacia de Pol\u00edcia Civil. \u201cO agendamento online permite a otimiza\u00e7\u00e3o do servi\u00e7o prestado. Com o novo sistema, agendar a emiss\u00e3o da carteira de identidade ficou mais f\u00e1cil, r\u00e1pido e seguro\u201d, destaca o delegado Danilo Fernandes Souza. (Di\u00e1rio Tribuna \u2013 Te\u00f3filo Otoni)<\/span><\/p>\n<p><span><a href=\"https:\/\/diariotribuna.com.br\/?p=30221\">https:\/\/diariotribuna.com.br\/?p=30221<\/a>\u00a0<\/span><\/p>\n\n<p><strong><span>Com\u00e9rcio no feriado apenas no shopping<\/span><\/strong><\/p>\n<p><span>O com\u00e9rcio lojista em Divin\u00f3polis durante o feriado de Corpus Christi na pr\u00f3xima quinta (19) est\u00e1 autorizado a funcionar apenas no Shopping P\u00e1tio. Essa \u00e9 a defini\u00e7\u00e3o do Sindicato do Com\u00e9rcio Varejista de Divin\u00f3polis (SinCom\u00e9rcio) e o Sindicato dos Empregados no Com\u00e9rcio Varejista e Atacadista de Divin\u00f3polis e Regi\u00e3o Centro-Oeste durante conven\u00e7\u00e3o coletiva. A convoca\u00e7\u00e3o do trabalho para o com\u00e9rcio em geral nesta data est\u00e1 proibida. (Portal MPA \u2013 Divin\u00f3polis)<\/span><\/p>\n<p><span><a href=\"https:\/\/www.sistemampa.com.br\/noticias\/divinopolis\/comercio-em-divinopolis-no-corpus-christi-funcionara-apenas-no-shopping-patio\/\">https:\/\/www.sistemampa.com.br\/noticias\/divinopolis\/comercio-em-divinopolis-no-corpus-christi-funcionara-apenas-no-shopping-patio\/<\/a>\u00a0<\/span><\/p>\n\n<p><strong><span>Araguari faz campanha de inverno<\/span><\/strong><\/p>\n<p><span>Com a queda das temperaturas, milhares de pessoas enfrentam o frio sem a prote\u00e7\u00e3o adequada. Para amenizar essa realidade, a Prefeitura de Araguari, em parceria com diversas entidades, realiza a campanha \u201cAbrace com Agasalho\u201d, mobilizando a popula\u00e7\u00e3o para a doa\u00e7\u00e3o de roupas de inverno e itens essenciais. A campanha tem como foco atender crian\u00e7as, idosos, pessoas em situa\u00e7\u00e3o de rua e fam\u00edlias em condi\u00e7\u00e3o de vulnerabilidade social. As doa\u00e7\u00f5es podem ser feitas at\u00e9 o dia 30 de junho, em pontos estrat\u00e9gicos distribu\u00eddos pela cidade. (Gazeta do Tri\u00e2ngulo \u2013 Araguari)<\/span><\/p>\n<p><span><a href=\"https:\/\/gazetadotriangulo-br.diariomineiro.net\/araguari-arrecada-agasalhos-para-populacao-em-vulnerabilidade\/\">https:\/\/gazetadotriangulo-br.diariomineiro.net\/araguari-arrecada-agasalhos-para-populacao-em-vulnerabilidade\/<\/a>\u00a0<\/span><\/p>\n\n<p>\u00a0<\/p>","protected":false},"excerpt":{"rendered":"<p>Foto: Reprodu\u00e7\u00e3o JV COLUNA MG Principais destaques dos jornais e portais integrantes da rede Sindijori MG\u00a0 www.sindijorimg.com.br\u00a0 Ipatinga investe 68 milh\u00f5es no transporte O prefeito Gustavo Nunes, de Ipatinga, assinou com a Caixa Econ\u00f4mica Federal a contrata\u00e7\u00e3o de cr\u00e9dito para aquisi\u00e7\u00e3o de 80 novos \u00f4nibus para o transporte p\u00fablico municipal. No dia 13\/05, a C\u00e2mara [&hellip;]<\/p>\n","protected":false},"author":0,"featured_media":30247,"comment_status":"open","ping_status":"open","sticky":false,"template":"","format":"standard","meta":{"rop_custom_images_group":[],"rop_custom_messages_group":[],"rop_publish_now":"initial","rop_publish_now_accounts":[],"rop_publish_now_history":[],"rop_publish_now_status":"pending","footnotes":""},"categories":[6745],"tags":[],"class_list":["post-30246","post","type-post","status-publish","format-standard","has-post-thumbnail","hentry","category-coluna-sindijori"],"_links":{"self":[{"href":"https:\/\/diariotribuna.com.br\/index.php?rest_route=\/wp\/v2\/posts\/30246"}],"collection":[{"href":"https:\/\/diariotribuna.com.br\/index.php?rest_route=\/wp\/v2\/posts"}],"about":[{"href":"https:\/\/diariotribuna.com.br\/index.php?rest_route=\/wp\/v2\/types\/post"}],"replies":[{"embeddable":true,"href":"https:\/\/diariotribuna.com.br\/index.php?rest_route=%2Fwp%2Fv2%2Fcomments&post=30246"}],"version-history":[{"count":0,"href":"https:\/\/diariotribuna.com.br\/index.php?rest_route=\/wp\/v2\/posts\/30246\/revisions"}],"wp:featuredmedia":[{"embeddable":true,"href":"https:\/\/diariotribuna.com.br\/index.php?rest_route=\/wp\/v2\/media\/30247"}],"wp:attachment":[{"href":"https:\/\/diariotribuna.com.br\/index.php?rest_route=%2Fwp%2Fv2%2Fmedia&parent=30246"}],"wp:term":[{"taxonomy":"category","embeddable":true,"href":"https:\/\/diariotribuna.com.br\/index.php?rest_route=%2Fwp%2Fv2%2Fcategories&post=30246"},{"taxonomy":"post_tag","embeddable":true,"href":"https:\/\/diariotribuna.com.br\/index.php?rest_route=%2Fwp%2Fv2%2Ftags&post=30246"}],"curies":[{"name":"wp","href":"https:\/\/api.w.org\/{rel}","templated":true}]}}