{"id":30257,"date":"2025-06-16T22:39:41","date_gmt":"2025-06-17T01:39:41","guid":{"rendered":"https:\/\/diariotribuna.com.br\/?p=30257"},"modified":"2025-06-24T17:11:37","modified_gmt":"2025-06-24T20:11:37","slug":"prf-registra-colisao-entre-automoveis-na-br-116-na-serra-do-honorio","status":"publish","type":"post","link":"https:\/\/diariotribuna.com.br\/?p=30257","title":{"rendered":"PRF registra colis\u00e3o entre autom\u00f3veis na BR 116, na Serra do Hon\u00f3rio"},"content":{"rendered":"\n<figure class=\"wp-block-image size-full is-resized\"><img loading=\"lazy\" decoding=\"async\" width=\"700\" height=\"378\" src=\"https:\/\/diariotribuna.com.br\/wp-content\/uploads\/2025\/06\/Imagem-do-WhatsApp-de-2025-06-16-as-22.36.44_7f5e4ea4.jpg\" alt=\"\" class=\"wp-image-30260\" style=\"width:495px;height:auto\" srcset=\"https:\/\/diariotribuna.com.br\/wp-content\/uploads\/2025\/06\/Imagem-do-WhatsApp-de-2025-06-16-as-22.36.44_7f5e4ea4.jpg 700w, https:\/\/diariotribuna.com.br\/wp-content\/uploads\/2025\/06\/Imagem-do-WhatsApp-de-2025-06-16-as-22.36.44_7f5e4ea4-300x162.jpg 300w, https:\/\/diariotribuna.com.br\/wp-content\/uploads\/2025\/06\/Imagem-do-WhatsApp-de-2025-06-16-as-22.36.44_7f5e4ea4-696x376.jpg 696w\" sizes=\"(max-width: 700px) 100vw, 700px\" \/><\/figure>\n\n\n\n<div style=\"height:4px\" aria-hidden=\"true\" class=\"wp-block-spacer\"><\/div>\n\n\n\n<p><strong>TE\u00d3FILO OTONI &#8211;<\/strong> A Pol\u00edcia Rodovi\u00e1ria Federal registou o acidente ocorrido na noite desta segunda-feira, 16 de junho, na BR 116, na conhecida Serra do Hon\u00f3rio, em Te\u00f3filo Otoni, sentido Catuji, colis\u00e3o entre autom\u00f3veis. Entre as v\u00edtimas est\u00e1 o padre Geraldo Divino dos Santos, p\u00e1roco da Par\u00f3quia S\u00e3o Jos\u00e9 Oper\u00e1rio, em Nanuque.<\/p>\n\n\n\n<p>Padre Divino tamb\u00e9m j\u00e1 trabalhou por muitos anos em Ladainha, onde reside seus familiares, e na Par\u00f3quia Santo Ant\u00f4nio \u2013 na Vila S\u00e3o Jo\u00e3o, em Te\u00f3filo Otoni. Apesar da gravidade do acidente, felizmente, sem registro de v\u00edtima fatal. As causas e circunst\u00e2ncias do acidente ainda est\u00e3o sendo apuradas pelos \u00f3rg\u00e3os de seguran\u00e7a p\u00fablica. (Foto: Divulga\u00e7\u00e3o).<\/p>\n","protected":false},"excerpt":{"rendered":"<p>TE\u00d3FILO OTONI &#8211; A Pol\u00edcia Rodovi\u00e1ria Federal registou o acidente ocorrido na noite desta segunda-feira, 16 de junho, na BR 116, na conhecida Serra do Hon\u00f3rio, em Te\u00f3filo Otoni, sentido Catuji, colis\u00e3o entre autom\u00f3veis. Entre as v\u00edtimas est\u00e1 o padre Geraldo Divino dos Santos, p\u00e1roco da Par\u00f3quia S\u00e3o Jos\u00e9 Oper\u00e1rio, em Nanuque. Padre Divino tamb\u00e9m [&hellip;]<\/p>\n","protected":false},"author":1,"featured_media":30258,"comment_status":"open","ping_status":"open","sticky":false,"template":"","format":"standard","meta":{"rop_custom_images_group":[],"rop_custom_messages_group":[],"rop_publish_now":"initial","rop_publish_now_accounts":[],"rop_publish_now_history":[],"rop_publish_now_status":"pending","footnotes":""},"categories":[19],"tags":[7217,1382,688,7218,4141,75],"class_list":["post-30257","post","type-post","status-publish","format-standard","has-post-thumbnail","hentry","category-gerais","tag-automoveis","tag-br-116-2","tag-colisao","tag-padre-divino","tag-serra-do-honorio","tag-teofilo-otoni"],"_links":{"self":[{"href":"https:\/\/diariotribuna.com.br\/index.php?rest_route=\/wp\/v2\/posts\/30257"}],"collection":[{"href":"https:\/\/diariotribuna.com.br\/index.php?rest_route=\/wp\/v2\/posts"}],"about":[{"href":"https:\/\/diariotribuna.com.br\/index.php?rest_route=\/wp\/v2\/types\/post"}],"author":[{"embeddable":true,"href":"https:\/\/diariotribuna.com.br\/index.php?rest_route=\/wp\/v2\/users\/1"}],"replies":[{"embeddable":true,"href":"https:\/\/diariotribuna.com.br\/index.php?rest_route=%2Fwp%2Fv2%2Fcomments&post=30257"}],"version-history":[{"count":1,"href":"https:\/\/diariotribuna.com.br\/index.php?rest_route=\/wp\/v2\/posts\/30257\/revisions"}],"predecessor-version":[{"id":30261,"href":"https:\/\/diariotribuna.com.br\/index.php?rest_route=\/wp\/v2\/posts\/30257\/revisions\/30261"}],"wp:featuredmedia":[{"embeddable":true,"href":"https:\/\/diariotribuna.com.br\/index.php?rest_route=\/wp\/v2\/media\/30258"}],"wp:attachment":[{"href":"https:\/\/diariotribuna.com.br\/index.php?rest_route=%2Fwp%2Fv2%2Fmedia&parent=30257"}],"wp:term":[{"taxonomy":"category","embeddable":true,"href":"https:\/\/diariotribuna.com.br\/index.php?rest_route=%2Fwp%2Fv2%2Fcategories&post=30257"},{"taxonomy":"post_tag","embeddable":true,"href":"https:\/\/diariotribuna.com.br\/index.php?rest_route=%2Fwp%2Fv2%2Ftags&post=30257"}],"curies":[{"name":"wp","href":"https:\/\/api.w.org\/{rel}","templated":true}]}}