{"id":30262,"date":"2025-06-17T11:29:07","date_gmt":"2025-06-17T14:29:07","guid":{"rendered":"https:\/\/diariotribuna.com.br\/?p=30262"},"modified":"2025-06-17T11:29:07","modified_gmt":"2025-06-17T14:29:07","slug":"samu-de-minas-com-deficit-de-568-mi","status":"publish","type":"post","link":"https:\/\/diariotribuna.com.br\/?p=30262","title":{"rendered":"Samu de Minas com d\u00e9ficit de 56,8 mi\u00a0"},"content":{"rendered":"<p><span>Foto: Reprodu\u00e7\u00e3o FP<\/span><\/p>\n\n<p><strong><span>COLUNA MG<\/span><\/strong><\/p>\n<p><span>Principais destaques dos jornais e portais integrantes da rede Sindijori MG\u00a0<\/span><\/p>\n<p><span><a href=\"http:\/\/www.sindijorimg.com.br\/\">www.sindijorimg.com.br<\/a><\/span><\/p>\n<p><span><\/span><\/p>\n\n<p><strong><span>Samu de Minas com d\u00e9ficit de 56,8 mi<\/span><\/strong><\/p>\n<p><span>O Servi\u00e7o de Atendimento M\u00f3vel de Urg\u00eancia (Samu 192) de Minas Gerais enfrenta risco de colapso devido a um d\u00e9ficit previsto de R$ 56,8 milh\u00f5es em 2025, causado por repasses federais insuficientes. Os dez cons\u00f3rcios intermunicipais respons\u00e1veis pelo servi\u00e7o denunciam que a Uni\u00e3o n\u00e3o tem cumprido a obriga\u00e7\u00e3o de arcar com 50% do custeio, gerando atrasos, sal\u00e1rios defasados e amea\u00e7a de paralisa\u00e7\u00e3o. As regi\u00f5es mais afetadas incluem o Sul de Minas, a Regi\u00e3o Metropolitana e o Norte do estado. Os cons\u00f3rcios j\u00e1 apelaram \u00e0 bancada mineira. (Folha Povo Ita\u00fana)<\/span><\/p>\n<p><span><a href=\"https:\/\/www.folhapovoitauna.com.br\/samu-de-minas-gerais-a-beira-do-colapso-por-deficit-de-r-5\">https:\/\/www.folhapovoitauna.com.br\/samu-de-minas-gerais-a-beira-do-colapso-por-deficit-de-r-5<\/a><\/span><\/p>\n\n<p><strong><span>Mineiros t\u00eam imagem positiva do agro<\/span><\/strong><\/p>\n<p><span>Uma pesquisa da Quaest em parceria com a Faemg revelou que 80% dos mineiros t\u00eam uma imagem positiva da agropecu\u00e1ria, considerada a principal atividade econ\u00f4mica do estado (43%), \u00e0 frente da minera\u00e7\u00e3o (24%). Os principais motivos apontados s\u00e3o gera\u00e7\u00e3o de empregos e produ\u00e7\u00e3o de qualidade (24% cada), al\u00e9m da contribui\u00e7\u00e3o para o desenvolvimento (16%). A imagem do produtor rural tamb\u00e9m \u00e9 bem avaliada, sendo visto como trabalhador (91%) e honesto (75%). Houve ainda aumento na participa\u00e7\u00e3o dos produtores em cursos de forma\u00e7\u00e3o t\u00e9cnica. (Cidade Conecta \u2013 Nova Lima)<\/span><\/p>\n<p><span><a href=\"https:\/\/www.cidadeconecta.com\/noticias\/pesquisa-revela-que-80-dos-mineiros-tem-imagem-positiva-do-agro\/\">https:\/\/www.cidadeconecta.com\/noticias\/pesquisa-revela-que-80-dos-mineiros-tem-imagem-positiva-do-agro\/<\/a><\/span><\/p>\n<p><span><\/span><\/p>\n\n<p><strong><span>Campanha odontol\u00f3gica em Araguari<\/span><\/strong><\/p>\n<p><span>A Prefeitura de Araguari lan\u00e7ou a campanha \u201cSorrisos de Estrela\u201d para oferecer atendimento odontol\u00f3gico gratuito \u00e0 popula\u00e7\u00e3o, com foco em preven\u00e7\u00e3o, cl\u00ednica geral e urg\u00eancias. A iniciativa visa reduzir a demanda reprimida, melhorar a sa\u00fade bucal e ampliar os tratamentos conclu\u00eddos nas Unidades B\u00e1sicas de Sa\u00fade e no Centro de Especialidades Odontol\u00f3gicas (CEO), incluindo atendimentos espec\u00edficos para crian\u00e7as do CAPS Infantil e portadores de necessidades especiais. (Gazeta do Tri\u00e2ngulo \u2013 Araguari)<\/span><\/p>\n<p><span><a href=\"https:\/\/gazetadotriangulo.com.br\/campanha-sorrisos-de-estrela-leva-atendimento-odontologico-gratuito-a-populacao\/\">https:\/\/gazetadotriangulo.com.br\/campanha-sorrisos-de-estrela-leva-atendimento-odontologico-gratuito-a-populacao\/<\/a><\/span><\/p>\n<p><span><\/span><\/p>\n\n<p><strong><span>Arax\u00e1 vai construir Caps AD<\/span><\/strong><\/p>\n<p><span>A Prefeitura de Arax\u00e1 assinou a ordem de servi\u00e7o para a constru\u00e7\u00e3o do novo CAPS AD (Centro de Aten\u00e7\u00e3o Psicossocial \u00c1lcool e Drogas) no bairro Alvorada, em uma \u00e1rea de 559,97 m\u00b2 pr\u00f3xima ao Centro Administrativo e \u00e0 UPA, o que facilitar\u00e1 a integra\u00e7\u00e3o entre os servi\u00e7os de sa\u00fade. Com investimento de R$ 2,08 milh\u00f5es do Governo Federal, o projeto contar\u00e1 com estrutura acess\u00edvel e humanizada, incluindo consult\u00f3rios, salas de grupo, posto de enfermagem, refeit\u00f3rio e espa\u00e7os de conviv\u00eancia. (Clarim.Net \u2013 Arax\u00e1)<\/span><\/p>\n<p><span><a href=\"https:\/\/clarim.net.br\/prefeitura-assina-ordem-de-servico-para-construcao-do-caps-ad-no-bairro-alvorada\/\">https:\/\/clarim.net.br\/prefeitura-assina-ordem-de-servico-para-construcao-do-caps-ad-no-bairro-alvorada\/<\/a><\/span><\/p>\n<p><span><\/span><\/p>\n\n<p><strong><span>Po\u00e7os promove corte de gastos<\/span><\/strong><\/p>\n<p><span>Por determina\u00e7\u00e3o do prefeito Paulo Ney, a Prefeitura de Po\u00e7os de Caldas publicou nesta segunda-feira, 16, um decreto que institui um amplo conjunto de medidas com o objetivo de reduzir despesas no \u00e2mbito da administra\u00e7\u00e3o p\u00fablica direta. A iniciativa tem como principal finalidade garantir a estabilidade financeira do munic\u00edpio e o cumprimento de suas obriga\u00e7\u00f5es com base nos princ\u00edpios da economicidade e do equil\u00edbrio or\u00e7ament\u00e1rio, em conformidade com o artigo 167-A da Constitui\u00e7\u00e3o Federal. (Jornal Mantiqueira \u2013 Po\u00e7os de Caldas)<\/span><\/p>\n<p><span><a href=\"https:\/\/www.jornalmantiqueira.com.br\/2025\/06\/16\/prefeitura-publica-decreto-de-contencao-de-despesas-e-impoe-corte-amplo-nos-gastos-municipais\/\">https:\/\/www.jornalmantiqueira.com.br\/2025\/06\/16\/prefeitura-publica-decreto-de-contencao-de-despesas-e-impoe-corte-amplo-nos-gastos-municipais\/<\/a><\/span><\/p>\n<p><span><\/span><\/p>\n\n<p><strong><span>BR-381 deve receber 260 mil ve\u00edculos<\/span><\/strong><\/p>\n<p><span>O feriado prolongado de Corpus Christi, nesta quinta-feira (19), promete movimentar bastante a BR-381, no trecho entre Belo Horizonte e Governador Valadares. A previs\u00e3o \u00e9 de que cerca de 260 mil ve\u00edculos trafeguem pela rodovia entre os dias 18 e 22 de junho, um aumento de 31% em rela\u00e7\u00e3o a per\u00edodos normais. Para facilitar o tr\u00e2nsito, as obras que exigem interfer\u00eancia na pista ser\u00e3o suspensas a partir das 12h do dia 18, retornando somente no dia 20. J\u00e1 no dia 22, os trabalhos ser\u00e3o novamente interrompidos para favorecer o fluxo dos ve\u00edculos no retorno dos usu\u00e1rios. (Por Dentro de Minas)<\/span><\/p>\n<p><span><a href=\"https:\/\/pordentrodeminas.com.br\/noticias\/gerais\/2025\/06\/\">https:\/\/pordentrodeminas.com.br\/noticias\/gerais\/2025\/06\/<\/a><\/span><\/p>\n<p><span><\/span><\/p>\n\n<p><strong><span>Usiminas usa IA contra polui\u00e7\u00e3o<\/span><\/strong><\/p>\n<p><span>A Usiminas desenvolveu internamente um sistema inteligente capaz de prever, com at\u00e9 30 minutos de anteced\u00eancia, os n\u00edveis de emiss\u00e3o de part\u00edculas nas chamadas das Sinteriza\u00e7\u00f5es 1, 2 e 3, unidades que concentram parte significativa do volume de part\u00edculas emitidas na opera\u00e7\u00e3o do Centro Industrial de Ipatinga. O sistema utiliza intelig\u00eancia artificial para realizar c\u00e1lculos com base nos par\u00e2metros do processo industrial, apontando qual ser\u00e1 a m\u00e9dia hor\u00e1ria de emiss\u00f5es. (Portal Silmara de Freitas \u2013 Ipatinga)<\/span><\/p>\n<p><span><a href=\"https:\/\/www.silmaradefreitas.com.br\/usiminas-desenvolve-sistema-de-inteligencia-com-artificial-para-reduzir-emissoes-na-sinterizacao\/\">https:\/\/www.silmaradefreitas.com.br\/usiminas-desenvolve-sistema-de-inteligencia-com-artificial-para-reduzir-emissoes-na-sinterizacao\/<\/a><\/span><\/p>\n<p><span><\/span><\/p>\n\n<p>\u00a0<\/p>","protected":false},"excerpt":{"rendered":"<p>Foto: Reprodu\u00e7\u00e3o FP COLUNA MG Principais destaques dos jornais e portais integrantes da rede Sindijori MG\u00a0 www.sindijorimg.com.br Samu de Minas com d\u00e9ficit de 56,8 mi O Servi\u00e7o de Atendimento M\u00f3vel de Urg\u00eancia (Samu 192) de Minas Gerais enfrenta risco de colapso devido a um d\u00e9ficit previsto de R$ 56,8 milh\u00f5es em 2025, causado por repasses [&hellip;]<\/p>\n","protected":false},"author":0,"featured_media":30263,"comment_status":"open","ping_status":"open","sticky":false,"template":"","format":"standard","meta":{"rop_custom_images_group":[],"rop_custom_messages_group":[],"rop_publish_now":"initial","rop_publish_now_accounts":[],"rop_publish_now_history":[],"rop_publish_now_status":"pending","footnotes":""},"categories":[6745],"tags":[],"class_list":["post-30262","post","type-post","status-publish","format-standard","has-post-thumbnail","hentry","category-coluna-sindijori"],"_links":{"self":[{"href":"https:\/\/diariotribuna.com.br\/index.php?rest_route=\/wp\/v2\/posts\/30262"}],"collection":[{"href":"https:\/\/diariotribuna.com.br\/index.php?rest_route=\/wp\/v2\/posts"}],"about":[{"href":"https:\/\/diariotribuna.com.br\/index.php?rest_route=\/wp\/v2\/types\/post"}],"replies":[{"embeddable":true,"href":"https:\/\/diariotribuna.com.br\/index.php?rest_route=%2Fwp%2Fv2%2Fcomments&post=30262"}],"version-history":[{"count":0,"href":"https:\/\/diariotribuna.com.br\/index.php?rest_route=\/wp\/v2\/posts\/30262\/revisions"}],"wp:featuredmedia":[{"embeddable":true,"href":"https:\/\/diariotribuna.com.br\/index.php?rest_route=\/wp\/v2\/media\/30263"}],"wp:attachment":[{"href":"https:\/\/diariotribuna.com.br\/index.php?rest_route=%2Fwp%2Fv2%2Fmedia&parent=30262"}],"wp:term":[{"taxonomy":"category","embeddable":true,"href":"https:\/\/diariotribuna.com.br\/index.php?rest_route=%2Fwp%2Fv2%2Fcategories&post=30262"},{"taxonomy":"post_tag","embeddable":true,"href":"https:\/\/diariotribuna.com.br\/index.php?rest_route=%2Fwp%2Fv2%2Ftags&post=30262"}],"curies":[{"name":"wp","href":"https:\/\/api.w.org\/{rel}","templated":true}]}}