{"id":30264,"date":"2025-06-17T22:20:36","date_gmt":"2025-06-18T01:20:36","guid":{"rendered":"https:\/\/diariotribuna.com.br\/?p=30264"},"modified":"2025-06-17T22:33:53","modified_gmt":"2025-06-18T01:33:53","slug":"teofilo-otoni-entre-o-brilho-das-pedras-e-a-sombra-do-abandono-animal","status":"publish","type":"post","link":"https:\/\/diariotribuna.com.br\/?p=30264","title":{"rendered":"Te\u00f3filo Otoni: Entre o Brilho das Pedras e a Sombra do Abandono Animal"},"content":{"rendered":"\n<figure class=\"wp-block-image size-full is-resized\"><img loading=\"lazy\" decoding=\"async\" width=\"700\" height=\"667\" src=\"https:\/\/diariotribuna.com.br\/wp-content\/uploads\/2025\/06\/Imagem-do-WhatsApp-de-2025-06-17-as-18.31.26_f78b0b04.jpg\" alt=\"\" class=\"wp-image-30265\" style=\"width:400px;height:auto\" srcset=\"https:\/\/diariotribuna.com.br\/wp-content\/uploads\/2025\/06\/Imagem-do-WhatsApp-de-2025-06-17-as-18.31.26_f78b0b04.jpg 700w, https:\/\/diariotribuna.com.br\/wp-content\/uploads\/2025\/06\/Imagem-do-WhatsApp-de-2025-06-17-as-18.31.26_f78b0b04-300x286.jpg 300w, https:\/\/diariotribuna.com.br\/wp-content\/uploads\/2025\/06\/Imagem-do-WhatsApp-de-2025-06-17-as-18.31.26_f78b0b04-696x663.jpg 696w, https:\/\/diariotribuna.com.br\/wp-content\/uploads\/2025\/06\/Imagem-do-WhatsApp-de-2025-06-17-as-18.31.26_f78b0b04-441x420.jpg 441w\" sizes=\"(max-width: 700px) 100vw, 700px\" \/><figcaption class=\"wp-element-caption\"><strong><strong>Por Jeferson Botelho<br>Delegado Geral de Pol\u00edcia \u2013 Aposentado. Prof. de Direito Penal e Processo Penal. Mestre em Ci\u00eancia das Religi\u00f5es pela Faculdade Unida de Vit\u00f3ria\/ES. Especializa\u00e7\u00e3o em Combate \u00e0 corrup\u00e7\u00e3o, antiterrorismo e combate ao crime organizado pela Universidade de Salamanca \u2013 Espanha. Advogado. Autor de livros<\/strong><\/strong><\/figcaption><\/figure>\n\n\n\n<p><strong>Resumo:<\/strong> Te\u00f3filo Otoni, reconhecida internacionalmente como a Capital Mundial das Pedras Preciosas, ostenta o brilho de gemas raras e o acolhimento do amor fraterno. Entretanto, esse cen\u00e1rio de esplendor convive com um drama silencioso e negligenciado: o abandono sistem\u00e1tico de animais em suas ruas. Este artigo prop\u00f5e uma reflex\u00e3o cr\u00edtica sobre essa contradi\u00e7\u00e3o social, com fundamento na Constitui\u00e7\u00e3o Federal de 1988, na Lei de Crimes Ambientais (Lei n\u00ba 9.605\/1998), na Conven\u00e7\u00e3o de Bruxelas de 1978 e na recente Lei Federal n\u00ba 15.150\/2025. O texto busca denunciar a fal\u00eancia das pol\u00edticas p\u00fablicas de prote\u00e7\u00e3o animal, enfatizando a necessidade de uma mudan\u00e7a estrutural e \u00e9tica na gest\u00e3o municipal.<\/p>\n\n\n\n<p><strong>Palavras-chave:<\/strong> Te\u00f3filo Otoni; Abandono Animal; Prote\u00e7\u00e3o Ambiental; Direitos dos Animais; Conven\u00e7\u00e3o de Bruxelas; Pol\u00edtica P\u00fablica; Responsabilidade Social.<\/p>\n\n\n\n<h2 class=\"wp-block-heading\"><strong>INTRODU\u00c7\u00c3O<\/strong><\/h2>\n\n\n\n<p>Te\u00f3filo Otoni, cidade do interior mineiro, mundialmente conhecida como a Capital das Pedras Preciosas, carrega em seu DNA a tradi\u00e7\u00e3o comercial e cultural das gemas que cruzam fronteiras. Nas pra\u00e7as, nas vitrines, nas feiras internacionais e nas m\u00e3os calejadas de homens e mulheres trabalhadores, as pedras reluzem, irradiando beleza, riqueza e identidade.<\/p>\n\n\n\n<p>Bairros com belo nome, a exemplo de Jardim das Ac\u00e1cias, cujas ruas s\u00e3o nominadas de Diamante, Top\u00e1zio, Ametista, \u00c1guas Marinhas, Safira, Turmalina e Berilo comp\u00f5em o mosaico urbano de uma cidade que tamb\u00e9m se orgulha de ser reconhecida como \u201cCidade do Amor Fraterno\u201d.<\/p>\n\n\n\n<p>No entanto, sob o v\u00e9u desse brilho internacional, h\u00e1 uma dura realidade: o abandono sistem\u00e1tico de animais. C\u00e3es e gatos vagueiam famintos, com frio e doen\u00e7as, esquecidos \u00e0 pr\u00f3pria sorte nas cal\u00e7adas, pra\u00e7as e becos da cidade. Muitos, v\u00edtimas de maus-tratos. Outros, v\u00edtimas da mais cruel forma de viol\u00eancia social: a promessa pol\u00edtica n\u00e3o cumprida.<\/p>\n\n\n\n<p>Em pleno s\u00e9culo XXI, mesmo com o avan\u00e7o das legisla\u00e7\u00f5es de prote\u00e7\u00e3o animal e a vig\u00eancia de tratados internacionais como a Conven\u00e7\u00e3o de Bruxelas de 1978, que refor\u00e7a o dever \u00e9tico dos Estados no tratamento digno aos animais, a realidade local escancara o abismo entre o discurso pol\u00edtico e a pr\u00e1tica administrativa.<\/p>\n\n\n\n<h2 class=\"wp-block-heading\"><strong>AN\u00c1LISE CR\u00cdTICA<\/strong><\/h2>\n\n\n\n<p>A prote\u00e7\u00e3o animal \u00e9, antes de tudo, um dever de Estado. A Constitui\u00e7\u00e3o Federal de 1988 consagra no artigo 225, \u00a71\u00ba, inciso VII, a obriga\u00e7\u00e3o do poder p\u00fablico em proteger a fauna, vedando pr\u00e1ticas que submetam os animais \u00e0 crueldade. A Lei n\u00ba 9.605\/1998 (Lei de Crimes Ambientais) e, mais recentemente, a Lei Federal n\u00ba 15.150\/2025, refor\u00e7am esse mandamento constitucional.<\/p>\n\n\n\n<p>A Conven\u00e7\u00e3o de Bruxelas de 1978, marco \u00e9tico internacional, estabelece princ\u00edpios claros de respeito \u00e0 dignidade dos animais, impondo aos signat\u00e1rios a obriga\u00e7\u00e3o de adotar pol\u00edticas p\u00fablicas efetivas de prote\u00e7\u00e3o. No entanto, Te\u00f3filo Otoni parece caminhar na contram\u00e3o desses preceitos. A cidade, que exporta pedras para o mundo inteiro, importa o descaso com os seres vivos que habitam suas ruas.<\/p>\n\n\n\n<p>O abandono animal \u00e9 um indicador de fal\u00eancia das pol\u00edticas p\u00fablicas locais. O \u201cestelionato eleitoral\u201d, com promessas feitas e n\u00e3o cumpridas, fere n\u00e3o apenas o princ\u00edpio da moralidade administrativa (art. 37 da Constitui\u00e7\u00e3o Federal), mas tamb\u00e9m os fundamentos \u00e9ticos da dignidade da vida, ainda que animal. O que se observa \u00e9 uma sucess\u00e3o de gest\u00f5es municipais incapazes de implementar um programa cont\u00ednuo de controle populacional, vacina\u00e7\u00e3o, castra\u00e7\u00e3o e acolhimento dos animais abandonados.<\/p>\n\n\n\n<p>Enquanto o mundo avan\u00e7a na prote\u00e7\u00e3o dos direitos dos seres sencientes, Te\u00f3filo Otoni, infelizmente, ostenta um vergonhoso t\u00edtulo n\u00e3o oficial: a \u201cCapital do Abandono Animal\u201d.<\/p>\n\n\n\n<h2 class=\"wp-block-heading\"><strong>CONCLUS\u00c3O<\/strong><\/h2>\n\n\n\n<p>Sob o c\u00e9u que reflete as cores das pedras preciosas, ecoa o grito silencioso de centenas de c\u00e3es e gatos esquecidos. Suas vozes se perdem nas madrugadas frias, suas pegadas desenham um mapa invis\u00edvel de sofrimento nas ruas que deveriam ser de todos.<\/p>\n\n\n\n<p>\u00c9 tempo de romper com o ciclo de promessas vazias e inaugurar uma nova era de gest\u00e3o \u00e9tica, emp\u00e1tica e respons\u00e1vel. Que o brilho das pedras sirva n\u00e3o apenas para iluminar vitrines, mas tamb\u00e9m para acender a consci\u00eancia social e pol\u00edtica de um povo que se orgulha de seu t\u00edtulo mundial, mas que precisa urgentemente de um t\u00edtulo ainda mais nobre: o de cidade amiga dos animais.<\/p>\n\n\n\n<pre class=\"wp-block-verse\"><strong><em>Porque enquanto houver um animal com fome nas ruas de Te\u00f3filo Otoni, haver\u00e1 tamb\u00e9m uma ferida aberta na dignidade de todos n\u00f3s.<\/em><\/strong><\/pre>\n\n\n\n<h2 class=\"wp-block-heading\"><strong>REFER\u00caNCIAS BIBLIOGR\u00c1FICAS<\/strong><\/h2>\n\n\n\n<p>BRASIL. Constitui\u00e7\u00e3o da Rep\u00fablica Federativa do Brasil de 1988. Di\u00e1rio Oficial da Uni\u00e3o, Bras\u00edlia, 1988.<\/p>\n\n\n\n<p>BRASIL. Lei n\u00ba 9.605, de 12 de fevereiro de 1998. Disp\u00f5e sobre as san\u00e7\u00f5es penais e administrativas derivadas de condutas e atividades lesivas ao meio ambiente. Di\u00e1rio Oficial da Uni\u00e3o, Bras\u00edlia, 1998.<\/p>\n\n\n\n<p>BRASIL. Lei n\u00ba 15.150, de 2025. Dispon\u00edvel em <a href=\"https:\/\/www.planalto.gov.br\/ccivil_03\/_Ato2023-2026\/2025\/Lei\/L15150.htm\">L15150<\/a>. Acesso em 17 de junho de 2025.<\/p>\n\n\n\n<p>CONVEN\u00c7\u00c3O EUROPEIA PARA A PROTE\u00c7\u00c3O DOS ANIMAIS DE ESTIMA\u00c7\u00c3O (Conven\u00e7\u00e3o de Bruxelas). Bruxelas, 1978.<\/p>\n\n\n\n<p>BOTELHO, Jeferson. Te\u00f3filo Otoni: Capital Mundial das Pedras Preciosas e dos Cachorros Abandonados. Texto original. 2025.<\/p>\n","protected":false},"excerpt":{"rendered":"<p>Resumo: Te\u00f3filo Otoni, reconhecida internacionalmente como a Capital Mundial das Pedras Preciosas, ostenta o brilho de gemas raras e o acolhimento do amor fraterno. Entretanto, esse cen\u00e1rio de esplendor convive com um drama silencioso e negligenciado: o abandono sistem\u00e1tico de animais em suas ruas. Este artigo prop\u00f5e uma reflex\u00e3o cr\u00edtica sobre essa contradi\u00e7\u00e3o social, com [&hellip;]<\/p>\n","protected":false},"author":1,"featured_media":30265,"comment_status":"open","ping_status":"open","sticky":false,"template":"","format":"standard","meta":{"rop_custom_images_group":[],"rop_custom_messages_group":[],"rop_publish_now":"initial","rop_publish_now_accounts":[],"rop_publish_now_history":[],"rop_publish_now_status":"pending","footnotes":""},"categories":[25,24],"tags":[7220,7219,2337,75],"class_list":["post-30264","post","type-post","status-publish","format-standard","has-post-thumbnail","hentry","category-destaque","category-opiniao","tag-abandono-animal","tag-brilho-das-pedras","tag-jeferson-botelho","tag-teofilo-otoni"],"_links":{"self":[{"href":"https:\/\/diariotribuna.com.br\/index.php?rest_route=\/wp\/v2\/posts\/30264"}],"collection":[{"href":"https:\/\/diariotribuna.com.br\/index.php?rest_route=\/wp\/v2\/posts"}],"about":[{"href":"https:\/\/diariotribuna.com.br\/index.php?rest_route=\/wp\/v2\/types\/post"}],"author":[{"embeddable":true,"href":"https:\/\/diariotribuna.com.br\/index.php?rest_route=\/wp\/v2\/users\/1"}],"replies":[{"embeddable":true,"href":"https:\/\/diariotribuna.com.br\/index.php?rest_route=%2Fwp%2Fv2%2Fcomments&post=30264"}],"version-history":[{"count":2,"href":"https:\/\/diariotribuna.com.br\/index.php?rest_route=\/wp\/v2\/posts\/30264\/revisions"}],"predecessor-version":[{"id":30267,"href":"https:\/\/diariotribuna.com.br\/index.php?rest_route=\/wp\/v2\/posts\/30264\/revisions\/30267"}],"wp:featuredmedia":[{"embeddable":true,"href":"https:\/\/diariotribuna.com.br\/index.php?rest_route=\/wp\/v2\/media\/30265"}],"wp:attachment":[{"href":"https:\/\/diariotribuna.com.br\/index.php?rest_route=%2Fwp%2Fv2%2Fmedia&parent=30264"}],"wp:term":[{"taxonomy":"category","embeddable":true,"href":"https:\/\/diariotribuna.com.br\/index.php?rest_route=%2Fwp%2Fv2%2Fcategories&post=30264"},{"taxonomy":"post_tag","embeddable":true,"href":"https:\/\/diariotribuna.com.br\/index.php?rest_route=%2Fwp%2Fv2%2Ftags&post=30264"}],"curies":[{"name":"wp","href":"https:\/\/api.w.org\/{rel}","templated":true}]}}