{"id":30272,"date":"2025-06-18T11:49:39","date_gmt":"2025-06-18T14:49:39","guid":{"rendered":"https:\/\/diariotribuna.com.br\/?p=30272"},"modified":"2025-06-18T11:49:39","modified_gmt":"2025-06-18T14:49:39","slug":"multinacional-anuncia-expansao-no-sul","status":"publish","type":"post","link":"https:\/\/diariotribuna.com.br\/?p=30272","title":{"rendered":"Multinacional anuncia expans\u00e3o no Sul\u00a0"},"content":{"rendered":"<p><span>Foto: Divulga\u00e7\u00e3o<\/span><\/p>\n\n<p><strong><span>COLUNA MG<\/span><\/strong><\/p>\n<p><span>Principais destaques dos jornais e portais integrantes da rede Sindijori MG\u00a0<\/span><\/p>\n<p><span><a href=\"http:\/\/www.sindijorimg.com.br\/\">www.sindijorimg.com.br<\/a><\/span><\/p>\n<p><span><\/span><\/p>\n\n<p><strong><span>Multinacional anuncia expans\u00e3o no Sul<\/span><\/strong><\/p>\n<p><span>O munic\u00edpio de Pouso Alegre volta a ganhar proje\u00e7\u00e3o internacional com o an\u00fancio, nesta segunda-feira, 16, de novos investimentos milion\u00e1rios da multinacional chinesa Midea Group em Minas Gerais. A not\u00edcia foi recebida com grande alegria pelo prefeito Coronel Dimas, que j\u00e1 vinha acompanhando de perto as tratativas sobre a amplia\u00e7\u00e3o das opera\u00e7\u00f5es da empresa na cidade. Os investimentos somam R$ 198 milh\u00f5es e v\u00e3o gerar 830 empregos diretos em todo o estado. Com o investimento anunciado, a MIDEA investiu pr\u00f3ximo de R$ 1 bilh\u00e3o e ultrapassou mais de 1.000 empregos diretos, s\u00f3 em Pouso Alegre. (Pouso Alegre em Foco)<\/span><\/p>\n<p><span><a href=\"https:\/\/pousoalegreemfoco.com.br\/noticia\/2132\/midea-anuncia-expansao-pouso-alegre-investimentos-regiao\">https:\/\/pousoalegreemfoco.com.br\/noticia\/2132\/midea-anuncia-expansao-pouso-alegre-investimentos-regiao<\/a><\/span><\/p>\n<p><span><\/span><\/p>\n\n<p><strong><span>900 casos de viol\u00eancia contra idosos<\/span><\/strong><\/p>\n<p><span>Divin\u00f3polis j\u00e1 registrou 818 casos de viol\u00eancia contra idosos em 2025, segundo dados do Minist\u00e9rio dos Direitos Humanos e da Cidadania. Em todo o ano passado, foram 2.858 casos no munic\u00edpio. As ocorr\u00eancias incluem maus-tratos, explora\u00e7\u00e3o financeira, agress\u00f5es f\u00edsicas e abuso sexual. Especialistas destacam que muitas v\u00edtimas n\u00e3o denunciam por medo, principalmente quando os agressores s\u00e3o familiares. (G37.com \u2013 Divin\u00f3polis)<\/span><\/p>\n<p><span><a href=\"https:\/\/g37.com.br\/divinopolis\/junho-violeta-divinopolis-ja-registrou-quase-900-casos-de-violencia-contra-a-pessoa-idosa-em-2025-ano-passado-foram-2-858-casos\/\">https:\/\/g37.com.br\/divinopolis\/junho-violeta-divinopolis-ja-registrou-quase-900-casos-de-violencia-contra-a-pessoa-idosa-em-2025-ano-passado-foram-2-858-casos\/<\/a><\/span><\/p>\n<p><span><\/span><\/p>\n\n<p><strong><span>Vale do A\u00e7o ter\u00e1 usina<\/span><\/strong><\/p>\n<p><span>A implanta\u00e7\u00e3o da Usina Fotovoltaica Vale do A\u00e7o I em Engenheiro Caldas, no Vale do Rio Doce, marcar\u00e1 um aumento significativo na produ\u00e7\u00e3o de energia, uma vez que ter\u00e1 o maior valor em uma usina solar fotovoltaica registrado na regi\u00e3o. Com 5 milh\u00f5es de Quilowatt-hora (kWh), a capacidade produzida no empreendimento representar\u00e1 40% da usina Advogado Eduardo Soares (antiga Boa Esperan\u00e7a), a maior de Minas Gerais e localizada em Montes Claros, no Norte do estado. O investimento total foi de R$ 17 milh\u00f5es, sendo R$ 12 milh\u00f5es financiados pelo Banco de Desenvolvimento de Minas Gerais (BDMG). Os outros R$ 5 milh\u00f5es adv\u00e9m de empresas s\u00f3cias da opera\u00e7\u00e3o: Multiluz Solar, Quare Organiza\u00e7\u00f5es e Solar Vale. (Portal Carlos Souto)<\/span><\/p>\n<p><span><a href=\"https:\/\/www.portalcarlossouto.com.br\/noticias\/regional\/com-financiamento-do-bdmg-vale-do-rio-doce-recebera-a-maior-usina-solar-da-regiao\/\">https:\/\/www.portalcarlossouto.com.br\/noticias\/regional\/com-financiamento-do-bdmg-vale-do-rio-doce-recebera-a-maior-usina-solar-da-regiao\/<\/a><\/span><\/p>\n<p><span><\/span><\/p>\n\n<p><strong><span>MoC investe em educa\u00e7\u00e3o ambiental<\/span><\/strong><\/p>\n<p><span>A Prefeitura de Montes Claros, por meio da Secretaria de Ambiente, Bem-Estar Animal e Sustentabilidade, realizou palestras educativas em escolas da cidade, abordando a polui\u00e7\u00e3o pl\u00e1stica, tema central da ONU em 2025. As a\u00e7\u00f5es, realizadas na Escola Estadual Beato Jos\u00e9 de Anchieta e no Cemei Valdeir Corr\u00eaa, buscaram conscientizar crian\u00e7as e jovens sobre os impactos do pl\u00e1stico no meio ambiente e a import\u00e2ncia do consumo consciente. Com linguagem acess\u00edvel e atividades l\u00fadicas, a iniciativa refor\u00e7a o compromisso da administra\u00e7\u00e3o municipal com a forma\u00e7\u00e3o de uma gera\u00e7\u00e3o mais respons\u00e1vel e sustent\u00e1vel. (Rede Gazeta \u2013 Montes Claros)<\/span><\/p>\n<p><span><a href=\"https:\/\/gazetanm.com.br\/prefeitura-de-montes-claros-investe-em-educacao-ambiental-como-base-para-um-futuro-sustentavel\/\">https:\/\/gazetanm.com.br\/prefeitura-de-montes-claros-investe-em-educacao-ambiental-como-base-para-um-futuro-sustentavel\/<\/a><\/span><\/p>\n<p><span><\/span><\/p>\n\n<p><strong><span>Festival do Peixe 2025 em Pontevila<\/span><\/strong><\/p>\n<p><span>A comunidade de Pontevila, em Formiga, receber\u00e1 nos dias 5 e 6 de julho de 2025 a 7\u00aa edi\u00e7\u00e3o do Festival do Peixe. Promovido pela Prefeitura Municipal, o evento faz parte do calend\u00e1rio cultural da cidade e contar\u00e1 com atra\u00e7\u00f5es musicais, como a dupla Jo\u00e3o Marcos &amp; Nando e o cantor Akiles Ramos. Al\u00e9m dos shows, os visitantes poder\u00e3o saborear diversos pratos t\u00edpicos \u00e0 base de peixe, valorizando a culin\u00e1ria local. A iniciativa, que conta com apoio do Projeto Grutas e Mar de Minas, Comtur e Sebrae, busca fortalecer o turismo e a economia regional. (\u00daltimas Not\u00edcias \u2013 Formiga)<\/span><\/p>\n<p><span><a href=\"https:\/\/ultimasnoticias.inf.br\/noticia\/ofestival-do-peixe-2025-sera-realizado-nos-dias-5-e-6-de-julho-em-pontevila\/\">https:\/\/ultimasnoticias.inf.br\/noticia\/ofestival-do-peixe-2025-sera-realizado-nos-dias-5-e-6-de-julho-em-pontevila\/<\/a><\/span><\/p>\n<p><span><\/span><\/p>\n\n<p><strong><span>Prefeitura inicia &#8220;Limpa Te\u00f3&#8221;<\/span><\/strong><\/p>\n<p><span>A Prefeitura de Te\u00f3filo Otoni, por meio da Secretaria de Servi\u00e7os Urbanos, em parceria com as secretarias municipais de Meio Ambiente e de Sa\u00fade, est\u00e1 instalando novos containers em pontos estrat\u00e9gicos da cidade,\u00a0 para o descarte correto de res\u00edduos org\u00e2nicos. E o munic\u00edpio tem tamb\u00e9m a coleta de lixo inorg\u00e2nico. (Di\u00e1rio Tribuna \u2013 Te\u00f3filo Otoni)<\/span><\/p>\n<p><span><a href=\"https:\/\/diariotribuna.com.br\/?p=30268\">https:\/\/diariotribuna.com.br\/?p=30268<\/a><\/span><\/p>\n<p><span><\/span><\/p>\n\n<p>\u00a0<\/p>","protected":false},"excerpt":{"rendered":"<p>Foto: Divulga\u00e7\u00e3o COLUNA MG Principais destaques dos jornais e portais integrantes da rede Sindijori MG\u00a0 www.sindijorimg.com.br Multinacional anuncia expans\u00e3o no Sul O munic\u00edpio de Pouso Alegre volta a ganhar proje\u00e7\u00e3o internacional com o an\u00fancio, nesta segunda-feira, 16, de novos investimentos milion\u00e1rios da multinacional chinesa Midea Group em Minas Gerais. A not\u00edcia foi recebida com grande [&hellip;]<\/p>\n","protected":false},"author":0,"featured_media":30273,"comment_status":"open","ping_status":"open","sticky":false,"template":"","format":"standard","meta":{"rop_custom_images_group":[],"rop_custom_messages_group":[],"rop_publish_now":"initial","rop_publish_now_accounts":[],"rop_publish_now_history":[],"rop_publish_now_status":"pending","footnotes":""},"categories":[6745],"tags":[],"class_list":["post-30272","post","type-post","status-publish","format-standard","has-post-thumbnail","hentry","category-coluna-sindijori"],"_links":{"self":[{"href":"https:\/\/diariotribuna.com.br\/index.php?rest_route=\/wp\/v2\/posts\/30272"}],"collection":[{"href":"https:\/\/diariotribuna.com.br\/index.php?rest_route=\/wp\/v2\/posts"}],"about":[{"href":"https:\/\/diariotribuna.com.br\/index.php?rest_route=\/wp\/v2\/types\/post"}],"replies":[{"embeddable":true,"href":"https:\/\/diariotribuna.com.br\/index.php?rest_route=%2Fwp%2Fv2%2Fcomments&post=30272"}],"version-history":[{"count":0,"href":"https:\/\/diariotribuna.com.br\/index.php?rest_route=\/wp\/v2\/posts\/30272\/revisions"}],"wp:featuredmedia":[{"embeddable":true,"href":"https:\/\/diariotribuna.com.br\/index.php?rest_route=\/wp\/v2\/media\/30273"}],"wp:attachment":[{"href":"https:\/\/diariotribuna.com.br\/index.php?rest_route=%2Fwp%2Fv2%2Fmedia&parent=30272"}],"wp:term":[{"taxonomy":"category","embeddable":true,"href":"https:\/\/diariotribuna.com.br\/index.php?rest_route=%2Fwp%2Fv2%2Fcategories&post=30272"},{"taxonomy":"post_tag","embeddable":true,"href":"https:\/\/diariotribuna.com.br\/index.php?rest_route=%2Fwp%2Fv2%2Ftags&post=30272"}],"curies":[{"name":"wp","href":"https:\/\/api.w.org\/{rel}","templated":true}]}}