{"id":30275,"date":"2025-06-18T17:22:16","date_gmt":"2025-06-18T20:22:16","guid":{"rendered":"https:\/\/diariotribuna.com.br\/?p=30275"},"modified":"2025-06-18T17:22:16","modified_gmt":"2025-06-18T20:22:16","slug":"pesquisa-da-amm-sobre-falta-de-vacinas-leva-ministerio-da-saude-a-investigar-logistica-em-minas-gerais","status":"publish","type":"post","link":"https:\/\/diariotribuna.com.br\/?p=30275","title":{"rendered":"Pesquisa da AMM sobre falta de vacinas leva Minist\u00e9rio da Sa\u00fade a investigar log\u00edstica em Minas Gerais\u00a0"},"content":{"rendered":"<p class=\"MsoNormal\"><span>AMM | Divulga\u00e7\u00e3o<\/span><span><\/span><\/p>\n<p><span><\/span><\/p>\n<h2><\/h2>\n<p>A repercuss\u00e3o da pesquisa divulgada pela <a href=\"https:\/\/portalamm.com\/\"><strong>Associa\u00e7\u00e3o Mineira de Munic\u00edpios (AMM)<\/strong><\/a>, que alertou sobre o grave desabastecimento de vacinas nos postos de sa\u00fade municipais, gerou uma resposta direta do <strong>Minist\u00e9rio da Sa\u00fade<\/strong>. O ministro <strong>Alexandre Padilha<\/strong> afirmou, durante visita a Lagoa Santa, na Regi\u00e3o Metropolitana de Belo Horizonte, nesta segunda-feira (16), que, diante dos dados apresentados pela entidade, o governo federal iniciou uma <strong>investiga\u00e7\u00e3o para apurar os gargalos na distribui\u00e7\u00e3o de imunizantes no estado<\/strong>.<\/p>\n<p>O levantamento da AMM, realizado com <strong>190 prefeituras<\/strong>, revelou um cen\u00e1rio alarmante:<\/p>\n<p><strong>89,5%<\/strong> dos munic\u00edpios relataram falta da vacina contra <strong>varicela (catapora)<\/strong>, com casos de escassez que ultrapassam <strong>dois anos<\/strong>.<\/p>\n<p>Tamb\u00e9m foram registradas faltas nas vacinas:<\/p>\n<p><strong>Tetraviral<\/strong> (30,8%)<\/p>\n<p><strong>Covid-19 infantil<\/strong> (32%) e <strong>adulto<\/strong> (23,8%)<\/p>\n<p><strong>Dengue \u2013 Qdenga<\/strong> (25,6%)<\/p>\n<p><strong>Mpox<\/strong> (16,3%)<\/p>\n<p><a href=\"https:\/\/portalamm.com\/amm-alerta-para-grave-desabastecimento-de-vacinas-em-municipios-mineiros-e-cobra-acao-imediata-do-ministerio-da-saude\/\"><em>Clique aqui para acessar a pesquisa completa da AMM<\/em><\/a><\/p>\n<p>Segundo Padilha, equipes do <strong>Programa Nacional de Imuniza\u00e7\u00f5es (PNI)<\/strong> e da \u00e1rea de log\u00edstica do Minist\u00e9rio foram enviadas a Minas na semana anterior.<\/p>\n<p>\u201c<strong>Todas as vacinas est\u00e3o sendo compradas pelo Minist\u00e9rio e as entregas est\u00e3o em dia.<\/strong> Queremos identificar se h\u00e1 algo espec\u00edfico na log\u00edstica em Minas Gerais que est\u00e1 provocando atrasos na entrega de dois ou tr\u00eas imunizantes, entre os 50 que s\u00e3o distribu\u00eddos aos munic\u00edpios\u201d, explicou.<\/p>\n<p>O ministro tamb\u00e9m mencionou que est\u00e1 em discuss\u00e3o, com representantes do Congresso e do <strong>Conasems<\/strong> (Conselho Nacional de Secretarias Municipais de Sa\u00fade), a possibilidade de o Minist\u00e9rio repassar <strong>diretamente \u00e0s capitais<\/strong> parte dos imunizantes como forma de agilizar a distribui\u00e7\u00e3o.<\/p>\n<p>\u201cSe uma parte da solu\u00e7\u00e3o for o Minist\u00e9rio entregar direto para a capital, estamos dispostos a fazer isso. Vamos tomar uma atitude para <strong>facilitar a log\u00edstica do Estado at\u00e9 os demais munic\u00edpios<\/strong>\u201d, completou, citando ainda a poss\u00edvel utiliza\u00e7\u00e3o dos <strong>Correios<\/strong> como refor\u00e7o log\u00edstico.<\/p>\n<p>O presidente da AMM e prefeito de Patos de Minas, <strong>Lu\u00eds Eduardo Falc\u00e3o<\/strong>, ressaltou a gravidade da situa\u00e7\u00e3o:<\/p>\n<p>\u201cEstamos diante de uma <strong>crise de sa\u00fade p\u00fablica<\/strong> que n\u00e3o pode ser ignorada. A AMM tem a responsabilidade de dar voz aos munic\u00edpios e denunciar esse cen\u00e1rio, que amea\u00e7a diretamente a vida da popula\u00e7\u00e3o. <strong>Exigimos do Minist\u00e9rio da Sa\u00fade um plano claro, transparente e eficaz<\/strong> para garantir o abastecimento regular de vacinas em todo o estado.\u201d<\/p>\n\n<p>A AMM seguir\u00e1 monitorando de perto os desdobramentos do caso e reafirma seu compromisso com a <strong>defesa da sa\u00fade p\u00fablica<\/strong> e dos <strong>interesses dos munic\u00edpios mineiros<\/strong>.<\/p>\n<p>\u00a0<\/p>","protected":false},"excerpt":{"rendered":"<p>AMM | Divulga\u00e7\u00e3o A repercuss\u00e3o da pesquisa divulgada pela Associa\u00e7\u00e3o Mineira de Munic\u00edpios (AMM), que alertou sobre o grave desabastecimento de vacinas nos postos de sa\u00fade municipais, gerou uma resposta direta do Minist\u00e9rio da Sa\u00fade. O ministro Alexandre Padilha afirmou, durante visita a Lagoa Santa, na Regi\u00e3o Metropolitana de Belo Horizonte, nesta segunda-feira (16), que, [&hellip;]<\/p>\n","protected":false},"author":0,"featured_media":30276,"comment_status":"open","ping_status":"open","sticky":false,"template":"","format":"standard","meta":{"rop_custom_images_group":[],"rop_custom_messages_group":[],"rop_publish_now":"initial","rop_publish_now_accounts":[],"rop_publish_now_history":[],"rop_publish_now_status":"pending","footnotes":""},"categories":[6745],"tags":[],"class_list":["post-30275","post","type-post","status-publish","format-standard","has-post-thumbnail","hentry","category-coluna-sindijori"],"_links":{"self":[{"href":"https:\/\/diariotribuna.com.br\/index.php?rest_route=\/wp\/v2\/posts\/30275"}],"collection":[{"href":"https:\/\/diariotribuna.com.br\/index.php?rest_route=\/wp\/v2\/posts"}],"about":[{"href":"https:\/\/diariotribuna.com.br\/index.php?rest_route=\/wp\/v2\/types\/post"}],"replies":[{"embeddable":true,"href":"https:\/\/diariotribuna.com.br\/index.php?rest_route=%2Fwp%2Fv2%2Fcomments&post=30275"}],"version-history":[{"count":0,"href":"https:\/\/diariotribuna.com.br\/index.php?rest_route=\/wp\/v2\/posts\/30275\/revisions"}],"wp:featuredmedia":[{"embeddable":true,"href":"https:\/\/diariotribuna.com.br\/index.php?rest_route=\/wp\/v2\/media\/30276"}],"wp:attachment":[{"href":"https:\/\/diariotribuna.com.br\/index.php?rest_route=%2Fwp%2Fv2%2Fmedia&parent=30275"}],"wp:term":[{"taxonomy":"category","embeddable":true,"href":"https:\/\/diariotribuna.com.br\/index.php?rest_route=%2Fwp%2Fv2%2Fcategories&post=30275"},{"taxonomy":"post_tag","embeddable":true,"href":"https:\/\/diariotribuna.com.br\/index.php?rest_route=%2Fwp%2Fv2%2Ftags&post=30275"}],"curies":[{"name":"wp","href":"https:\/\/api.w.org\/{rel}","templated":true}]}}