{"id":30296,"date":"2025-06-19T11:17:41","date_gmt":"2025-06-19T14:17:41","guid":{"rendered":"https:\/\/diariotribuna.com.br\/?p=30296"},"modified":"2025-06-19T11:17:43","modified_gmt":"2025-06-19T14:17:43","slug":"tenente-heberth-dias-vai-representar-a-policia-militar-ambiental-e-o-vale-do-jequitinhonha-na-cop-30-em-belem-no-para","status":"publish","type":"post","link":"https:\/\/diariotribuna.com.br\/?p=30296","title":{"rendered":"Tenente Heberth Dias vai representar a Pol\u00edcia Militar Ambiental e o Vale do Jequitinhonha na COP 30, em\u00a0Bel\u00e9m,\u00a0no\u00a0Par\u00e1"},"content":{"rendered":"\n<figure class=\"wp-block-image size-full is-resized\"><img loading=\"lazy\" decoding=\"async\" width=\"700\" height=\"872\" src=\"https:\/\/diariotribuna.com.br\/wp-content\/uploads\/2025\/06\/Imagem-do-WhatsApp-de-2025-06-17-as-14.42.36_8b591723.jpg\" alt=\"\" class=\"wp-image-30297\" style=\"width:333px;height:auto\" srcset=\"https:\/\/diariotribuna.com.br\/wp-content\/uploads\/2025\/06\/Imagem-do-WhatsApp-de-2025-06-17-as-14.42.36_8b591723.jpg 700w, https:\/\/diariotribuna.com.br\/wp-content\/uploads\/2025\/06\/Imagem-do-WhatsApp-de-2025-06-17-as-14.42.36_8b591723-241x300.jpg 241w, https:\/\/diariotribuna.com.br\/wp-content\/uploads\/2025\/06\/Imagem-do-WhatsApp-de-2025-06-17-as-14.42.36_8b591723-696x867.jpg 696w, https:\/\/diariotribuna.com.br\/wp-content\/uploads\/2025\/06\/Imagem-do-WhatsApp-de-2025-06-17-as-14.42.36_8b591723-337x420.jpg 337w\" sizes=\"(max-width: 700px) 100vw, 700px\" \/><\/figure>\n\n\n\n<div style=\"height:5px\" aria-hidden=\"true\" class=\"wp-block-spacer\"><\/div>\n\n\n\n<p>O <strong>1\u00ba Tenente Heberth Dias, comandante da Pol\u00edcia Militar de Meio Ambiente do Vale do Jequitinhonha<\/strong>, recebeu um convite da empresa Sigma Lithium para participar da Confer\u00eancia das Na\u00e7\u00f5es Unidas (COP 30), evento global sobre mudan\u00e7as clim\u00e1ticas. O reconhecimento veio em raz\u00e3o dos relevantes servi\u00e7os prestados na preserva\u00e7\u00e3o ambiental e no combate \u00e0 criminalidade no Vale do Jequitinhonha.<\/p>\n\n\n\n<p>A atua\u00e7\u00e3o do Tenente Dias tem sido fundamental na prote\u00e7\u00e3o dos recursos naturais da regi\u00e3o, contribuindo para a seguran\u00e7a e sustentabilidade local. A Sigma Lithium, alinhada com pr\u00e1ticas respons\u00e1veis, valoriza seu compromisso com o meio ambiente e a comunidade. A presen\u00e7a do oficial na COP 30 refor\u00e7a a import\u00e2ncia da colabora\u00e7\u00e3o entre for\u00e7as de seguran\u00e7a e empresas na constru\u00e7\u00e3o de um futuro mais&nbsp;sustent\u00e1vel.<\/p>\n\n\n\n<p>A 30\u00aa Confer\u00eancia das Na\u00e7\u00f5es Unidas (COP 30) sobre as mudan\u00e7as clim\u00e1ticas est\u00e1 prevista para ocorrer entre os dias 10 e 21 de novembro de 2025, na cidade de Bel\u00e9m, no Par\u00e1, segundo o an\u00fancio da ONU em 18 de&nbsp;maio&nbsp;de&nbsp;2023. O evento re\u00fane representantes de quase 200 pa\u00edses, e a escolha de Bel\u00e9m se deve \u00e0 import\u00e2ncia da regi\u00e3o amaz\u00f4nica nas discuss\u00f5es globais sobre a crise clim\u00e1tica.<\/p>\n","protected":false},"excerpt":{"rendered":"<p>O 1\u00ba Tenente Heberth Dias, comandante da Pol\u00edcia Militar de Meio Ambiente do Vale do Jequitinhonha, recebeu um convite da empresa Sigma Lithium para participar da Confer\u00eancia das Na\u00e7\u00f5es Unidas (COP 30), evento global sobre mudan\u00e7as clim\u00e1ticas. O reconhecimento veio em raz\u00e3o dos relevantes servi\u00e7os prestados na preserva\u00e7\u00e3o ambiental e no combate \u00e0 criminalidade no [&hellip;]<\/p>\n","protected":false},"author":1,"featured_media":30297,"comment_status":"open","ping_status":"open","sticky":false,"template":"","format":"standard","meta":{"rop_custom_images_group":[],"rop_custom_messages_group":[],"rop_publish_now":"initial","rop_publish_now_accounts":[],"rop_publish_now_history":[],"rop_publish_now_status":"pending","footnotes":""},"categories":[25,19],"tags":[7227,7226,297,5530,2138,7225],"class_list":["post-30296","post","type-post","status-publish","format-standard","has-post-thumbnail","hentry","category-destaque","category-gerais","tag-belem","tag-cop-30","tag-jequitinhonha","tag-para","tag-pm-do-meio-ambiente","tag-tenente-heberth-dias"],"_links":{"self":[{"href":"https:\/\/diariotribuna.com.br\/index.php?rest_route=\/wp\/v2\/posts\/30296"}],"collection":[{"href":"https:\/\/diariotribuna.com.br\/index.php?rest_route=\/wp\/v2\/posts"}],"about":[{"href":"https:\/\/diariotribuna.com.br\/index.php?rest_route=\/wp\/v2\/types\/post"}],"author":[{"embeddable":true,"href":"https:\/\/diariotribuna.com.br\/index.php?rest_route=\/wp\/v2\/users\/1"}],"replies":[{"embeddable":true,"href":"https:\/\/diariotribuna.com.br\/index.php?rest_route=%2Fwp%2Fv2%2Fcomments&post=30296"}],"version-history":[{"count":1,"href":"https:\/\/diariotribuna.com.br\/index.php?rest_route=\/wp\/v2\/posts\/30296\/revisions"}],"predecessor-version":[{"id":30298,"href":"https:\/\/diariotribuna.com.br\/index.php?rest_route=\/wp\/v2\/posts\/30296\/revisions\/30298"}],"wp:featuredmedia":[{"embeddable":true,"href":"https:\/\/diariotribuna.com.br\/index.php?rest_route=\/wp\/v2\/media\/30297"}],"wp:attachment":[{"href":"https:\/\/diariotribuna.com.br\/index.php?rest_route=%2Fwp%2Fv2%2Fmedia&parent=30296"}],"wp:term":[{"taxonomy":"category","embeddable":true,"href":"https:\/\/diariotribuna.com.br\/index.php?rest_route=%2Fwp%2Fv2%2Fcategories&post=30296"},{"taxonomy":"post_tag","embeddable":true,"href":"https:\/\/diariotribuna.com.br\/index.php?rest_route=%2Fwp%2Fv2%2Ftags&post=30296"}],"curies":[{"name":"wp","href":"https:\/\/api.w.org\/{rel}","templated":true}]}}