{"id":30299,"date":"2025-06-19T10:46:18","date_gmt":"2025-06-19T13:46:18","guid":{"rendered":"https:\/\/diariotribuna.com.br\/?p=30299"},"modified":"2025-06-19T10:46:18","modified_gmt":"2025-06-19T13:46:18","slug":"sistema-faemg-senar-anuncia-doacao-de-84-mil-litros-de-leite","status":"publish","type":"post","link":"https:\/\/diariotribuna.com.br\/?p=30299","title":{"rendered":"Sistema Faemg Senar anuncia doa\u00e7\u00e3o de 84 mil litros de leite\u00a0"},"content":{"rendered":"<p class=\"MsoNormal\"><span>FAEMG SENAR | Divulga\u00e7\u00e3o<\/span><\/p>\n<p><span><\/span><span><\/span><span><\/span><span><\/span><span><\/span><span><\/span><\/p>\n<p><strong>Parceria garantir\u00e1 o repasse mensal de 7 mil litros para hospitais e institui\u00e7\u00f5es assistenciais de Belo Horizonte ao longo de um ano<\/strong><\/p>\n<p>Durante a abertura da <strong>Megaleite 2025<\/strong>, o <a href=\"https:\/\/www.sistemafaemg.org.br\/senar\"><strong>Sistema Faemg Senar<\/strong><\/a> reafirmou seu compromisso com o desenvolvimento do setor agropecu\u00e1rio mineiro e com a responsabilidade social. Realizada no dia <strong>10 de junho<\/strong>, no <strong>Parque da Gameleira<\/strong>, em <strong>Belo Horizonte<\/strong>, a cerim\u00f4nia oficializou duas importantes parcerias que asseguram a doa\u00e7\u00e3o mensal de <strong>7 mil litros de leite<\/strong> a institui\u00e7\u00f5es hospitalares e assistenciais da capital mineira, totalizando <strong>84 mil litros ao longo de 12 meses<\/strong>.<\/p>\n<h3>Termos de parceria<\/h3>\n<p>O primeiro acordo firmado estabelece a doa\u00e7\u00e3o mensal de <strong>2 mil litros de leite longa vida<\/strong> ao <strong>Servi\u00e7o Social Aut\u00f4nomo Servas (SSA-Servas)<\/strong>. A iniciativa conta com a participa\u00e7\u00e3o da <strong>Associa\u00e7\u00e3o Brasileira dos Criadores de Girolando<\/strong>, <strong>Itamb\u00e9<\/strong> e <strong>CCPR<\/strong>, tendo o Sistema Faemg Senar como entidade interveniente. A distribui\u00e7\u00e3o ser\u00e1 dividida igualmente: metade destinada ao <strong>Hospital M\u00e1rio Penna<\/strong> e a outra metade a institui\u00e7\u00f5es socioassistenciais cadastradas pelo SSA-Servas.<\/p>\n<p>O segundo termo prev\u00ea o repasse mensal de <strong>5 mil litros de leite em embalagens Tetra Pak<\/strong> ao <strong>Hospital da Baleia<\/strong>, refer\u00eancia estadual em atendimento m\u00e9dico humanizado. Esta a\u00e7\u00e3o conjunta re\u00fane o <strong>Sistema Faemg Senar<\/strong>, o <strong>Sindicato da Ind\u00fastria de Latic\u00ednios de Minas Gerais (SILEMG)<\/strong>, a <strong>Organiza\u00e7\u00e3o das Cooperativas do Estado de Minas Gerais (OCEMG)<\/strong>, a <strong>Federa\u00e7\u00e3o das Ind\u00fastrias do Estado de Minas Gerais (FIEMG)<\/strong> e a <strong>Fecom\u00e9rcio<\/strong>.<\/p>\n<h3>Compromisso social e equil\u00edbrio do setor<\/h3>\n<p>\u201cA doa\u00e7\u00e3o, al\u00e9m de simbolizar a for\u00e7a da uni\u00e3o entre as entidades, demonstra que, quando a cadeia do leite est\u00e1 equilibrada, tudo se torna poss\u00edvel \u2014 inclusive atender quem mais precisa com um produto t\u00e3o essencial. Esse equil\u00edbrio, essa pacifica\u00e7\u00e3o que o setor vive hoje, \u00e9 o que nos permite contribuir com tranquilidade e responsabilidade para o atendimento dos pacientes. Vamos seguir juntos, cumprindo nossa miss\u00e3o\u201d, afirmou <strong>Ant\u00f4nio de Salvo<\/strong>, presidente do Sistema Faemg Senar.<\/p>\n\n<p>A iniciativa refor\u00e7a o papel do setor agropecu\u00e1rio como agente de transforma\u00e7\u00e3o social, aliando <strong>produ\u00e7\u00e3o, solidariedade e compromisso com a popula\u00e7\u00e3o mineira<\/strong>.<\/p>\n<p>\u00a0<\/p>","protected":false},"excerpt":{"rendered":"<p>FAEMG SENAR | Divulga\u00e7\u00e3o Parceria garantir\u00e1 o repasse mensal de 7 mil litros para hospitais e institui\u00e7\u00f5es assistenciais de Belo Horizonte ao longo de um ano Durante a abertura da Megaleite 2025, o Sistema Faemg Senar reafirmou seu compromisso com o desenvolvimento do setor agropecu\u00e1rio mineiro e com a responsabilidade social. Realizada no dia 10 [&hellip;]<\/p>\n","protected":false},"author":0,"featured_media":30300,"comment_status":"open","ping_status":"open","sticky":false,"template":"","format":"standard","meta":{"rop_custom_images_group":[],"rop_custom_messages_group":[],"rop_publish_now":"initial","rop_publish_now_accounts":[],"rop_publish_now_history":[],"rop_publish_now_status":"pending","footnotes":""},"categories":[6745],"tags":[],"class_list":["post-30299","post","type-post","status-publish","format-standard","has-post-thumbnail","hentry","category-coluna-sindijori"],"_links":{"self":[{"href":"https:\/\/diariotribuna.com.br\/index.php?rest_route=\/wp\/v2\/posts\/30299"}],"collection":[{"href":"https:\/\/diariotribuna.com.br\/index.php?rest_route=\/wp\/v2\/posts"}],"about":[{"href":"https:\/\/diariotribuna.com.br\/index.php?rest_route=\/wp\/v2\/types\/post"}],"replies":[{"embeddable":true,"href":"https:\/\/diariotribuna.com.br\/index.php?rest_route=%2Fwp%2Fv2%2Fcomments&post=30299"}],"version-history":[{"count":0,"href":"https:\/\/diariotribuna.com.br\/index.php?rest_route=\/wp\/v2\/posts\/30299\/revisions"}],"wp:featuredmedia":[{"embeddable":true,"href":"https:\/\/diariotribuna.com.br\/index.php?rest_route=\/wp\/v2\/media\/30300"}],"wp:attachment":[{"href":"https:\/\/diariotribuna.com.br\/index.php?rest_route=%2Fwp%2Fv2%2Fmedia&parent=30299"}],"wp:term":[{"taxonomy":"category","embeddable":true,"href":"https:\/\/diariotribuna.com.br\/index.php?rest_route=%2Fwp%2Fv2%2Fcategories&post=30299"},{"taxonomy":"post_tag","embeddable":true,"href":"https:\/\/diariotribuna.com.br\/index.php?rest_route=%2Fwp%2Fv2%2Ftags&post=30299"}],"curies":[{"name":"wp","href":"https:\/\/api.w.org\/{rel}","templated":true}]}}