{"id":30307,"date":"2025-06-20T10:22:23","date_gmt":"2025-06-20T13:22:23","guid":{"rendered":"https:\/\/diariotribuna.com.br\/?p=30307"},"modified":"2025-06-20T10:22:23","modified_gmt":"2025-06-20T13:22:23","slug":"amm-se-aproxima-da-totalidade-dos-municipios-mineiros-e-alcanca-824-filiados-com-adesao-de-senador-firmino","status":"publish","type":"post","link":"https:\/\/diariotribuna.com.br\/?p=30307","title":{"rendered":"AMM se aproxima da totalidade dos munic\u00edpios mineiros e alcan\u00e7a 824 filiados com ades\u00e3o de Senador Firmino\u00a0"},"content":{"rendered":"<p class=\"MsoNormal\"><span>AMM | Divulga\u00e7\u00e3o<\/span><span><\/span><\/p>\n<p><span><\/span><\/p>\n<h2><\/h2>\n<p>A <a href=\"https:\/\/portalamm.com\/\"><strong>Associa\u00e7\u00e3o Mineira de Munic\u00edpios (AMM)<\/strong><\/a> atingiu um marco hist\u00f3rico com a filia\u00e7\u00e3o do munic\u00edpio de <strong>Senador Firmino<\/strong>. Agora, a entidade conta com <strong>824 munic\u00edpios afiliados<\/strong>, consolidando-se como a <strong>maior organiza\u00e7\u00e3o municipalista estadual da Am\u00e9rica Latina<\/strong>. A conquista representa mais um recorde da atual gest\u00e3o, liderada pelo prefeito de Patos de Minas, <strong>Lu\u00eds Eduardo Falc\u00e3o<\/strong>, que tem como meta afiliar os <strong>853 munic\u00edpios mineiros<\/strong>.<\/p>\n<p>O crescimento expressivo no n\u00famero de filia\u00e7\u00f5es refor\u00e7a a <strong>confian\u00e7a dos gestores municipais<\/strong> no trabalho desenvolvido pela AMM, al\u00e9m de evidenciar o <strong>reconhecimento da efetividade das a\u00e7\u00f5es e servi\u00e7os prestados<\/strong>. A ades\u00e3o cont\u00ednua de novas prefeituras comprova a for\u00e7a do municipalismo em Minas Gerais e o compromisso da diretoria e equipe t\u00e9cnica da entidade.<\/p>\n<p>\u201cQueremos todos os munic\u00edpios de Minas afiliados, para que possamos <strong>lutar em bloco pelas causas que impactam o dia a dia das administra\u00e7\u00f5es municipais<\/strong>. O trabalho da AMM fortalece as prefeituras, impulsiona o desenvolvimento local e contribui para uma gest\u00e3o mais eficiente, especialmente nos pequenos munic\u00edpios\u201d, destacou <strong>Lu\u00eds Eduardo Falc\u00e3o<\/strong>, presidente da AMM.<\/p>\n<p>Desde o dia <strong>7 de maio<\/strong>, data de posse da atual diretoria, outros munic\u00edpios como <strong>Betim, Lavras e Itaverava<\/strong> tamb\u00e9m oficializaram sua ades\u00e3o, ampliando o alcance das a\u00e7\u00f5es e garantindo acesso aos <strong>diversos servi\u00e7os e ferramentas oferecidos aos gestores p\u00fablicos<\/strong>.<\/p>\n<h3>Benef\u00edcios aos munic\u00edpios filiados<\/h3>\n<p>Os munic\u00edpios <strong>adimplentes com a AMM<\/strong> t\u00eam acesso a uma ampla variedade de <strong>servi\u00e7os estrat\u00e9gicos<\/strong>, que contribuem diretamente para o fortalecimento da gest\u00e3o p\u00fablica municipal. Entre os principais benef\u00edcios est\u00e3o:<\/p>\n\n<p><strong>Acesso ao Espa\u00e7o AMM<\/strong>, na Cidade Administrativa, com estrutura completa (computadores, internet, impressoras, atendimento t\u00e9cnico e suporte institucional);<\/p>\n<p><strong>Carteira oficial de prefeito e vice-prefeito<\/strong>;<\/p>\n<p><strong>Crach\u00e1 oficial de prefeito<\/strong>, com acesso liberado a todas as depend\u00eancias da Cidade Administrativa;<\/p>\n<p><strong>Direito de uso do Di\u00e1rio Oficial dos Munic\u00edpios (Di\u00e1rio Online)<\/strong>, com condi\u00e7\u00f5es especiais;<\/p>\n<p><strong>Acesso ao Portal das Transfer\u00eancias<\/strong>, com dados estrat\u00e9gicos e informa\u00e7\u00f5es priorit\u00e1rias;<\/p>\n<p><strong>Descontos em capacita\u00e7\u00f5es<\/strong> promovidas pela AMM, incluindo cursos da <strong>Escola de Gest\u00e3o Municipalista<\/strong>, f\u00f3runs, congressos, semin\u00e1rios e outros eventos.<\/p>\n<p>\u00a0<\/p>","protected":false},"excerpt":{"rendered":"<p>AMM | Divulga\u00e7\u00e3o A Associa\u00e7\u00e3o Mineira de Munic\u00edpios (AMM) atingiu um marco hist\u00f3rico com a filia\u00e7\u00e3o do munic\u00edpio de Senador Firmino. Agora, a entidade conta com 824 munic\u00edpios afiliados, consolidando-se como a maior organiza\u00e7\u00e3o municipalista estadual da Am\u00e9rica Latina. A conquista representa mais um recorde da atual gest\u00e3o, liderada pelo prefeito de Patos de Minas, [&hellip;]<\/p>\n","protected":false},"author":0,"featured_media":30308,"comment_status":"open","ping_status":"open","sticky":false,"template":"","format":"standard","meta":{"rop_custom_images_group":[],"rop_custom_messages_group":[],"rop_publish_now":"initial","rop_publish_now_accounts":[],"rop_publish_now_history":[],"rop_publish_now_status":"pending","footnotes":""},"categories":[6745],"tags":[],"class_list":["post-30307","post","type-post","status-publish","format-standard","has-post-thumbnail","hentry","category-coluna-sindijori"],"_links":{"self":[{"href":"https:\/\/diariotribuna.com.br\/index.php?rest_route=\/wp\/v2\/posts\/30307"}],"collection":[{"href":"https:\/\/diariotribuna.com.br\/index.php?rest_route=\/wp\/v2\/posts"}],"about":[{"href":"https:\/\/diariotribuna.com.br\/index.php?rest_route=\/wp\/v2\/types\/post"}],"replies":[{"embeddable":true,"href":"https:\/\/diariotribuna.com.br\/index.php?rest_route=%2Fwp%2Fv2%2Fcomments&post=30307"}],"version-history":[{"count":0,"href":"https:\/\/diariotribuna.com.br\/index.php?rest_route=\/wp\/v2\/posts\/30307\/revisions"}],"wp:featuredmedia":[{"embeddable":true,"href":"https:\/\/diariotribuna.com.br\/index.php?rest_route=\/wp\/v2\/media\/30308"}],"wp:attachment":[{"href":"https:\/\/diariotribuna.com.br\/index.php?rest_route=%2Fwp%2Fv2%2Fmedia&parent=30307"}],"wp:term":[{"taxonomy":"category","embeddable":true,"href":"https:\/\/diariotribuna.com.br\/index.php?rest_route=%2Fwp%2Fv2%2Fcategories&post=30307"},{"taxonomy":"post_tag","embeddable":true,"href":"https:\/\/diariotribuna.com.br\/index.php?rest_route=%2Fwp%2Fv2%2Ftags&post=30307"}],"curies":[{"name":"wp","href":"https:\/\/api.w.org\/{rel}","templated":true}]}}