{"id":30309,"date":"2025-06-20T11:25:11","date_gmt":"2025-06-20T14:25:11","guid":{"rendered":"https:\/\/diariotribuna.com.br\/?p=30309"},"modified":"2025-06-20T11:25:11","modified_gmt":"2025-06-20T14:25:11","slug":"festmalhas-movimenta-r-50-milhoes","status":"publish","type":"post","link":"https:\/\/diariotribuna.com.br\/?p=30309","title":{"rendered":"Festmalhas movimenta R$ 50 milh\u00f5es\u00a0"},"content":{"rendered":"<p><span>Foto: Divulga\u00e7\u00e3o<\/span><\/p>\n\n<p><strong><span>COLUNA MG<\/span><\/strong><\/p>\n<p><span>Principais destaques dos jornais e portais integrantes da rede Sindijori MG\u00a0<\/span><\/p>\n<p><span><a href=\"http:\/\/www.sindijorimg.com.br\/\">www.sindijorimg.com.br<\/a><\/span><\/p>\n<p><span><\/span><\/p>\n\n<p><strong><span>Festmalhas movimenta R$ 50 milh\u00f5es<\/span><\/strong><\/p>\n<p><span>A capital nacional das malhas, Jacutinga, no Sul de Minas, encerra neste domingo, 22, a 47\u00aa edi\u00e7\u00e3o da FestMalhas, considerada a maior feira do segmento no Brasil. O evento, que j\u00e1 se tornou uma tradi\u00e7\u00e3o no calend\u00e1rio do munic\u00edpio, deve atrair mais de 200 mil visitantes, segundo estimativas dos organizadores. A expectativa \u00e9 de que a feira movimente cerca de R$ 50 milh\u00f5es durante todo o per\u00edodo, impulsionando a economia local e o com\u00e9rcio da regi\u00e3o. (O Debate \u2013 Varginha)<\/span><\/p>\n<p><span><a href=\"https:\/\/www.odebatenoticias.com.br\/post\/jacutinga-realiza-a-47%C2%AA-edi%C3%A7%C3%A3o-da-festmalhas-e-espera-movimentar-r-50-milh%C3%B5es\">https:\/\/www.odebatenoticias.com.br\/post\/jacutinga-realiza-a-47%C2%AA-edi%C3%A7%C3%A3o-da-festmalhas-e-espera-movimentar-r-50-milh%C3%B5es<\/a><\/span><\/p>\n<p><span><\/span><\/p>\n\n<p><strong><span>Caet\u00e9 recebe novos \u00f4nibus<\/span><\/strong><\/p>\n<p><span>Caet\u00e9 recebeu na ter\u00e7a-feira, 17, quatro \u00f4nibus novos, em uma iniciativa do Governo de Minas, que visa renovar a frota que atende a cidade e tamb\u00e9m de outros munic\u00edpios da Regi\u00e3o Metropolitana. Com a entrada dos novos ve\u00edculos, a idade m\u00e9dia da frota da RMBH, composta por 2,4 mil \u00f4nibus, ser\u00e1 reduzida de 11 anos para seis anos at\u00e9 o final de 2025. (Jornal Opini\u00e3o \u2013 Caet\u00e9)<\/span><\/p>\n<p><span><a href=\"https:\/\/www.opiniaocaete.com.br\/caete-recebe-novos-onibus-para-transporte-metropolitano-e-inicia-renovacao-da-frota\/\">https:\/\/www.opiniaocaete.com.br\/caete-recebe-novos-onibus-para-transporte-metropolitano-e-inicia-renovacao-da-frota\/<\/a><\/span><\/p>\n<p><span><\/span><\/p>\n\n<p><strong><span>Nova Lima \u00e9 ouro em premia\u00e7\u00e3o<\/span><\/strong><\/p>\n<p><span>A Prefeitura de Nova Lima conquistou o pr\u00eamio Ouro no Polaris Awards, em Londres, com a campanha de IPTU 2024 \u201cTime que joga junto, avan\u00e7a junto\u201d, que destacou a import\u00e2ncia da uni\u00e3o entre governo e popula\u00e7\u00e3o para o desenvolvimento da cidade. Al\u00e9m desse reconhecimento internacional, Nova Lima tamb\u00e9m foi apontada como a cidade com a melhor qualidade de vida de Minas Gerais e a 9\u00aa do Brasil, segundo o \u00cdndice de Progresso Social, que avaliou 5.570 munic\u00edpios. (Cidade Conecta \u2013 Nova Lima)<\/span><\/p>\n<p><span><a href=\"https:\/\/www.cidadeconecta.com\/noticias\/nova-lima-e-ouro-em-premiacao-internacional\/\">https:\/\/www.cidadeconecta.com\/noticias\/nova-lima-e-ouro-em-premiacao-internacional\/<\/a><\/span><\/p>\n<p><span><\/span><\/p>\n\n<p><strong><span>Novos Doutores Palha\u00e7os em Ita\u00fana<\/span><\/strong><\/p>\n<p><span>Ita\u00fana formou 48 novos Doutores Palha\u00e7os, vindos de diversas cidades mineiras, que agora est\u00e3o aptos a levar alegria e aliviar dores em hospitais, asilos, escolas e outras institui\u00e7\u00f5es. A formatura aconteceu no dia 15 de junho no Autom\u00f3vel Clube de Ita\u00fana, com o apoio do vereador Rosse Andrade. O projeto, guiado pelo lema \u201caliviar a dor das pessoas, sem interesse pr\u00f3prio\u201d, realiza tr\u00eas edi\u00e7\u00f5es anuais de forma\u00e7\u00e3o, com informa\u00e7\u00f5es dispon\u00edveis no Instagram oficial @doutorespalhacosmg. (Folha Povo Ita\u00fana)<\/span><\/p>\n<p><span><a href=\"https:\/\/www.folhapovoitauna.com.br\/novos-doutores-palhacos-prontos-para-espalhar-alegria-e-aliviar-dores\">https:\/\/www.folhapovoitauna.com.br\/novos-doutores-palhacos-prontos-para-espalhar-alegria-e-aliviar-dores<\/a><\/span><\/p>\n<p><span><\/span><\/p>\n\n<p><strong><span>Projeto \u201cHigiene Bucal\u201d em Indian\u00f3polis<\/span><\/strong><\/p>\n<p><span>O Projeto \u201cHigiene Bucal\u201d, promovido pela Prefeitura de Indian\u00f3polis em parceria com a Secretaria Municipal de Sa\u00fade, vem se destacando por levar orienta\u00e7\u00f5es pr\u00e1ticas e educativas sobre cuidados com a sa\u00fade bucal \u00e0 popula\u00e7\u00e3o, com foco especial em usu\u00e1rios de servi\u00e7os especializados. A iniciativa aborda desde a escova\u00e7\u00e3o correta e uso do fio dental at\u00e9 a import\u00e2ncia de visitas regulares ao dentista, refor\u00e7ando o compromisso do munic\u00edpio com a preven\u00e7\u00e3o e a melhoria da qualidade de vida de seus cidad\u00e3os. (Gazeta do Tri\u00e2ngulo \u2013 Araguari)<\/span><\/p>\n<p><span><a href=\"https:\/\/gazetadotriangulo.com.br\/projeto-higiene-bucal-promove-saude-e-bem-estar-em-indianopolis\/\">https:\/\/gazetadotriangulo.com.br\/projeto-higiene-bucal-promove-saude-e-bem-estar-em-indianopolis\/<\/a><\/span><\/p>\n<p><span><\/span><\/p>\n\n<p><strong><span>Bombeiros formam brigatistas em Lafaiete<\/span><\/strong><\/p>\n<p><span>O Corpo de Bombeiros Militar de Minas Gerais, por meio da 2\u00aa Companhia de Conselheiro Lafaiete, realizou entre os dias 16 e 18 de junho o Curso de Forma\u00e7\u00e3o de Brigadistas Florestais com 34 atiradores do Tiro de Guerra 04-032. A capacita\u00e7\u00e3o incluiu instru\u00e7\u00f5es te\u00f3ricas e pr\u00e1ticas sobre aspectos legais e organizacionais, uso de equipamentos e t\u00e9cnicas de combate direto e indireto ao fogo. (RCWTV \u2013 Juiz de Fora)<\/span><\/p>\n<p><span><a href=\"https:\/\/www.rcwtv.com.br\/noticia\/bombeiros-formam-brigadistas-florestais-em-lafaiete\">https:\/\/www.rcwtv.com.br\/noticia\/bombeiros-formam-brigadistas-florestais-em-lafaiete<\/a><\/span><\/p>\n<p><span><\/span><\/p>\n\n<p><strong><span>Arax\u00e1 ter\u00e1 evento de doces artesanais<\/span><\/strong><\/p>\n<p><span>A cidade de Arax\u00e1 se prepara para a 5\u00aa edi\u00e7\u00e3o da Fenadoces, que acontecer\u00e1 de 16 a 20 de julho de 2025 no Grande Hotel Termas de Arax\u00e1, reunindo produtores de doces artesanais de diversas regi\u00f5es do Brasil. O evento, que j\u00e1 tem mais de 60% dos estandes reservados, oferecer\u00e1 ao p\u00fablico uma programa\u00e7\u00e3o cultural, palestras de capacita\u00e7\u00e3o e o show gratuito da banda Os Paralamas do Sucesso, cuja entrada ser\u00e1 solid\u00e1ria mediante a doa\u00e7\u00e3o de \u00f3leo de cozinha at\u00e9 30 de junho. (Clarim.Net \u2013 Arax\u00e1)<\/span><\/p>\n<p><span><a href=\"https:\/\/clarim.net.br\/araxa-se-prepara-para-o-maior-evento-de-doces-artesanais-do-alto-paranaiba\/\">https:\/\/clarim.net.br\/araxa-se-prepara-para-o-maior-evento-de-doces-artesanais-do-alto-paranaiba\/<\/a><\/span><\/p>\n<p><span><\/span><\/p>\n\n<p>\u00a0<\/p>","protected":false},"excerpt":{"rendered":"<p>Foto: Divulga\u00e7\u00e3o COLUNA MG Principais destaques dos jornais e portais integrantes da rede Sindijori MG\u00a0 www.sindijorimg.com.br Festmalhas movimenta R$ 50 milh\u00f5es A capital nacional das malhas, Jacutinga, no Sul de Minas, encerra neste domingo, 22, a 47\u00aa edi\u00e7\u00e3o da FestMalhas, considerada a maior feira do segmento no Brasil. O evento, que j\u00e1 se tornou uma [&hellip;]<\/p>\n","protected":false},"author":0,"featured_media":30310,"comment_status":"open","ping_status":"open","sticky":false,"template":"","format":"standard","meta":{"rop_custom_images_group":[],"rop_custom_messages_group":[],"rop_publish_now":"initial","rop_publish_now_accounts":[],"rop_publish_now_history":[],"rop_publish_now_status":"pending","footnotes":""},"categories":[6745],"tags":[],"class_list":["post-30309","post","type-post","status-publish","format-standard","has-post-thumbnail","hentry","category-coluna-sindijori"],"_links":{"self":[{"href":"https:\/\/diariotribuna.com.br\/index.php?rest_route=\/wp\/v2\/posts\/30309"}],"collection":[{"href":"https:\/\/diariotribuna.com.br\/index.php?rest_route=\/wp\/v2\/posts"}],"about":[{"href":"https:\/\/diariotribuna.com.br\/index.php?rest_route=\/wp\/v2\/types\/post"}],"replies":[{"embeddable":true,"href":"https:\/\/diariotribuna.com.br\/index.php?rest_route=%2Fwp%2Fv2%2Fcomments&post=30309"}],"version-history":[{"count":0,"href":"https:\/\/diariotribuna.com.br\/index.php?rest_route=\/wp\/v2\/posts\/30309\/revisions"}],"wp:featuredmedia":[{"embeddable":true,"href":"https:\/\/diariotribuna.com.br\/index.php?rest_route=\/wp\/v2\/media\/30310"}],"wp:attachment":[{"href":"https:\/\/diariotribuna.com.br\/index.php?rest_route=%2Fwp%2Fv2%2Fmedia&parent=30309"}],"wp:term":[{"taxonomy":"category","embeddable":true,"href":"https:\/\/diariotribuna.com.br\/index.php?rest_route=%2Fwp%2Fv2%2Fcategories&post=30309"},{"taxonomy":"post_tag","embeddable":true,"href":"https:\/\/diariotribuna.com.br\/index.php?rest_route=%2Fwp%2Fv2%2Ftags&post=30309"}],"curies":[{"name":"wp","href":"https:\/\/api.w.org\/{rel}","templated":true}]}}