{"id":30311,"date":"2025-06-21T09:02:14","date_gmt":"2025-06-21T12:02:14","guid":{"rendered":"https:\/\/diariotribuna.com.br\/?p=30311"},"modified":"2025-06-21T09:02:14","modified_gmt":"2025-06-21T12:02:14","slug":"pesquisa-quaest-faemg-80-dos-mineiros-tem-imagem-positiva-do-agro","status":"publish","type":"post","link":"https:\/\/diariotribuna.com.br\/?p=30311","title":{"rendered":"PESQUISA QUAEST\u2013FAEMG: 80% DOS MINEIROS T\u00caM IMAGEM POSITIVA DO AGRO\u00a0"},"content":{"rendered":"<p class=\"MsoNormal\"><span>FAEMG SENAR | Divulga\u00e7\u00e3o<\/span><\/p>\n<p><span><\/span><span><\/span><span><\/span><span><\/span><span><\/span><span><\/span><\/p>\n<p><strong>Avalia\u00e7\u00e3o positiva est\u00e1 associada \u00e0 gera\u00e7\u00e3o de empregos e \u00e0 qualidade da produ\u00e7\u00e3o<\/strong><\/p>\n<p>Uma nova pesquisa realizada pela <strong>Quaest, em parceria com o Sistema Faemg<\/strong>, mostra que <strong>oito em cada dez mineiros t\u00eam uma imagem positiva da agropecu\u00e1ria<\/strong>. O levantamento confirma que o setor segue como o mais bem avaliado da economia mineira, \u00e0 frente de servi\u00e7os (66%), ind\u00fastria automobil\u00edstica (51%), siderurgia (50%) e minera\u00e7\u00e3o (39%).<\/p>\n<p>Al\u00e9m de ser o segmento com a melhor imagem, o <strong>agro \u00e9 apontado como a principal atividade econ\u00f4mica do estado<\/strong>, na opini\u00e3o de 43% dos entrevistados \u2014 superando a minera\u00e7\u00e3o, que aparece com 24%. Entre os setores avaliados, o agroneg\u00f3cio tamb\u00e9m \u00e9 visto como o que <strong>mais contribui para o desenvolvimento de Minas (39%)<\/strong> e o <strong>melhor para se trabalhar (31%)<\/strong>.<\/p>\n<h3>Por que o agro tem imagem positiva?<\/h3>\n<p>Entre os 80% que avaliam o setor de forma positiva, os principais motivos citados s\u00e3o:<\/p>\n<p><strong>Gera\u00e7\u00e3o de empregos<\/strong> (24%)<\/p>\n<p><strong>Produ\u00e7\u00e3o de alimentos com qualidade<\/strong> (24%)<\/p>\n<p><strong>Promo\u00e7\u00e3o do desenvolvimento econ\u00f4mico<\/strong> (16%)<\/p>\n<h3>Menor percep\u00e7\u00e3o de dano ambiental<\/h3>\n<p>Entre os que t\u00eam uma imagem negativa do setor (5%), o levantamento aponta <strong>queda na percep\u00e7\u00e3o de que o agro prejudica o meio ambiente<\/strong>, passando de 22%, em 2023, para 16% este ano. A pesquisa refor\u00e7a, ainda, que a agropecu\u00e1ria \u00e9 <strong>reconhecida como a atividade econ\u00f4mica mais representativa de Minas Gerais<\/strong>, enquanto a minera\u00e7\u00e3o, embora importante, <strong>enfrenta maior resist\u00eancia na opini\u00e3o p\u00fablica<\/strong>.<\/p>\n<h3>A imagem do produtor rural mineiro<\/h3>\n<p>A figura do <strong>produtor rural mineiro<\/strong> tamb\u00e9m foi bem avaliada:<\/p>\n<p><strong>91% o consideram trabalhador<\/strong><\/p>\n<p><strong>75% o veem como honesto<\/strong><\/p>\n<p>Um dado que chama aten\u00e7\u00e3o \u00e9 o aumento significativo no n\u00famero de produtores que participaram de <strong>forma\u00e7\u00f5es t\u00e9cnicas oferecidas pelo Sistema Faemg<\/strong>, que passou de <strong>5% em 2023 para 20% em 2024<\/strong>.<\/p>\n<p>\u201cO Agro est\u00e1 cada vez mais dedicado a promover uma atividade economicamente forte, que respeita o meio ambiente e valoriza o trabalhador rural. A popula\u00e7\u00e3o j\u00e1 reconhece esses valores, e consolidamos a lideran\u00e7a da nossa atividade na percep\u00e7\u00e3o dos mineiros\u201d, afirmou <strong>Ant\u00f4nio de Salvo<\/strong>, presidente do Sistema Faemg.<\/p>\n<h3>Metodologia<\/h3>\n\n<p>A pesquisa Quaest\u2013FAEMG foi realizada entre os dias <strong>8 e 17 de maio<\/strong>, com <strong>3.504 entrevistados<\/strong> em todo o estado. A margem de erro \u00e9 de <strong>2 pontos percentuais<\/strong>, para mais ou para menos.<\/p>\n<p>\u00a0<\/p>","protected":false},"excerpt":{"rendered":"<p>FAEMG SENAR | Divulga\u00e7\u00e3o Avalia\u00e7\u00e3o positiva est\u00e1 associada \u00e0 gera\u00e7\u00e3o de empregos e \u00e0 qualidade da produ\u00e7\u00e3o Uma nova pesquisa realizada pela Quaest, em parceria com o Sistema Faemg, mostra que oito em cada dez mineiros t\u00eam uma imagem positiva da agropecu\u00e1ria. O levantamento confirma que o setor segue como o mais bem avaliado da [&hellip;]<\/p>\n","protected":false},"author":0,"featured_media":30312,"comment_status":"open","ping_status":"open","sticky":false,"template":"","format":"standard","meta":{"rop_custom_images_group":[],"rop_custom_messages_group":[],"rop_publish_now":"initial","rop_publish_now_accounts":[],"rop_publish_now_history":[],"rop_publish_now_status":"pending","footnotes":""},"categories":[6745],"tags":[],"class_list":["post-30311","post","type-post","status-publish","format-standard","has-post-thumbnail","hentry","category-coluna-sindijori"],"_links":{"self":[{"href":"https:\/\/diariotribuna.com.br\/index.php?rest_route=\/wp\/v2\/posts\/30311"}],"collection":[{"href":"https:\/\/diariotribuna.com.br\/index.php?rest_route=\/wp\/v2\/posts"}],"about":[{"href":"https:\/\/diariotribuna.com.br\/index.php?rest_route=\/wp\/v2\/types\/post"}],"replies":[{"embeddable":true,"href":"https:\/\/diariotribuna.com.br\/index.php?rest_route=%2Fwp%2Fv2%2Fcomments&post=30311"}],"version-history":[{"count":0,"href":"https:\/\/diariotribuna.com.br\/index.php?rest_route=\/wp\/v2\/posts\/30311\/revisions"}],"wp:featuredmedia":[{"embeddable":true,"href":"https:\/\/diariotribuna.com.br\/index.php?rest_route=\/wp\/v2\/media\/30312"}],"wp:attachment":[{"href":"https:\/\/diariotribuna.com.br\/index.php?rest_route=%2Fwp%2Fv2%2Fmedia&parent=30311"}],"wp:term":[{"taxonomy":"category","embeddable":true,"href":"https:\/\/diariotribuna.com.br\/index.php?rest_route=%2Fwp%2Fv2%2Fcategories&post=30311"},{"taxonomy":"post_tag","embeddable":true,"href":"https:\/\/diariotribuna.com.br\/index.php?rest_route=%2Fwp%2Fv2%2Ftags&post=30311"}],"curies":[{"name":"wp","href":"https:\/\/api.w.org\/{rel}","templated":true}]}}