{"id":30313,"date":"2025-06-21T11:37:52","date_gmt":"2025-06-21T14:37:52","guid":{"rendered":"https:\/\/diariotribuna.com.br\/?p=30313"},"modified":"2025-06-21T11:37:52","modified_gmt":"2025-06-21T14:37:52","slug":"multinacional-investe-nas-plantas-de-minas","status":"publish","type":"post","link":"https:\/\/diariotribuna.com.br\/?p=30313","title":{"rendered":"Multinacional investe nas plantas de Minas\u00a0"},"content":{"rendered":"<p><span>Foto: Divulga\u00e7\u00e3o<\/span><\/p>\n\n\n<p><strong><span>COLUNA MG<\/span><\/strong><\/p>\n<p><span>Principais destaques dos jornais e portais integrantes da rede Sindijori MG\u00a0<\/span><\/p>\n<p><span><a href=\"http:\/\/www.sindijorimg.com.br\/\">www.sindijorimg.com.br<\/a><\/span><\/p>\n<p><span><\/span><\/p>\n\n<p><strong><span>Multinacional investe nas plantas de Minas<\/span><\/strong><\/p>\n<p><span>A planta da Nestl\u00e9 em Ituiutaba vai receber investimentos da companhia. O an\u00fancio foi feito na quarta-feira, 18, e est\u00e1 previsto nos planos para o segmento de nutri\u00e7\u00e3o, com foco na produ\u00e7\u00e3o de f\u00f3rmulas infantis ou leites de crescimento. A subsidi\u00e1ria brasileira da maior empresa de alimentos e bebidas do mundo n\u00e3o detalhou o montante de recursos do plano de investimentos de 2025 a 2028 para as diferentes linhas de neg\u00f3cios. Al\u00e9m da unidade de Ituiutaba, a de Montes Claros est\u00e1 contemplada nos planos da Nestl\u00e9 Brasil, no segmento de caf\u00e9s. (Di\u00e1rio do Com\u00e9rcio \u2013 Belo Horizonte)<\/span><\/p>\n<p><span><a href=\"https:\/\/diariodocomercio.com.br\/economia\/nestle-brasil-vai-investir-na-fabrica-de-ituiutaba\/\">https:\/\/diariodocomercio.com.br\/economia\/nestle-brasil-vai-investir-na-fabrica-de-ituiutaba\/<\/a><\/span><\/p>\n<p><span><\/span><\/p>\n\n<p><strong><span>Vereador prop\u00f5e baf\u00f4metro na C\u00e2mara<\/span><\/strong><\/p>\n<p><span>Em uma medida considerada inusitada e in\u00e9dita no legislativo mineiro, o presidente da C\u00e2mara Municipal de Oliveira, vereador Gilmarzinho, determinou ao assessor jur\u00eddico da Casa, Cristiano Mata de Paula, que providencie a instala\u00e7\u00e3o de baf\u00f4metros nas depend\u00eancias do plen\u00e1rio. O objetivo \u00e9 identificar se vereadores est\u00e3o chegando embriagados \u00e0s reuni\u00f5es ordin\u00e1rias. \u201cAqui n\u00e3o \u00e9 boteco!\u201d, afirmou Gilmarzinho, relembrando a frase que tem repetido desde as primeiras reuni\u00f5es do ano, quando assumiu a presid\u00eancia da Casa. (Portal MPA \u2013 Divin\u00f3polis)<\/span><\/p>\n<p><span><a href=\"https:\/\/www.sistemampa.com.br\/noticias\/regional\/oliveira\/presidente-da-camara-de-oliveira-propoe-instalacao-de-bafometros-para-fiscalizar-vereadores\/\">https:\/\/www.sistemampa.com.br\/noticias\/regional\/oliveira\/presidente-da-camara-de-oliveira-propoe-instalacao-de-bafometros-para-fiscalizar-vereadores\/<\/a><\/span><\/p>\n<p><span><\/span><\/p>\n\n<p><strong><span>Patos tem festival do caf\u00e9<\/span><\/strong><\/p>\n<p><span>At\u00e9 o dia 29 de junho, Patos de Minas recebe a 2\u00aa edi\u00e7\u00e3o do Festival da Colheita do Caf\u00e9. Iniciativa da Rota do Caf\u00e9 do Cerrado Mineiro, a a\u00e7\u00e3o celebra a safra do caf\u00e9 da Regi\u00e3o, e destaca os atrativos do roteiro da primeira Denomina\u00e7\u00e3o de Origem (DO) de caf\u00e9s do Brasil. A programa\u00e7\u00e3o ter\u00e1 missa campal, visitas guiadas \u00e0s fazendas, colheita participativa, degusta\u00e7\u00f5es especiais e harmonizadas, al\u00e9m de m\u00fasica e atividades abertas ao p\u00fablico. O evento \u00e9 uma realiza\u00e7\u00e3o da Rota do Caf\u00e9 e da Prefeitura, com apoio do Sebrae Minas e da Ag\u00eancia para o Desenvolvimento Econ\u00f4mico de Patos de Minas (Adesp). (Folha Patense)<\/span><\/p>\n<p><span><a href=\"https:\/\/www.folhapatense.com.br\/patos-de-minas-recebe-2a-edicao-do-festival-da-colheita-do-cafe\">https:\/\/www.folhapatense.com.br\/patos-de-minas-recebe-2a-edicao-do-festival-da-colheita-do-cafe<\/a><\/span><\/p>\n<p><span><\/span><\/p>\n\n<p><strong><span>Esta\u00e7\u00e3o tem restaura\u00e7\u00e3o finalizada<\/span><\/strong><\/p>\n<p><span>A esta\u00e7\u00e3o ferrovi\u00e1ria de Chiador, a primeira de Minas Gerais e o principal cart\u00e3o postal da cidade, foi restaurada. Inaugurada em 1869 por Dom Pedro II, esse espa\u00e7o teve uma trajet\u00f3ria com altos e baixos: desde o momento em que foi criada e era destaque nacional por sua funcionalidade e arquitetura, at\u00e9 quando foi tombada pelo Instituto do Patrim\u00f4nio Hist\u00f3rico e Art\u00edstico Nacional (Iphan). A obra de restaura\u00e7\u00e3o, iniciada em 2023, chegou ao fim. Depois de anos de pedidos dos moradores pela recupera\u00e7\u00e3o do espa\u00e7o, a reforma que custou R$9,5 milh\u00f5es de recursos da Eletrobras Furnas terminou em maio e promete trazer novos atrativos para o local. (Tribuna de Minas \u2013 Juiz de Fora)<\/span><\/p>\n<p><span><a href=\"https:\/\/tribunademinas.com.br\/noticias\/cultura\/20-06-2025\/estacao-chiador.html\">https:\/\/tribunademinas.com.br\/noticias\/cultura\/20-06-2025\/estacao-chiador.html<\/a><\/span><\/p>\n<p><span><\/span><\/p>\n\n<p><strong><span>Ouro Preto \u00e9 tema de concurso<\/span><\/strong><\/p>\n<p><span>A cidade de Ouro Preto, em 2025, celebra 45 anos do t\u00edtulo de Patrim\u00f4nio Cultural da Humanidade. Reconhecida mundialmente por sua relev\u00e2ncia para a hist\u00f3ria, forma\u00e7\u00e3o e mem\u00f3ria nacional, em 1980, a Unesco conferiu ao munic\u00edpio tal honraria. Em comemora\u00e7\u00e3o a esse marco hist\u00f3rico, a Prefeitura Municipal, por meio da Secretaria de Meio Ambiente e Desenvolvimento Sustent\u00e1vel, abriu as inscri\u00e7\u00f5es para a quinta edi\u00e7\u00e3o do Concurso de Fotografia, com o foco nos atributos que garantiram \u00e0 cidade ser a primeira do pa\u00eds a conquistar o reconhecimento internacional. (O Liberal \u2013 Ouro Preto)<\/span><\/p>\n<p><span><a href=\"https:\/\/oliberalinconfidentes.com.br\/destaque\/cidade-patrimonio-mundial-da-humanidade-titulo-concedido-pela-unesco-a-ouro-preto-sera-tema-de-concurso-de-fotografia\/\">https:\/\/oliberalinconfidentes.com.br\/destaque\/cidade-patrimonio-mundial-da-humanidade-titulo-concedido-pela-unesco-a-ouro-preto-sera-tema-de-concurso-de-fotografia\/<\/a><\/span><\/p>\n<p><span><\/span><\/p>\n\n<p><strong><span>Manhua\u00e7u faz encontro de fuscas<\/span><\/strong><\/p>\n<p><span>Est\u00e3o abertas as inscri\u00e7\u00f5es para o 6\u00ba Encontro de Fuscas para o Mar, evento que re\u00fane apaixonados por fuscas e ve\u00edculos antigos em uma viagem com destino \u00e0 praia de Setiba, em Guarapari (ES). A edi\u00e7\u00e3o deste ano est\u00e1 marcada para o dia 20 de novembro. A concentra\u00e7\u00e3o e sa\u00edda dos ve\u00edculos acontecer\u00e3o \u00e0s 7h, em Manhua\u00e7u. De l\u00e1, o grupo seguir\u00e1 em comboio at\u00e9 o litoral capixaba, promovendo um passeio que une nostalgia, amizade e a paix\u00e3o pelo cl\u00e1ssico modelo da Volkswagen. (Di\u00e1rio de Manhua\u00e7u)<\/span><\/p>\n<p><span><a href=\"https:\/\/diariodemanhuacu.com.br\/2025\/cidade\/encontro-de-fuscas-saira-de-manhuacu-rumo-ao-litoral-capixaba\/\">https:\/\/diariodemanhuacu.com.br\/2025\/cidade\/encontro-de-fuscas-saira-de-manhuacu-rumo-ao-litoral-capixaba\/<\/a><\/span><\/p>\n<p><span><\/span><\/p>\n\n<p>\u00a0<\/p>","protected":false},"excerpt":{"rendered":"<p>Foto: Divulga\u00e7\u00e3o COLUNA MG Principais destaques dos jornais e portais integrantes da rede Sindijori MG\u00a0 www.sindijorimg.com.br Multinacional investe nas plantas de Minas A planta da Nestl\u00e9 em Ituiutaba vai receber investimentos da companhia. O an\u00fancio foi feito na quarta-feira, 18, e est\u00e1 previsto nos planos para o segmento de nutri\u00e7\u00e3o, com foco na produ\u00e7\u00e3o de [&hellip;]<\/p>\n","protected":false},"author":0,"featured_media":30314,"comment_status":"open","ping_status":"open","sticky":false,"template":"","format":"standard","meta":{"rop_custom_images_group":[],"rop_custom_messages_group":[],"rop_publish_now":"initial","rop_publish_now_accounts":[],"rop_publish_now_history":[],"rop_publish_now_status":"pending","footnotes":""},"categories":[6745],"tags":[],"class_list":["post-30313","post","type-post","status-publish","format-standard","has-post-thumbnail","hentry","category-coluna-sindijori"],"_links":{"self":[{"href":"https:\/\/diariotribuna.com.br\/index.php?rest_route=\/wp\/v2\/posts\/30313"}],"collection":[{"href":"https:\/\/diariotribuna.com.br\/index.php?rest_route=\/wp\/v2\/posts"}],"about":[{"href":"https:\/\/diariotribuna.com.br\/index.php?rest_route=\/wp\/v2\/types\/post"}],"replies":[{"embeddable":true,"href":"https:\/\/diariotribuna.com.br\/index.php?rest_route=%2Fwp%2Fv2%2Fcomments&post=30313"}],"version-history":[{"count":0,"href":"https:\/\/diariotribuna.com.br\/index.php?rest_route=\/wp\/v2\/posts\/30313\/revisions"}],"wp:featuredmedia":[{"embeddable":true,"href":"https:\/\/diariotribuna.com.br\/index.php?rest_route=\/wp\/v2\/media\/30314"}],"wp:attachment":[{"href":"https:\/\/diariotribuna.com.br\/index.php?rest_route=%2Fwp%2Fv2%2Fmedia&parent=30313"}],"wp:term":[{"taxonomy":"category","embeddable":true,"href":"https:\/\/diariotribuna.com.br\/index.php?rest_route=%2Fwp%2Fv2%2Fcategories&post=30313"},{"taxonomy":"post_tag","embeddable":true,"href":"https:\/\/diariotribuna.com.br\/index.php?rest_route=%2Fwp%2Fv2%2Ftags&post=30313"}],"curies":[{"name":"wp","href":"https:\/\/api.w.org\/{rel}","templated":true}]}}