{"id":30315,"date":"2025-06-23T12:08:37","date_gmt":"2025-06-23T15:08:37","guid":{"rendered":"https:\/\/diariotribuna.com.br\/?p=30315"},"modified":"2025-06-23T12:08:37","modified_gmt":"2025-06-23T15:08:37","slug":"empresa-investe-r-140-milhoes-em-patos","status":"publish","type":"post","link":"https:\/\/diariotribuna.com.br\/?p=30315","title":{"rendered":"Empresa investe R$ 140 milh\u00f5es em Patos\u00a0"},"content":{"rendered":"<p><span>Foto: Alu\u00edsio Eduardo \/ Digital MG<\/span><\/p>\n\n\n\n<p><strong><span>COLUNA MG<\/span><\/strong><\/p>\n<p><span>Principais destaques dos jornais e portais integrantes da rede Sindijori MG\u00a0<\/span><\/p>\n<p><span><a href=\"http:\/\/www.sindijorimg.com.br\/\">www.sindijorimg.com.br<\/a><\/span><\/p>\n<p><span><\/span><\/p>\n\n\n<p><strong><span>Empresa investe R$ 140 milh\u00f5es em Patos<\/span><\/strong><\/p>\n<p><span>A empresa japonesa Sumitomo Corporation confirmou um investimento de R$ 140 milh\u00f5es, inteiramente privados, para construir uma unidade de armazenamento e beneficiamento de sementes de soja em Patos de Minas. Os investimentos foram confirmados durante a passagem da comitiva do Governo de Minas pela \u00c1sia. A iniciativa vai gerar 40 empregos diretos. A finaliza\u00e7\u00e3o das obras est\u00e1 prevista para o final deste ano e a expectativa \u00e9 de opera\u00e7\u00e3o integral at\u00e9 o fim de 2026. (Folha Patense)<\/span><\/p>\n<p><span><a href=\"https:\/\/www.folhapatense.com.br\/empresa-japonesa-confirma-investimento-de-r-140-milhoes-em-patos-de-minas\">https:\/\/www.folhapatense.com.br\/empresa-japonesa-confirma-investimento-de-r-140-milhoes-em-patos-de-minas<\/a><\/span><\/p>\n<p><span><\/span><\/p>\n\n<p><strong><span>Patrocinense faz fila para casas<\/span><\/strong><\/p>\n<p><span>Patrocinenses com renda de at\u00e9 R$ 2.800 fazem fila kilom\u00e9trica para Cadastro de 294 Moradias. Na manh\u00e3 desta segunda-feira, 23, iniciou-se o cadastro para o Programa Habitacional Viver Bem, destinado a fam\u00edlias com renda de at\u00e9 R$ 2.800,00, que disponibiliza 294 moradias. A rua central entre \u00e0 Prefeitura Municipal\u00a0 e C\u00e2mara Municipal foi interditada para ve\u00edculos devido \u00e0 enorme fila de patrocinenses que buscam conquistar o sonho da casa pr\u00f3pria. a demanda reprimida ao longo dos anos, mostra a necessidade de familias em busca do sonho da casa pr\u00f3pria. (Jornal de Patroc\u00ednio)<\/span><\/p>\n<p><span><a href=\"https:\/\/www.jornaldepatrocinio.com\/fila-de-patrocinenses-sinaliza-a-demanda-reprimida-por-casas-propria\">https:\/\/www.jornaldepatrocinio.com\/fila-de-patrocinenses-sinaliza-a-demanda-reprimida-por-casas-propria<\/a><\/span><\/p>\n<p><span><\/span><\/p>\n\n<p><strong><span>Festival Sabor de Bar come\u00e7a em SL<\/span><\/strong><\/p>\n<p><span>Desde o dia 20 de junho, Sete Lagoas volta a ser palco de um dos eventos gastron\u00f4micos mais aguardados do ano: o Festival Sabor de Bar 2025. Ap\u00f3s quase uma d\u00e9cada sem edi\u00e7\u00f5es, o festival retorna em um novo formato, mais moderno, din\u00e2mico e conectado ao p\u00fablico. Este ano, 11 bares participam da competi\u00e7\u00e3o, cada um apresentando um prato exclusivo criado especialmente para o evento. As tradicionais caravanas do Sabor de Bar come\u00e7am a circular pela cidade no dia 26 de junho, levando o p\u00fablico para experimentar os pratos nos estabelecimentos participantes. (Sete Dias \u2013 Sete Lagoas)<\/span><\/p>\n<p><span><a href=\"https:\/\/www.setedias.com.br\/chegou-a-hora-festival-sabor-de-bar-comeca-nesta-sexta-feira\/\">https:\/\/www.setedias.com.br\/chegou-a-hora-festival-sabor-de-bar-comeca-nesta-sexta-feira\/<\/a><\/span><\/p>\n<p><span><\/span><\/p>\n\n<p><strong><span>Norte recebe R$ 1,5 bi em obras<\/span><\/strong><\/p>\n<p><span>O Governo de Minas est\u00e1 investindo quase R$ 1,5 bilh\u00e3o em obras rodovi\u00e1rias do Norte do estado, por meio do Departamento de Estradas de Rodagem de Minas Gerais (DER-MG), dentro do programa Caminhos pra Avan\u00e7ar, que tem direcionado recursos para melhorar a qualidade e a extens\u00e3o da malha vi\u00e1ria na regi\u00e3o, acabando com gargalos hist\u00f3ricos. S\u00e3o 20 obras de recupera\u00e7\u00e3o e implanta\u00e7\u00e3o de mais de 860 quil\u00f4metros de vias, constru\u00e7\u00e3o de pontes e travessias aguardadas h\u00e1 d\u00e9cadas, e na manuten\u00e7\u00e3o e conserva\u00e7\u00e3o de mais de 5 mil quil\u00f4metros de rodovias. (Gazeta Norte Mineira \u2013 Montes Claros)<\/span><\/p>\n<p><span><a href=\"https:\/\/gazetanm.com.br\/governo-de-minas-destina-cerca-de-r-15-bilhao-para-melhorar-infraestrutura-e-ajudar-economia-do-norte-do-estado\/\">https:\/\/gazetanm.com.br\/governo-de-minas-destina-cerca-de-r-15-bilhao-para-melhorar-infraestrutura-e-ajudar-economia-do-norte-do-estado\/<\/a><\/span><\/p>\n<p><span><\/span><\/p>\n\n<p><strong><span>Tim\u00f3teo se mobiliza por contorno<\/span><\/strong><\/p>\n<p><span>Na semana passada, o Movimento Pr\u00f3 Contorno Vi\u00e1rio de Tim\u00f3teo participou de uma reuni\u00e3o com a dire\u00e7\u00e3o e equipe t\u00e9cnica do Departamento de Edifica\u00e7\u00f5es e Estradas de Rodagem de Minas Gerais (DER-MG), na Cidade Administrativa, em Belo Horizonte. O objetivo do encontro foi discutir o futuro da obra do Contorno Vi\u00e1rio da LMG-760, considerada estrat\u00e9gica para a mobilidade na regi\u00e3o. A reuni\u00e3o contou com a presen\u00e7a dos prefeitos Vitor Prado (Tim\u00f3teo), Hamilton Lima (Marli\u00e9ria), M\u00e1rcio Lima (Jaguara\u00e7u), Ailton da Caixa (Goiabal) e Marciny Oliveira (Dion\u00edsio), al\u00e9m de vereadores de diversas cidades, entre eles Herm\u00ednio Bernardo (Ipatinga) e Lalado, presidente da C\u00e2mara de Jaguara\u00e7u. (Jornal Classivale)<\/span><\/p>\n<p><span><a href=\"https:\/\/jornalclassivale.com.br\/noticia\/4468\/contorno-viario-de-timoteo-volta-a-ganhar-forca-e-pode-ter-obra-iniciada-em-2026\">https:\/\/jornalclassivale.com.br\/noticia\/4468\/contorno-viario-de-timoteo-volta-a-ganhar-forca-e-pode-ter-obra-iniciada-em-2026<\/a><\/span><\/p>\n<p><span><\/span><\/p>\n\n<p><strong><span>Caf\u00e9 estimula balan\u00e7a de Caratinga<\/span><\/strong><\/p>\n<p><span>O mercado cafeeiro atravessa um momento considerado hist\u00f3rico por produtores e exportadores da regi\u00e3o de Caratinga. Entre janeiro e maio de 2025, o munic\u00edpio registrou aumento significativo no faturamento com exporta\u00e7\u00f5es de caf\u00e9, impulsionado por um cen\u00e1rio internacional de alta demanda e pre\u00e7os recordes da commodity. Caratinga encerrou os cinco primeiros meses de 2025 com uma balan\u00e7a comercial extremamente favor\u00e1vel para o caf\u00e9. O munic\u00edpio exportou US$ 100,1 milh\u00f5es. As importa\u00e7\u00f5es somaram US$ 542 mil, resultando em um super\u00e1vit comercial de US$ 99,56 milh\u00f5es. (Di\u00e1rio de Caratinga)<\/span><\/p>\n<p><span><a href=\"https:\/\/diariodecaratinga.com.br\/alta-historica-no-preco-do-cafe-impulsiona-exportacoes-de-caratinga-em-2025\/\">https:\/\/diariodecaratinga.com.br\/alta-historica-no-preco-do-cafe-impulsiona-exportacoes-de-caratinga-em-2025\/<\/a><\/span><\/p>\n<p><span><\/span><\/p>\n\n<p>\u00a0<\/p>","protected":false},"excerpt":{"rendered":"<p>Foto: Alu\u00edsio Eduardo \/ Digital MG COLUNA MG Principais destaques dos jornais e portais integrantes da rede Sindijori MG\u00a0 www.sindijorimg.com.br Empresa investe R$ 140 milh\u00f5es em Patos A empresa japonesa Sumitomo Corporation confirmou um investimento de R$ 140 milh\u00f5es, inteiramente privados, para construir uma unidade de armazenamento e beneficiamento de sementes de soja em Patos [&hellip;]<\/p>\n","protected":false},"author":0,"featured_media":30316,"comment_status":"open","ping_status":"open","sticky":false,"template":"","format":"standard","meta":{"rop_custom_images_group":[],"rop_custom_messages_group":[],"rop_publish_now":"initial","rop_publish_now_accounts":[],"rop_publish_now_history":[],"rop_publish_now_status":"pending","footnotes":""},"categories":[6745],"tags":[],"class_list":["post-30315","post","type-post","status-publish","format-standard","has-post-thumbnail","hentry","category-coluna-sindijori"],"_links":{"self":[{"href":"https:\/\/diariotribuna.com.br\/index.php?rest_route=\/wp\/v2\/posts\/30315"}],"collection":[{"href":"https:\/\/diariotribuna.com.br\/index.php?rest_route=\/wp\/v2\/posts"}],"about":[{"href":"https:\/\/diariotribuna.com.br\/index.php?rest_route=\/wp\/v2\/types\/post"}],"replies":[{"embeddable":true,"href":"https:\/\/diariotribuna.com.br\/index.php?rest_route=%2Fwp%2Fv2%2Fcomments&post=30315"}],"version-history":[{"count":0,"href":"https:\/\/diariotribuna.com.br\/index.php?rest_route=\/wp\/v2\/posts\/30315\/revisions"}],"wp:featuredmedia":[{"embeddable":true,"href":"https:\/\/diariotribuna.com.br\/index.php?rest_route=\/wp\/v2\/media\/30316"}],"wp:attachment":[{"href":"https:\/\/diariotribuna.com.br\/index.php?rest_route=%2Fwp%2Fv2%2Fmedia&parent=30315"}],"wp:term":[{"taxonomy":"category","embeddable":true,"href":"https:\/\/diariotribuna.com.br\/index.php?rest_route=%2Fwp%2Fv2%2Fcategories&post=30315"},{"taxonomy":"post_tag","embeddable":true,"href":"https:\/\/diariotribuna.com.br\/index.php?rest_route=%2Fwp%2Fv2%2Ftags&post=30315"}],"curies":[{"name":"wp","href":"https:\/\/api.w.org\/{rel}","templated":true}]}}